{"id":40928,"date":"2025-12-24T05:15:42","date_gmt":"2025-12-24T04:15:42","guid":{"rendered":"https:\/\/www.iceagetv.com\/radiosite\/?p=40928"},"modified":"2025-12-24T05:15:45","modified_gmt":"2025-12-24T04:15:45","slug":"la-population-des-jeunes-est-la-plus-concernee-1-francais-sur-4-ressent-de-la-solitude-pendant-les-fetes-de-noel","status":"publish","type":"post","link":"https:\/\/www.iceagetv.com\/radiosite\/la-population-des-jeunes-est-la-plus-concernee-1-francais-sur-4-ressent-de-la-solitude-pendant-les-fetes-de-noel\/","title":{"rendered":"La population des jeunes est la plus concern\u00e9e\u00a0\u00bb : 1 Fran\u00e7ais sur 4 ressent de la solitude pendant les f\u00eates de No\u00ebl"},"content":{"rendered":"\n<p class=\"\">Arnaud Goulliart, d\u00e9l\u00e9gu\u00e9 g\u00e9n\u00e9ral de la F\u00e9d\u00e9ration fran\u00e7aise pour les liens sociaux, a d\u00e9crit, sur RTL ce mardi 23 d\u00e9cembre, la solitude comme une \u00ab\u00a0perception, un \u00e9cart entre les relations souhait\u00e9es et celles que l&rsquo;on a\u00a0\u00bb. Il a pr\u00e9cis\u00e9 que ce n&rsquo;est \u00ab\u00a0pas n\u00e9cessairement li\u00e9 \u00e0 un manque de connexion sociale\u00a0\u00bb, mais plut\u00f4t \u00e0 une \u00ab\u00a0perception subjective\u00a0\u00bb.Ce sentiment est exacerb\u00e9 pendant les f\u00eates de fin d&rsquo;ann\u00e9e, car \u00ab\u00a0c&rsquo;est une p\u00e9riode particuli\u00e8re de comparaison et d&rsquo;id\u00e9alisation des liens\u00a0\u00bb. L&rsquo;expert a soulign\u00e9 que \u00ab\u00a0certaines personnes seront physiquement seules et ressentiront fortement cette solitude, tandis que d&rsquo;autres, entour\u00e9es de proches, \u00e9prouveront \u00e9galement ce sentiment\u00a0\u00bbSelon le d\u00e9l\u00e9gu\u00e9 g\u00e9n\u00e9ral, \u00ab\u00a0entre 10 et 15% des personnes\u00a0\u00bb passent les f\u00eates seules, et 1 Fran\u00e7ais sur 4 ressent la solitude, m\u00eame lors de moments de grande convivialit\u00e9. \u00ab\u00a0La solitude peut se ressentir m\u00eame en \u00e9tant entour\u00e9\u00a0\u00bb, a affirm\u00e9 le sp\u00e9cialiste, ajoutant que \u00ab\u00a0nous avons tous exp\u00e9riment\u00e9 des moments o\u00f9 le lien social ne nous satisfait pas pleinement\u00a0\u00bb.<\/p>\n\n\n\n<p class=\"\"><\/p>\n","protected":false},"excerpt":{"rendered":"<p>Arnaud Goulliart, d\u00e9l\u00e9gu\u00e9 g\u00e9n\u00e9ral de la F\u00e9d\u00e9ration fran\u00e7aise pour les liens sociaux, a d\u00e9crit, sur RTL ce mardi 23 d\u00e9cembre, la solitude comme une \u00ab\u00a0perception, un \u00e9cart entre les relations souhait\u00e9es et celles que l&rsquo;on a\u00a0\u00bb. Il a pr\u00e9cis\u00e9 que ce n&rsquo;est \u00ab\u00a0pas n\u00e9cessairement li\u00e9 \u00e0 un manque de connexion sociale\u00a0\u00bb, mais plut\u00f4t \u00e0 une [&hellip;]<\/p>\n","protected":false},"author":2,"featured_media":40929,"comment_status":"open","ping_status":"open","sticky":false,"template":"","format":"standard","meta":{"_jetpack_memberships_contains_paid_content":false,"footnotes":"","jetpack_publicize_message":"","jetpack_publicize_feature_enabled":true,"jetpack_social_post_already_shared":true,"jetpack_social_options":{"image_generator_settings":{"template":"highway","default_image_id":0,"font":"","enabled":false},"version":2},"_wpas_customize_per_network":false},"categories":[405],"tags":[],"class_list":["post-40928","post","type-post","status-publish","format-standard","has-post-thumbnail","hentry","category-actu-france-monde"],"jetpack_publicize_connections":[],"jetpack_featured_media_url":"https:\/\/i0.wp.com\/www.iceagetv.com\/radiosite\/wp-content\/uploads\/2025\/12\/1780736-une-adolescente-sur-son-telephone-portable-photo-d-illustration.jpg?fit=1540%2C1026&ssl=1","jetpack_sharing_enabled":true,"_links":{"self":[{"href":"https:\/\/www.iceagetv.com\/radiosite\/wp-json\/wp\/v2\/posts\/40928","targetHints":{"allow":["GET"]}}],"collection":[{"href":"https:\/\/www.iceagetv.com\/radiosite\/wp-json\/wp\/v2\/posts"}],"about":[{"href":"https:\/\/www.iceagetv.com\/radiosite\/wp-json\/wp\/v2\/types\/post"}],"author":[{"embeddable":true,"href":"https:\/\/www.iceagetv.com\/radiosite\/wp-json\/wp\/v2\/users\/2"}],"replies":[{"embeddable":true,"href":"https:\/\/www.iceagetv.com\/radiosite\/wp-json\/wp\/v2\/comments?post=40928"}],"version-history":[{"count":1,"href":"https:\/\/www.iceagetv.com\/radiosite\/wp-json\/wp\/v2\/posts\/40928\/revisions"}],"predecessor-version":[{"id":40930,"href":"https:\/\/www.iceagetv.com\/radiosite\/wp-json\/wp\/v2\/posts\/40928\/revisions\/40930"}],"wp:featuredmedia":[{"embeddable":true,"href":"https:\/\/www.iceagetv.com\/radiosite\/wp-json\/wp\/v2\/media\/40929"}],"wp:attachment":[{"href":"https:\/\/www.iceagetv.com\/radiosite\/wp-json\/wp\/v2\/media?parent=40928"}],"wp:term":[{"taxonomy":"category","embeddable":true,"href":"https:\/\/www.iceagetv.com\/radiosite\/wp-json\/wp\/v2\/categories?post=40928"},{"taxonomy":"post_tag","embeddable":true,"href":"https:\/\/www.iceagetv.com\/radiosite\/wp-json\/wp\/v2\/tags?post=40928"}],"curies":[{"name":"wp","href":"https:\/\/api.w.org\/{rel}","templated":true}]}}