{"id":40937,"date":"2025-12-24T10:32:09","date_gmt":"2025-12-24T09:32:09","guid":{"rendered":"https:\/\/www.iceagetv.com\/radiosite\/?p=40937"},"modified":"2025-12-24T10:32:12","modified_gmt":"2025-12-24T09:32:12","slug":"ca-renforce-mon-sentiment-disolement-a-noel-ces-francais-qui-ne-sont-pas-a-la-fete","status":"publish","type":"post","link":"https:\/\/www.iceagetv.com\/radiosite\/ca-renforce-mon-sentiment-disolement-a-noel-ces-francais-qui-ne-sont-pas-a-la-fete\/","title":{"rendered":"\u00c7a renforce mon sentiment d&rsquo;isolement\u00a0\u00bb\u00a0: \u00e0 No\u00ebl, ces Fran\u00e7ais qui ne sont pas \u00e0 la f\u00eate"},"content":{"rendered":"\n<p class=\"\">Un Fran\u00e7ais sur trois se dit angoiss\u00e9 \u00e0 l&rsquo;approche des f\u00eates de fin d&rsquo;ann\u00e9e. Sentiment de solitude, stress de l&rsquo;organisation, appr\u00e9hension des retrouvailles de famille autour de repas trop copieux&#8230; De nombreuses personnes expliquent \u00e0 franceinfo pourquoi ils n&rsquo;aiment pas No\u00ebl.<\/p>\n\n\n\n<p class=\"\">Pour Emilie, l&rsquo;angoisse s&rsquo;installe doucement. Les illuminations dans les rues, les catalogues de jouets, les calendriers de l&rsquo;Avent&#8230; Il est tr\u00e8s difficile d&rsquo;\u00e9chapper \u00e0&nbsp;<a href=\"https:\/\/www.franceinfo.fr\/decouverte\/noel\/noel-decorations-buches-le-rush-a-debute-dans-certaines-enseignes-specialisees_7616618.html\">l&rsquo;ambiance de No\u00ebl<\/a>&nbsp;\u00e0 l&rsquo;approche du r\u00e9veillon.&nbsp;<em>\u00ab\u00a0Chaque ann\u00e9e, \u00e7a commence crescendo \u00e0 me hanter \u00e0 partir&nbsp;<\/em><a href=\"https:\/\/www.franceinfo.fr\/replay-jt\/france-2\/8-heures\/fetes-de-fin-d-annee-la-magie-de-noel-prend-de-l-avance_7621919.html\"><em>de la mi-novembre<\/em><\/a><em>\u00ab\u00a0,&nbsp;<\/em>explique cette professeure d&rsquo;histoire-g\u00e9ographie de 40&nbsp;ans.<em>&nbsp;\u00ab\u00a0J&rsquo;ai envie de me mettre au fond d&rsquo;un trou et d&rsquo;attendre que \u00e7a passe.\u00a0\u00bb&nbsp;<\/em>Comme elle, un Fran\u00e7ais sur trois regarde le mois de d\u00e9cembre arriver avec appr\u00e9hension, selon un&nbsp;<a href=\"https:\/\/www.linkedin.com\/posts\/qare-fr_tous-natalophobes-un-fran%C3%A7ais-activity-7140596222678966275-S5Kn\/?originalSubdomain=fr\" target=\"_blank\" rel=\"noreferrer noopener\">sondage Ipsos(Nouvelle fen\u00eatre)<\/a>&nbsp;pour l&rsquo;entreprise Qare r\u00e9alis\u00e9 en 2022. Retrouvailles familiales subies, stress de l&rsquo;organisation ou sentiment de solitude exacerb\u00e9&#8230; Ils sont nombreux \u00e0 se sentir plus proches&nbsp;<a href=\"https:\/\/www.francebleu.fr\/emissions\/les-balades-a-paris\/107-1\/le-noel-du-grinch-au-stade-de-france\" target=\"_blank\" rel=\"noreferrer noopener\">du Grinch(Nouvelle fen\u00eatre)<\/a>&nbsp;que du p\u00e8re No\u00ebl. Et il existe autant de raisons de d\u00e9tester No\u00ebl que de boules sur&nbsp;<a href=\"https:\/\/france3-regions.franceinfo.fr\/grand-est\/video-les-tendances-deco-du-sapin-pour-un-noel-authentique-et-ecologique-2889245.html\" target=\"_blank\" rel=\"noreferrer noopener\">un sapin bien d\u00e9cor\u00e9(Nouvelle fen\u00eatre)<\/a>.<\/p>\n\n\n\n<p class=\"\">Emilie se confronte tous les ans \u00e0 ses traumatismes. Son fr\u00e8re s&rsquo;est suicid\u00e9 une fin de mois de novembre, il y a vingt-quatre ans.&nbsp;<em>\u00ab\u00a0Maman ne l&rsquo;a pas support\u00e9 et a d\u00e9velopp\u00e9 un cancer<\/em>, confie-t-elle.<em>&nbsp;Elle est morte il y a 17&nbsp;ans, \u00e0 la mi-octobre.\u00a0\u00bb<\/em>&nbsp;Pour l&rsquo;enseignante, qui vit en banlieue parisienne, impossible d\u00e9sormais de c\u00e9l\u00e9brer cette f\u00eate familiale.&nbsp;<em>\u00ab\u00a0L&rsquo;an dernier, j&rsquo;ai fait une d\u00e9pression les 15&nbsp;jours de No\u00ebl. Je n&rsquo;arrivais plus \u00e0 rien faire.\u00a0\u00bb&nbsp;<\/em>Des amis tentent bien de lui changer les id\u00e9es, de l&rsquo;inviter, mais&nbsp;<em>\u00ab\u00a0voir une autre famille r\u00e9veille des choses, c&rsquo;est vraiment tr\u00e8s douloureux\u00a0\u00bb<\/em>.<\/p>\n\n\n\n<blockquote class=\"wp-block-quote is-layout-flow wp-block-quote-is-layout-flow\">\n<p class=\"\">\u00ab\u00a0Le simple fait de c\u00f4toyer les autres est difficile. Il y a une injonction \u00e0 \u00eatre heureux pendant cette p\u00e9riode, mais moi, je n&rsquo;arrive pas \u00e0 faire semblant.\u00a0\u00bbEmilie<\/p>\n\n\n\n<p class=\"\">\u00e0 franceinfo<\/p>\n<\/blockquote>\n\n\n\n<p class=\"\">Un quart des Fran\u00e7ais n&rsquo;a pas l&rsquo;intention de f\u00eater No\u00ebl, selon un sondage YouGov pour le magazine&nbsp;<a href=\"https:\/\/www.lsa-conso.fr\/noel-2025-quel-est-l-etat-d-esprit-et-les-intentions-d-achat-des-francais-sondage-exclusif,462550\" target=\"_blank\" rel=\"noreferrer noopener\">LSA(Nouvelle fen\u00eatre)<\/a>. B\u00e9atrice, ing\u00e9nieure informatique de 58&nbsp;ans, en fait partie. Cette Bretonne d&rsquo;adoption pr\u00e9voit une soir\u00e9e&nbsp;<em>\u00ab\u00a0comme une autre\u00a0\u00bb<\/em>, entour\u00e9e de son chien et de ses neuf chats.&nbsp;<em>\u00ab\u00a0Je suis solitaire de base, donc \u00e7a ne me d\u00e9range pas\u00a0\u00bb<\/em>, souffle cette c\u00e9libataire en situation de handicap. Elle aura une pens\u00e9e pour la cr\u00e8che de son enfance, pour le santon de Provence qu&rsquo;elle allait acheter chaque ann\u00e9e en famille.&nbsp;<em>\u00ab\u00a0Mais la mort de mon p\u00e8re, \u00e7a a marqu\u00e9 la fin de No\u00ebl\u00a0\u00bb<\/em>, explique-t-elle. B\u00e9atrice avait alors 23&nbsp;ans et son p\u00e8re 56.<em>&nbsp;\u00ab\u00a0Cette f\u00eate, c&rsquo;est d\u00e9sormais un mauvais souvenir de mon enfance.\u00a0\u00bb<\/em><\/p>\n\n\n\n<h2 class=\"wp-block-heading\">\u00ab\u00a0On a l&rsquo;impression de ne pas exister\u00a0\u00bb<\/h2>\n\n\n\n<p class=\"\">Fred* ne voit plus sa famille depuis plusieurs ann\u00e9es, en raison d&rsquo;un p\u00e8re<em>&nbsp;\u00ab\u00a0violent\u00a0\u00bb<\/em>,<em>&nbsp;<\/em>et se retrouve seul chaque 24&nbsp;d\u00e9cembre.<em>&nbsp;\u00ab\u00a0\u00c0 partir de fin octobre, l&rsquo;anxi\u00e9t\u00e9 va crescendo. No\u00ebl renforce mon sentiment d&rsquo;isolement et de solitude\u00a0\u00bb<\/em>, explique cet aide-soignant de 41&nbsp;ans qui habite d\u00e9sormais Paris.<em>&nbsp;\u00ab\u00a0C&rsquo;est exacerb\u00e9 par l&rsquo;effervescence g\u00e9n\u00e9rale avec les publicit\u00e9s, la foule dans les commerces, l&rsquo;envahissement des t\u00e9l\u00e9films de No\u00ebl \u00e0 la t\u00e9l\u00e9vision. Le froid et le manque de luminosit\u00e9 n&rsquo;arrangent rien.\u00a0\u00bb&nbsp;<\/em>En g\u00e9n\u00e9ral, il se d\u00e9brouille pour travailler le jour de No\u00ebl et tente de faire comme s&rsquo;il s&rsquo;agissait d&rsquo;un jour comme les autres, m\u00eame s&rsquo;il est difficile d&rsquo;\u00e9chapper \u00e0 l&rsquo;effervescence.<\/p>\n\n\n\n<blockquote class=\"wp-block-quote is-layout-flow wp-block-quote-is-layout-flow\">\n<p class=\"\">\u00ab\u00a0Je ne pleure jamais, mais \u00e7a peut arriver les 24 et 25 d\u00e9cembre.\u00a0\u00bbFred<\/p>\n\n\n\n<p class=\"\">\u00e0 franceinfo<\/p>\n<\/blockquote>\n\n\n\n<p class=\"\">L&rsquo;isolement d&rsquo;une partie des Fran\u00e7ais a toujours emp\u00each\u00e9 Jean-Emmanuel de se r\u00e9jouir pendant les f\u00eates.&nbsp;<em>\u00ab\u00a0No\u00ebl est un amplificateur des carences, les personnes seules ou malades sont encore plus seules, les personnes pauvres tentent de faire comme les riches&#8230;\u00a0\u00bb<\/em>, estime-t-il. Ce Parisien de 43&nbsp;ans s&rsquo;en est d&rsquo;autant plus rendu compte quand il a f\u00eat\u00e9 le r\u00e9veillon \u00e0 l&rsquo;h\u00f4pital, avec sa s\u0153ur atteinte d&rsquo;un cancer du poumon m\u00e9tastas\u00e9.&nbsp;<em>\u00ab\u00a0Paradoxalement, c&rsquo;est l&rsquo;un de mes meilleurs No\u00ebl. On savait que c&rsquo;\u00e9tait l&rsquo;un des derniers de ma s\u0153ur, et finalement le sens, il est l\u00e0&nbsp;: \u00eatre ensemble\u00a0\u00bb<\/em>, t\u00e9moigne-t-il. Jusque-l\u00e0, il esquivait le r\u00e9veillon familial en se r\u00e9fugiant derri\u00e8re ses engagements associatifs aupr\u00e8s des plus d\u00e9munis, mais depuis le d\u00e9c\u00e8s de sa s\u0153ur, il fait un effort pour ses parents.<\/p>\n\n\n\n<p class=\"\">No\u00ebl est devenu au fil des d\u00e9cennies une f\u00eate familiale d\u00e9sacralis\u00e9e pour beaucoup de Fran\u00e7ais, mais il reste une&nbsp;<a href=\"https:\/\/www.radiofrance.fr\/franceinter\/podcasts\/faut-il-y-croire\/noel-est-ce-l-anniversaire-de-la-naissance-de-jesus-1806143\" target=\"_blank\" rel=\"noreferrer noopener\">dimension religieuse pour les chr\u00e9tiens(Nouvelle fen\u00eatre)<\/a>&nbsp;qui c\u00e9l\u00e8brent la naissance de J\u00e9sus. Pour cette raison, Micha\u00ebl, un Parisien de 36&nbsp;ans de confession juive, ressent un d\u00e9calage depuis l&rsquo;adolescence en raison de sa religion.&nbsp;<em>\u00ab\u00a0Tu regardes les JT, tu as plein de sujets sur No\u00ebl tout le mois de d\u00e9cembre et je me sens exclu de la f\u00eate,&nbsp;<\/em>explique-t-il.&nbsp;<em>Je ne me sens pas bien pendant cette p\u00e9riode. Le 24&nbsp;d\u00e9cembre, je me demande toujours ce que je vais faire. Tout le monde est en famille et je ne me sens pas dans l&rsquo;ambiance, comme rejet\u00e9 par mon pays. On a l&rsquo;impression de ne pas exister, il y a un d\u00e9ni concernant les gens qui ne f\u00eatent pas No\u00ebl.\u00a0\u00bb<\/em><\/p>\n\n\n\n<h2 class=\"wp-block-heading\">Coinc\u00e9s dans des repas de famille interminables<\/h2>\n\n\n\n<p class=\"\">A l&rsquo;inverse des gens isol\u00e9s, certains go\u00fbteraient bien \u00e0 un peu plus de tranquillit\u00e9. Trouver les cadeaux, penser \u00e0 son menu, d\u00e9corer son salon&#8230; No\u00ebl exige de l&rsquo;\u00e9nergie et de l&rsquo;argent.<em>&nbsp;\u00ab\u00a0On gaspille une semaine de cong\u00e9s pour pr\u00e9parer les repas, manger, ranger, remettre les couverts \u00e0 peine sortis de table. R\u00e9sultat&nbsp;: des kilos en trop, de la fatigue et un d\u00e9couvert sur le compte bancaire\u00a0\u00bb<\/em>, commente Magalie, habitante de Toulouse.&nbsp;<em>\u00ab\u00a0C&rsquo;est un stress tous les week-ends d\u00e8s la mi-novembre, avec des magasins pleins \u00e0 craquer et des embouteillages de 20, 25 minutes autour des zones commerciales\u00a0\u00bb<\/em>, ajoute Sophie*. Cette habitante de Saint-Quentin-Fallavier (Is\u00e8re) rentre d&rsquo;autant moins dans la magie de No\u00ebl qu&rsquo;elle projette un r\u00e9veillon tout simple&nbsp;:&nbsp;<em>\u00ab\u00a0Ce n&rsquo;est pas la grosse f\u00eate, juste un week-end comme un autre, avec un repas de famille, rien d&rsquo;exceptionnel.\u00a0\u00bb<\/em><\/p>\n\n\n\n<p class=\"\">Jaissy* r\u00eaverait d&rsquo;\u00e9viter la grosse tabl\u00e9e familiale avec les oncles, les tantes et les grands-parents. Car ce metteur en sc\u00e8ne et com\u00e9dien a parfois l&rsquo;impression de se retrouver coinc\u00e9 dans une mauvaise pi\u00e8ce de th\u00e9\u00e2tre<em>. \u00ab\u00a0C&rsquo;est une p\u00e9riode d&rsquo;hypocrisie o\u00f9 il faut \u00eatre proche d&rsquo;une famille que l&rsquo;on n&rsquo;a pas choisie. On fait semblant pour la photo de famille annuelle impos\u00e9e par ma grand-m\u00e8re. Et c&rsquo;est insupportable\u00a0\u00bb<\/em>, d\u00e9plore ce Nantais de 33&nbsp;ans.&nbsp;<em>\u00ab\u00a0Cette forme d&rsquo;hypocrisie se met en place pour tout le repas. Personne ne parle vraiment de rien. Les trois sujets principaux de la conversation, ce sont&nbsp;: &lsquo;Tu fais quoi en ce moment<\/em>&nbsp;<em>?&rsquo;, la m\u00e9t\u00e9o et &lsquo;Ils font n&rsquo;importe quoi \u00e0 l&rsquo;Assembl\u00e9e nationale&rsquo;.&nbsp;<\/em><em>On ne parle jamais de la vie, de choses profondes.\u00a0\u00bb<\/em><\/p>\n\n\n\n<p class=\"\">Depuis le divorce avec son ex-mari, il se retrouve aussi \u00e0 affronter les regards r\u00e9probateurs de sa famille \u00e9largie.&nbsp;<em>\u00ab\u00a0Je vois dans les yeux de mes oncles et tantes qu&rsquo;ils m&rsquo;imaginent avec une vie totalement dissolue, \u00e0 faire la f\u00eate toute la nuit et fumer des joints \u00e0 Notre-Dame-des-Landes.\u00a0\u00bb<\/em><\/p>\n\n\n\n<blockquote class=\"wp-block-quote is-layout-flow wp-block-quote-is-layout-flow\">\n<p class=\"\">\u00ab\u00a0\u00c7a me saoule de devoir \u00eatre l\u00e0, de poser dans un personnage lisse qui n&rsquo;est pas le mien.\u00a0\u00bbJaissy<\/p>\n\n\n\n<p class=\"\">\u00e0 franceinfo<\/p>\n<\/blockquote>\n\n\n\n<p class=\"\">Certains r\u00e9veillons ressemblent un peu trop au&nbsp;<a href=\"https:\/\/www.franceinfo.fr\/culture\/spectacles\/theatre\/festen-les-secrets-et-tourments-d-039-une-famille-adaptes-au-theatre_3349781.html\">film&nbsp;<em>Festen<\/em><\/a>&nbsp;ou \u00e0 la chanson&nbsp;<a href=\"https:\/\/www.youtube.com\/watch?v=wRQEfN8PGYI\" target=\"_blank\" rel=\"noreferrer noopener\"><em>D\u00e9faite de famille<\/em>(Nouvelle fen\u00eatre)<\/a>&nbsp;d&rsquo;Orelsan. C\u00e9line*, 57&nbsp;ans, souffre de plus en plus de cette ambiance de famille&nbsp;<em>\u00ab\u00a0un peu lourde\u00a0\u00bb. \u00ab\u00a0Chaque ann\u00e9e, \u00e7a commence \u00e0 s&rsquo;organiser d\u00e8s la fin ao\u00fbt, et \u00e7a m&rsquo;angoisse\u00a0\u00bb<\/em>, explique-t-elle.&nbsp;<em>\u00ab\u00a0Avec mes cousins, on avait des souvenirs en commun, mais avec les ann\u00e9es, chacun avance avec ses diff\u00e9rences et les tensions ressortent.\u00a0\u00bb&nbsp;<\/em>L&rsquo;an dernier,&nbsp;<em>\u00ab\u00a0\u00e7a a clash\u00e9\u00a0\u00bb<\/em>, notamment autour de divergences politiques. La Lyonnaise a donc opt\u00e9 cette ann\u00e9e pour un cercle restreint afin d&rsquo;\u00e9viter les agapes de 30&nbsp;personnes.<em>&nbsp;\u00ab\u00a0Cela m&rsquo;enl\u00e8ve un poids&nbsp;! Au-del\u00e0 de la logistique, on se dit&nbsp;: &lsquo;Untel ne va pas nous saouler avec ses discussions\u00a0\u00bb&lsquo;<\/em>, admet-elle.<\/p>\n\n\n\n<h2 class=\"wp-block-heading\">\u00ab\u00a0Un d\u00e9lire consum\u00e9riste\u00a0\u00bb<\/h2>\n\n\n\n<p class=\"\">De son c\u00f4t\u00e9, Lucas est \u00e9puis\u00e9 par avance \u00e0 l&rsquo;id\u00e9e de devoir rester des heures \u00e0 table devant des plats de foie gras, de saumon fum\u00e9 et de dinde farcie aux marrons.&nbsp;<em>\u00ab\u00a0No\u00ebl, c&rsquo;est devenu un marathon de repas, chez les beaux-parents, les parents divorc\u00e9s&#8230; On se fait au moins quatre ou cinq repas qui peuvent s&rsquo;encha\u00eener, alors que j&rsquo;aimerais bien me reposer pendant cette p\u00e9riode\u00a0\u00bb<\/em>, t\u00e9moigne cet habitant d&rsquo;Angoul\u00eame (Charente).<\/p>\n\n\n\n<p class=\"\">En raison de sa sant\u00e9, Jonathan* met plusieurs jours \u00e0 se remettre de la p\u00e9riode des f\u00eates.&nbsp;<em>\u00ab\u00a0Les parents de ma femme sont s\u00e9par\u00e9s, donc on se retrouve avec trois repas par No\u00ebl en deux jours, ce qui est tr\u00e8s fatigant. D&rsquo;autant que je suis handicap\u00e9<\/em>, raconte ce compositeur de musique de jeux vid\u00e9o qui habite au Mans (Sarthe).&nbsp;<em>On veut essayer de faire plaisir \u00e0 tout le monde, mais c&rsquo;est toujours la guerre pour d\u00e9cider chez qui on le fait.\u00a0\u00bb<\/em><\/p>\n\n\n\n<p class=\"\">Julie* rencontre les m\u00eames difficult\u00e9s.&nbsp;<em>\u00ab\u00a0Dans ma belle-famille, il y a un fr\u00e8re et une s\u0153ur qui ne veulent absolument plus se parler. Donc pour qu&rsquo;ils ne se croisent pas, on doit faire deux No\u00ebl suppl\u00e9mentaires\u00a0\u00bb<\/em>, regrette-t-elle. Par ailleurs, comme de nombreuses personnes ayant r\u00e9pondu \u00e0&nbsp;<a href=\"https:\/\/www.franceinfo.fr\/decouverte\/noel\/appel-a-temoignages-vous-n-aimez-pas-noel-expliquez-nous-pourquoi_7599470.html\">l&rsquo;appel \u00e0 t\u00e9moignages<\/a>&nbsp;de franceinfo, cette m\u00e8re de famille nantaise de 33&nbsp;ans d\u00e9plore le consum\u00e9risme qui entoure les f\u00eates de fin d&rsquo;ann\u00e9e.&nbsp;<em>\u00ab\u00a0On est quand m\u00eame sensibilis\u00e9s \u00e0 la surconsommation, du coup j&rsquo;ai eu envie d&rsquo;inculquer \u00e7a \u00e0 ma fille en lui disant que le p\u00e8re No\u00ebl n&rsquo;apportait qu&rsquo;un seul cadeau et qu&rsquo;il fallait choisir. Mais elle s&rsquo;est retrouv\u00e9e recouverte de cadeaux, a m&rsquo;a vraiment fait penser \u00e0 Dudley dans Harry Potter.\u00a0\u00bb<\/em><\/p>\n\n\n\n<blockquote class=\"wp-block-quote is-layout-flow wp-block-quote-is-layout-flow\">\n<p class=\"\">\u00ab\u00a0C\u2019est g\u00eanant, 90% des cadeaux ne servent \u00e0 rien et je dois les \u00e9changer.\u00a0\u00bbJulie<\/p>\n\n\n\n<p class=\"\">\u00e0 franceinfo<\/p>\n<\/blockquote>\n\n\n\n<p class=\"\"><em>\u00ab\u00a0No\u00ebl est une f\u00eate purement commerciale, un d\u00e9lire consum\u00e9riste\u00a0\u00bb<\/em>, encha\u00eene St\u00e9phane, 54&nbsp;ans.&nbsp;<em>\u00ab\u00a0Quand je vois d\u00e9but novembre les premi\u00e8res d\u00e9corations, les gondoles \u00e0 n&rsquo;en plus finir dans les magasins avec les chocolats et les jouets&#8230; \u00c7a m&rsquo;affole au moment o\u00f9 on parle de r\u00e9chauffement climatique\u00a0\u00bb<\/em>, peste ce fonctionnaire de Dordogne. Et l&rsquo;environnement peut vite devenir un sujet de d\u00e9bats \u00e0 table, arriv\u00e9 au moment de d\u00e9couper le chapon.<\/p>\n\n\n\n<p class=\"\"><em>\u00ab\u00a0Avec ma femme, on est devenus v\u00e9g\u00e9tariens, mais c&rsquo;est une source d&rsquo;incompr\u00e9hension dans nos familles. C&rsquo;est un peu pris pour une lubie\u00a0\u00bb<\/em>, explique S\u00e9bastien, habitant de l&rsquo;Essonne.<em>&nbsp;\u00ab\u00a0Dans ma belle-famille, c&rsquo;est inconcevable de faire un repas de No\u00ebl sans pintade ou foie gras<\/em>, ajoute Julie.&nbsp;<em>Donc, avec mon mari, on doit se contenter des accompagnements. L&rsquo;an dernier, j&rsquo;\u00e9tais un peu d\u00e9\u00e7ue de manger juste des patates et des petits pois. Et de me sentir un peu \u00e0 part.\u00a0\u00bb<\/em><\/p>\n","protected":false},"excerpt":{"rendered":"<p>Un Fran\u00e7ais sur trois se dit angoiss\u00e9 \u00e0 l&rsquo;approche des f\u00eates de fin d&rsquo;ann\u00e9e. Sentiment de solitude, stress de l&rsquo;organisation, appr\u00e9hension des retrouvailles de famille autour de repas trop copieux&#8230; De nombreuses personnes expliquent \u00e0 franceinfo pourquoi ils n&rsquo;aiment pas No\u00ebl. Pour Emilie, l&rsquo;angoisse s&rsquo;installe doucement. Les illuminations dans les rues, les catalogues de jouets, [&hellip;]<\/p>\n","protected":false},"author":2,"featured_media":40938,"comment_status":"open","ping_status":"open","sticky":false,"template":"","format":"standard","meta":{"_jetpack_memberships_contains_paid_content":false,"footnotes":"","jetpack_publicize_message":"","jetpack_publicize_feature_enabled":true,"jetpack_social_post_already_shared":true,"jetpack_social_options":{"image_generator_settings":{"template":"highway","default_image_id":0,"font":"","enabled":false},"version":2},"_wpas_customize_per_network":false},"categories":[405],"tags":[],"class_list":["post-40937","post","type-post","status-publish","format-standard","has-post-thumbnail","hentry","category-actu-france-monde"],"jetpack_publicize_connections":[],"jetpack_featured_media_url":"https:\/\/i0.wp.com\/www.iceagetv.com\/radiosite\/wp-content\/uploads\/2025\/12\/Ca-renforce-mon-sentiment-disolement.jpg?fit=1111%2C634&ssl=1","jetpack_sharing_enabled":true,"_links":{"self":[{"href":"https:\/\/www.iceagetv.com\/radiosite\/wp-json\/wp\/v2\/posts\/40937","targetHints":{"allow":["GET"]}}],"collection":[{"href":"https:\/\/www.iceagetv.com\/radiosite\/wp-json\/wp\/v2\/posts"}],"about":[{"href":"https:\/\/www.iceagetv.com\/radiosite\/wp-json\/wp\/v2\/types\/post"}],"author":[{"embeddable":true,"href":"https:\/\/www.iceagetv.com\/radiosite\/wp-json\/wp\/v2\/users\/2"}],"replies":[{"embeddable":true,"href":"https:\/\/www.iceagetv.com\/radiosite\/wp-json\/wp\/v2\/comments?post=40937"}],"version-history":[{"count":1,"href":"https:\/\/www.iceagetv.com\/radiosite\/wp-json\/wp\/v2\/posts\/40937\/revisions"}],"predecessor-version":[{"id":40939,"href":"https:\/\/www.iceagetv.com\/radiosite\/wp-json\/wp\/v2\/posts\/40937\/revisions\/40939"}],"wp:featuredmedia":[{"embeddable":true,"href":"https:\/\/www.iceagetv.com\/radiosite\/wp-json\/wp\/v2\/media\/40938"}],"wp:attachment":[{"href":"https:\/\/www.iceagetv.com\/radiosite\/wp-json\/wp\/v2\/media?parent=40937"}],"wp:term":[{"taxonomy":"category","embeddable":true,"href":"https:\/\/www.iceagetv.com\/radiosite\/wp-json\/wp\/v2\/categories?post=40937"},{"taxonomy":"post_tag","embeddable":true,"href":"https:\/\/www.iceagetv.com\/radiosite\/wp-json\/wp\/v2\/tags?post=40937"}],"curies":[{"name":"wp","href":"https:\/\/api.w.org\/{rel}","templated":true}]}}