{"id":40946,"date":"2025-12-24T13:02:12","date_gmt":"2025-12-24T12:02:12","guid":{"rendered":"https:\/\/www.iceagetv.com\/radiosite\/?p=40946"},"modified":"2025-12-24T13:02:14","modified_gmt":"2025-12-24T12:02:14","slug":"cest-noel-cest-la-fete-et-il-y-a-des-gens-qui-gachent-tout-victime-de-vols-cette-commune-retire-ses-decorations","status":"publish","type":"post","link":"https:\/\/www.iceagetv.com\/radiosite\/cest-noel-cest-la-fete-et-il-y-a-des-gens-qui-gachent-tout-victime-de-vols-cette-commune-retire-ses-decorations\/","title":{"rendered":"C&rsquo;est No\u00ebl, c&rsquo;est la f\u00eate et il y a des gens qui g\u00e2chent tout\u00a0\u00bb : victime de vols, cette commune retire ses d\u00e9corations"},"content":{"rendered":"\n<p class=\"\"><strong>La commune de Prix-l\u00e8s-M\u00e9zi\u00e8res (Ardennes) a \u00e9t\u00e9 victime de deux vols de d\u00e9corations de No\u00ebl \u00e0 partir du week-end du 20 au 21 d\u00e9cembre. Deux panneaux, repr\u00e9sentant des personnages de f\u00eates, ont \u00e9t\u00e9 d\u00e9rob\u00e9s \u00e0 deux moments diff\u00e9rents. Afin d&rsquo;\u00e9viter que les larcins continuent, le maire de la commune a choisi de retirer les d\u00e9cors restants.<\/strong>Malheureusement, il y a peu de chances que ce soit un coup du Grinch. La commune de Prix-l\u00e8s-M\u00e9zi\u00e8res dans les Ardennes a \u00e9t\u00e9 victime d&rsquo;un vol particulier : les d\u00e9corations pr\u00e9sentes \u00e0 l&rsquo;entr\u00e9e de la commune ont \u00e9t\u00e9 d\u00e9rob\u00e9es entre ce week-end du 20\/21 d\u00e9cembre et le reste de la semaine.<\/p>\n\n\n\n<h2 class=\"wp-block-heading\">700 \u20ac de pr\u00e9judice<\/h2>\n\n\n\n<p class=\"\">Bruno Dedion demeure m\u00e9dus\u00e9 depuis la d\u00e9couverte des vols. Dans l&rsquo;atelier de la commune, il regarde tristement les d\u00e9corations qu&rsquo;il a fait retirer afin d&rsquo;\u00e9viter qu&rsquo;elles ne subissent le m\u00eame sort.\u00a0\u00bb<em>On a d\u00e9couvert que le premier sujet avait \u00e9t\u00e9 d\u00e9rob\u00e9 durant le week-end<\/em>\u00ab\u00a0, rappelle le premier \u00e9dile. \u00ab\u00a0<em>Le lundi, en faisant le tour de la commune comme on le fait r\u00e9guli\u00e8rement, on s&rsquo;est aper\u00e7u qu&rsquo;un sujet avait disparu. On avait d\u00e9cid\u00e9 de laisser les autres sujets en place. On s&rsquo;\u00e9tait dit, on ne va quand m\u00eame pas p\u00e9naliser tous les habitants de cette rue \u00e0 cause d&rsquo;une personne qui a fait un acte qui n&rsquo;aurait pas d\u00fb avoir lieu. Le deuxi\u00e8me vol a eu lieu ce week-end et l\u00e0, on a d\u00e9cid\u00e9 de retirer tous les sujets qui avaient \u00e9t\u00e9 mis en place le long de cette route. On avait six sujets, on a ramen\u00e9 les quatre restants \u00e0 l&rsquo;atelier.<\/em>\u00ab\u00a0<\/p>\n\n\n\n<p class=\"\">L&rsquo;objet du larcin, ce sont deux effigies de personnages de No\u00ebl qui se placent au bord des routes et qui renvoient la lumi\u00e8re des phares. \u00c0 l&rsquo;unit\u00e9 ces panneaux valent 350 \u20ac, avec deux disparus, le pr\u00e9judice s&rsquo;\u00e9l\u00e8ve \u00e0 700 \u20ac. Ils avaient \u00e9t\u00e9 achet\u00e9s cette ann\u00e9e. En tout, la commune a investi 6 000 \u20ac dans les d\u00e9corations des f\u00eates cette ann\u00e9e.<\/p>\n\n\n\n<h2 class=\"wp-block-heading\">Un acte \u00ab\u00a0incompr\u00e9hensible\u00a0\u00bb<\/h2>\n\n\n\n<p class=\"\">Pour Bruno Dedion, la f\u00eate est en partie g\u00e2ch\u00e9e avec cet acte qu&rsquo;il juge \u00ab\u00a0<em>incompr\u00e9hensible<\/em>\u00ab\u00a0. \u00ab\u00a0<em>C&rsquo;est quand m\u00eame malheureux<\/em>\u00ab\u00a0, abonde-t-il. \u00ab\u00a0<em>C&rsquo;\u00e9tait quelque chose de sympa qui permettait d&rsquo;\u00e9gayer cette route qui jusque-l\u00e0 n&rsquo;avait pas fait l&rsquo;objet de d\u00e9corations. L&rsquo;ann\u00e9e prochaine, on les remettra en place, mais cette fois en les s\u00e9curisant et en les attachant. Les incivilit\u00e9s de cet ordre je ne vois pas trop l&rsquo;int\u00e9r\u00eat. C&rsquo;est No\u00ebl, c&rsquo;est la f\u00eate et il y a des gens qui g\u00e2chent tout.<\/em>\u00ab\u00a0<\/p>\n\n\n\n<blockquote class=\"wp-block-quote is-layout-flow wp-block-quote-is-layout-flow\">\n<p class=\"\">Les gens appr\u00e9ciaient, on avait un retour qui \u00e9tait quand m\u00eame relativement positif. Aujourd&rsquo;hui, malheureusement c&rsquo;est une rue de Prix-l\u00e8s-M\u00e9zi\u00e8res qui en p\u00e2tit.Bruno Dedion<\/p>\n\n\n\n<p class=\"\">maire de Prix-l\u00e8s-M\u00e9zi\u00e8res<\/p>\n<\/blockquote>\n\n\n\n<p class=\"\">Si cette rue de Prix-l\u00e8s-M\u00e9zi\u00e8res est aujourd&rsquo;hui un peu plus triste, le maire assure que les d\u00e9corations des autres lieux de la commune resteront en place, mais avec une vigilance particuli\u00e8re.<a href=\"https:\/\/france3-regions.franceinfo.fr\/image\/0g3gHrDtBw5f3j3Dtvy4xy9pSEY\/1920x1080\/regions\/2025\/12\/24\/alpha2-eric-mardi20251223-0018-00-00-02-10-694bcd57136f8244720419.jpg\" target=\"_blank\" rel=\"noreferrer noopener\"><\/a><\/p>\n","protected":false},"excerpt":{"rendered":"<p>La commune de Prix-l\u00e8s-M\u00e9zi\u00e8res (Ardennes) a \u00e9t\u00e9 victime de deux vols de d\u00e9corations de No\u00ebl \u00e0 partir du week-end du 20 au 21 d\u00e9cembre. Deux panneaux, repr\u00e9sentant des personnages de f\u00eates, ont \u00e9t\u00e9 d\u00e9rob\u00e9s \u00e0 deux moments diff\u00e9rents. Afin d&rsquo;\u00e9viter que les larcins continuent, le maire de la commune a choisi de retirer les d\u00e9cors [&hellip;]<\/p>\n","protected":false},"author":2,"featured_media":40947,"comment_status":"open","ping_status":"open","sticky":false,"template":"","format":"standard","meta":{"_jetpack_memberships_contains_paid_content":false,"footnotes":"","jetpack_publicize_message":"","jetpack_publicize_feature_enabled":true,"jetpack_social_post_already_shared":true,"jetpack_social_options":{"image_generator_settings":{"template":"highway","default_image_id":0,"font":"","enabled":false},"version":2},"_wpas_customize_per_network":false},"categories":[405],"tags":[],"class_list":["post-40946","post","type-post","status-publish","format-standard","has-post-thumbnail","hentry","category-actu-france-monde"],"jetpack_publicize_connections":[],"jetpack_featured_media_url":"https:\/\/i0.wp.com\/www.iceagetv.com\/radiosite\/wp-content\/uploads\/2025\/12\/Cest-Noel.jpg?fit=555%2C380&ssl=1","jetpack_sharing_enabled":true,"_links":{"self":[{"href":"https:\/\/www.iceagetv.com\/radiosite\/wp-json\/wp\/v2\/posts\/40946","targetHints":{"allow":["GET"]}}],"collection":[{"href":"https:\/\/www.iceagetv.com\/radiosite\/wp-json\/wp\/v2\/posts"}],"about":[{"href":"https:\/\/www.iceagetv.com\/radiosite\/wp-json\/wp\/v2\/types\/post"}],"author":[{"embeddable":true,"href":"https:\/\/www.iceagetv.com\/radiosite\/wp-json\/wp\/v2\/users\/2"}],"replies":[{"embeddable":true,"href":"https:\/\/www.iceagetv.com\/radiosite\/wp-json\/wp\/v2\/comments?post=40946"}],"version-history":[{"count":1,"href":"https:\/\/www.iceagetv.com\/radiosite\/wp-json\/wp\/v2\/posts\/40946\/revisions"}],"predecessor-version":[{"id":40948,"href":"https:\/\/www.iceagetv.com\/radiosite\/wp-json\/wp\/v2\/posts\/40946\/revisions\/40948"}],"wp:featuredmedia":[{"embeddable":true,"href":"https:\/\/www.iceagetv.com\/radiosite\/wp-json\/wp\/v2\/media\/40947"}],"wp:attachment":[{"href":"https:\/\/www.iceagetv.com\/radiosite\/wp-json\/wp\/v2\/media?parent=40946"}],"wp:term":[{"taxonomy":"category","embeddable":true,"href":"https:\/\/www.iceagetv.com\/radiosite\/wp-json\/wp\/v2\/categories?post=40946"},{"taxonomy":"post_tag","embeddable":true,"href":"https:\/\/www.iceagetv.com\/radiosite\/wp-json\/wp\/v2\/tags?post=40946"}],"curies":[{"name":"wp","href":"https:\/\/api.w.org\/{rel}","templated":true}]}}