{"id":41005,"date":"2025-12-26T10:42:59","date_gmt":"2025-12-26T09:42:59","guid":{"rendered":"https:\/\/www.iceagetv.com\/radiosite\/?p=41005"},"modified":"2025-12-26T10:43:01","modified_gmt":"2025-12-26T09:43:01","slug":"ecosse-a-edimbourg-leglise-saint-patrick-a-ete-profanee-dans-la-nuit-de-noel-lenfant-jesus-de-la-creche-a-ete-decapite-puis-jete-a-la-poubelle","status":"publish","type":"post","link":"https:\/\/www.iceagetv.com\/radiosite\/ecosse-a-edimbourg-leglise-saint-patrick-a-ete-profanee-dans-la-nuit-de-noel-lenfant-jesus-de-la-creche-a-ete-decapite-puis-jete-a-la-poubelle\/","title":{"rendered":"Ecosse &#8211; \u00c0 \u00c9dimbourg, l\u2019\u00e9glise Saint-Patrick a \u00e9t\u00e9 profan\u00e9e dans la nuit de No\u00ebl : L\u2019Enfant J\u00e9sus de la cr\u00e8che, a \u00e9t\u00e9 d\u00e9capit\u00e9 puis jet\u00e9 \u00e0 la poubelle"},"content":{"rendered":"\n<p class=\"\">Dans la nuit du 24 d\u00e9cembre, l\u2019\u00e9glise Saint-Patrick d\u2019\u00c9dimbourg a \u00e9t\u00e9 la cible d\u2019un acte de vandalisme qui a profond\u00e9ment choqu\u00e9 les fid\u00e8les. Situ\u00e9e en plein c\u0153ur de l\u2019Old Town, cette paroisse historique a d\u00e9couvert, au petit matin, plusieurs d\u00e9gradations \u00e0 l\u2019int\u00e9rieur m\u00eame du sanctuaire.<\/p>\n\n\n\n<p class=\"\">Selon les premiers \u00e9l\u00e9ments, une statue repr\u00e9sentant l\u2019Enfant J\u00e9sus a \u00e9t\u00e9 bris\u00e9e et laiss\u00e9e au sol. D\u2019autres \u00e9l\u00e9ments du mobilier liturgique auraient \u00e9t\u00e9 d\u00e9plac\u00e9s ou renvers\u00e9s, cr\u00e9ant un climat de sid\u00e9ration pour les membres de la communaut\u00e9.<\/p>\n\n\n\n<p class=\"\">Des traces de sang auraient \u00e9galement \u00e9t\u00e9 constat\u00e9es dans le ch\u0153ur et dans une chapelle lat\u00e9rale, laissant penser qu\u2019une personne s\u2019est bless\u00e9e durant les faits. La paroisse a imm\u00e9diatement alert\u00e9 les autorit\u00e9s et appel\u00e9 ses fid\u00e8les \u00e0 la pri\u00e8re et au recueillement.<\/p>\n\n\n\n<p class=\"\">Les c\u00e9l\u00e9brations pr\u00e9vues ont \u00e9t\u00e9 maintenues, mais dans une atmosph\u00e8re lourde, marqu\u00e9e par la tristesse et l\u2019incompr\u00e9hension. Les responsables religieux ont annonc\u00e9 que l\u2019\u00e9glise serait b\u00e9nie \u00e0 nouveau apr\u00e8s les travaux de nettoyage et de remise en \u00e9tat.<\/p>\n\n\n\n<p class=\"\">Pour l\u2019instant, les motivations de l\u2019auteur \u2014 ou des auteurs \u2014 ne sont pas clairement \u00e9tablies.<\/p>\n\n\n\n<p class=\"\">Plusieurs hypoth\u00e8ses circulent : un acte volontaire contre le lieu de culte, un geste isol\u00e9 li\u00e9 \u00e0 un \u00e9tat de d\u00e9tresse, ou une intrusion qui aurait d\u00e9g\u00e9n\u00e9r\u00e9. Aucune conclusion officielle n\u2019a cependant \u00e9t\u00e9 avanc\u00e9e.<\/p>\n\n\n\n<p class=\"\">La police poursuit ses investigations et a recueilli des t\u00e9moignages parmi les habitants du quartier. Les cam\u00e9ras de surveillance pourraient \u00e9galement aider \u00e0 identifier les responsables.<\/p>\n\n\n\n<p class=\"\">Du c\u00f4t\u00e9 des fid\u00e8les, le sentiment dominant reste la col\u00e8re m\u00eal\u00e9e \u00e0 la peine, mais aussi la volont\u00e9 de ne pas c\u00e9der \u00e0 la peur. Cet incident rappelle \u00e0 quel point les lieux de culte, au-del\u00e0 de leur dimension religieuse, sont per\u00e7us comme des rep\u00e8res symboliques pour toute une communaut\u00e9.<\/p>\n\n\n\n<p class=\"\">\u00c0 \u00c9dimbourg, l\u2019\u00e9glise Saint-Patrick fait partie du patrimoine local et de la m\u00e9moire collective. Sa profanation, m\u00eame partielle, est v\u00e9cue comme une blessure.&nbsp;<\/p>\n","protected":false},"excerpt":{"rendered":"<p>Dans la nuit du 24 d\u00e9cembre, l\u2019\u00e9glise Saint-Patrick d\u2019\u00c9dimbourg a \u00e9t\u00e9 la cible d\u2019un acte de vandalisme qui a profond\u00e9ment choqu\u00e9 les fid\u00e8les. Situ\u00e9e en plein c\u0153ur de l\u2019Old Town, cette paroisse historique a d\u00e9couvert, au petit matin, plusieurs d\u00e9gradations \u00e0 l\u2019int\u00e9rieur m\u00eame du sanctuaire. Selon les premiers \u00e9l\u00e9ments, une statue repr\u00e9sentant l\u2019Enfant J\u00e9sus a [&hellip;]<\/p>\n","protected":false},"author":2,"featured_media":41006,"comment_status":"open","ping_status":"open","sticky":false,"template":"","format":"standard","meta":{"_jetpack_memberships_contains_paid_content":false,"footnotes":"","jetpack_publicize_message":"","jetpack_publicize_feature_enabled":true,"jetpack_social_post_already_shared":true,"jetpack_social_options":{"image_generator_settings":{"template":"highway","default_image_id":0,"font":"","enabled":false},"version":2},"_wpas_customize_per_network":false},"categories":[405],"tags":[],"class_list":["post-41005","post","type-post","status-publish","format-standard","has-post-thumbnail","hentry","category-actu-france-monde"],"jetpack_publicize_connections":[],"jetpack_featured_media_url":"https:\/\/i0.wp.com\/www.iceagetv.com\/radiosite\/wp-content\/uploads\/2025\/12\/5Yq0ZdLL.jpg?fit=679%2C293&ssl=1","jetpack_sharing_enabled":true,"_links":{"self":[{"href":"https:\/\/www.iceagetv.com\/radiosite\/wp-json\/wp\/v2\/posts\/41005","targetHints":{"allow":["GET"]}}],"collection":[{"href":"https:\/\/www.iceagetv.com\/radiosite\/wp-json\/wp\/v2\/posts"}],"about":[{"href":"https:\/\/www.iceagetv.com\/radiosite\/wp-json\/wp\/v2\/types\/post"}],"author":[{"embeddable":true,"href":"https:\/\/www.iceagetv.com\/radiosite\/wp-json\/wp\/v2\/users\/2"}],"replies":[{"embeddable":true,"href":"https:\/\/www.iceagetv.com\/radiosite\/wp-json\/wp\/v2\/comments?post=41005"}],"version-history":[{"count":1,"href":"https:\/\/www.iceagetv.com\/radiosite\/wp-json\/wp\/v2\/posts\/41005\/revisions"}],"predecessor-version":[{"id":41007,"href":"https:\/\/www.iceagetv.com\/radiosite\/wp-json\/wp\/v2\/posts\/41005\/revisions\/41007"}],"wp:featuredmedia":[{"embeddable":true,"href":"https:\/\/www.iceagetv.com\/radiosite\/wp-json\/wp\/v2\/media\/41006"}],"wp:attachment":[{"href":"https:\/\/www.iceagetv.com\/radiosite\/wp-json\/wp\/v2\/media?parent=41005"}],"wp:term":[{"taxonomy":"category","embeddable":true,"href":"https:\/\/www.iceagetv.com\/radiosite\/wp-json\/wp\/v2\/categories?post=41005"},{"taxonomy":"post_tag","embeddable":true,"href":"https:\/\/www.iceagetv.com\/radiosite\/wp-json\/wp\/v2\/tags?post=41005"}],"curies":[{"name":"wp","href":"https:\/\/api.w.org\/{rel}","templated":true}]}}