{"id":41023,"date":"2025-12-26T16:44:49","date_gmt":"2025-12-26T15:44:49","guid":{"rendered":"https:\/\/www.iceagetv.com\/radiosite\/?p=41023"},"modified":"2025-12-26T16:44:51","modified_gmt":"2025-12-26T15:44:51","slug":"mexique-le-parlement-a-adopte-une-loi-criminalisant-la-vente-de-cigarettes-electroniques-et-de-produits-assimiles-avec-des-peines-pouvant-aller-jusqua-huit-ans-de-prison","status":"publish","type":"post","link":"https:\/\/www.iceagetv.com\/radiosite\/mexique-le-parlement-a-adopte-une-loi-criminalisant-la-vente-de-cigarettes-electroniques-et-de-produits-assimiles-avec-des-peines-pouvant-aller-jusqua-huit-ans-de-prison\/","title":{"rendered":"Mexique: Le\u00a0Parlement\u00a0a adopt\u00e9 une loi criminalisant la vente de cigarettes \u00e9lectroniques et de produits assimil\u00e9s, avec des peines pouvant aller jusqu&rsquo;\u00e0 huit ans de prison"},"content":{"rendered":"\n<p class=\"\">Le&nbsp;Parlement mexicain&nbsp;a adopt\u00e9 une loi criminalisant la vente de cigarettes \u00e9lectroniques et de produits assimil\u00e9s, avec des peines pouvant aller jusqu&rsquo;\u00e0 huit ans de prison. Le parti Morena de la pr\u00e9sidente Claudia Sheinbaum a dit vouloir prot\u00e9ger la sant\u00e9 des jeunes et combler des lacunes juridiques qui ont permis de promouvoir ces produits comme \u00e9tant sans danger pour la sant\u00e9.<\/p>\n\n\n\n<p class=\"\">Avec cette r\u00e9forme,&nbsp;\u00ables cigarettes \u00e9lectroniques et autres syst\u00e8mes ou dispositifs analogues\u00bb&nbsp;sont interdits, a d\u00e9clar\u00e9 la pr\u00e9sidente du S\u00e9nat, Laura Itzel Castillo. Le nombre d&rsquo;utilisateurs de ces appareils a \u00e9t\u00e9 estim\u00e9 par une enqu\u00eate officielle r\u00e9alis\u00e9e en 2023 \u00e0 2,1 millions de personnes sur quelque 132 millions d&rsquo;habitants.<\/p>\n\n\n\n<p class=\"\">Plusieurs pays, notamment en Am\u00e9rique latine, ont interdit la vente de cigarettes \u00e9lectroniques, mais rares ceux qui comme le Mexique ont instaur\u00e9 des peines de prison. Des \u00e9lus de l&rsquo;opposition ont jug\u00e9 la loi&nbsp;\u00abambigu\u00eb\u00bb&nbsp;et dit craindre des abus de la part des autorit\u00e9s. Adopt\u00e9e par les deux chambres du Parlement, la loi sera applicable apr\u00e8s promulgation formelle par Claudia Sheinbaum.<\/p>\n\n\n\n<p class=\"\">D\u00e9but octobre, l&rsquo;Organisation mondiale de la Sant\u00e9 (OMS) s&rsquo;\u00e9tait inqui\u00e9t\u00e9e de la vague&nbsp;\u00abalarmante\u00bb&nbsp;de d\u00e9pendance \u00e0 la nicotine provoqu\u00e9e par la cigarette \u00e9lectronique chez les jeunes, avec au moins 15 millions d&rsquo;enfants de 13 \u00e0 15 ans dans le monde qui y ont d\u00e9sormais recours.<\/p>\n\n\n\n<p class=\"\">Les cigarettes \u00e9lectroniques sont \u00e9galement souvent accus\u00e9es de pouvoir servir de vecteur \u00e0 la consommation de drogues de synth\u00e8ses. \u00c0 Singapour, qui dispose de l&rsquo;une des l\u00e9gislations les plus strictes au monde, l&rsquo;importation de cigarettes \u00e9lectroniques est passible de 20 ans de prison et la revente de 10 ans.<\/p>\n","protected":false},"excerpt":{"rendered":"<p>Le&nbsp;Parlement mexicain&nbsp;a adopt\u00e9 une loi criminalisant la vente de cigarettes \u00e9lectroniques et de produits assimil\u00e9s, avec des peines pouvant aller jusqu&rsquo;\u00e0 huit ans de prison. Le parti Morena de la pr\u00e9sidente Claudia Sheinbaum a dit vouloir prot\u00e9ger la sant\u00e9 des jeunes et combler des lacunes juridiques qui ont permis de promouvoir ces produits comme \u00e9tant [&hellip;]<\/p>\n","protected":false},"author":2,"featured_media":41024,"comment_status":"open","ping_status":"open","sticky":false,"template":"","format":"standard","meta":{"_jetpack_memberships_contains_paid_content":false,"footnotes":"","jetpack_publicize_message":"","jetpack_publicize_feature_enabled":true,"jetpack_social_post_already_shared":true,"jetpack_social_options":{"image_generator_settings":{"template":"highway","default_image_id":0,"font":"","enabled":false},"version":2},"_wpas_customize_per_network":false},"categories":[405],"tags":[],"class_list":["post-41023","post","type-post","status-publish","format-standard","has-post-thumbnail","hentry","category-actu-france-monde"],"jetpack_publicize_connections":[],"jetpack_featured_media_url":"https:\/\/i0.wp.com\/www.iceagetv.com\/radiosite\/wp-content\/uploads\/2025\/12\/0b9EKcTC.jpg?fit=679%2C293&ssl=1","jetpack_sharing_enabled":true,"_links":{"self":[{"href":"https:\/\/www.iceagetv.com\/radiosite\/wp-json\/wp\/v2\/posts\/41023","targetHints":{"allow":["GET"]}}],"collection":[{"href":"https:\/\/www.iceagetv.com\/radiosite\/wp-json\/wp\/v2\/posts"}],"about":[{"href":"https:\/\/www.iceagetv.com\/radiosite\/wp-json\/wp\/v2\/types\/post"}],"author":[{"embeddable":true,"href":"https:\/\/www.iceagetv.com\/radiosite\/wp-json\/wp\/v2\/users\/2"}],"replies":[{"embeddable":true,"href":"https:\/\/www.iceagetv.com\/radiosite\/wp-json\/wp\/v2\/comments?post=41023"}],"version-history":[{"count":1,"href":"https:\/\/www.iceagetv.com\/radiosite\/wp-json\/wp\/v2\/posts\/41023\/revisions"}],"predecessor-version":[{"id":41025,"href":"https:\/\/www.iceagetv.com\/radiosite\/wp-json\/wp\/v2\/posts\/41023\/revisions\/41025"}],"wp:featuredmedia":[{"embeddable":true,"href":"https:\/\/www.iceagetv.com\/radiosite\/wp-json\/wp\/v2\/media\/41024"}],"wp:attachment":[{"href":"https:\/\/www.iceagetv.com\/radiosite\/wp-json\/wp\/v2\/media?parent=41023"}],"wp:term":[{"taxonomy":"category","embeddable":true,"href":"https:\/\/www.iceagetv.com\/radiosite\/wp-json\/wp\/v2\/categories?post=41023"},{"taxonomy":"post_tag","embeddable":true,"href":"https:\/\/www.iceagetv.com\/radiosite\/wp-json\/wp\/v2\/tags?post=41023"}],"curies":[{"name":"wp","href":"https:\/\/api.w.org\/{rel}","templated":true}]}}