{"id":41034,"date":"2025-12-27T08:34:28","date_gmt":"2025-12-27T07:34:28","guid":{"rendered":"https:\/\/www.iceagetv.com\/radiosite\/?p=41034"},"modified":"2025-12-27T08:34:31","modified_gmt":"2025-12-27T07:34:31","slug":"turquie-deux-francais-tues-dans-le-crash-dun-avion-transportant-le-chef-detat-major-libyen","status":"publish","type":"post","link":"https:\/\/www.iceagetv.com\/radiosite\/turquie-deux-francais-tues-dans-le-crash-dun-avion-transportant-le-chef-detat-major-libyen\/","title":{"rendered":"Turquie : deux Fran\u00e7ais tu\u00e9s dans le crash d&rsquo;un avion transportant le chef d\u2019\u00e9tat-major libyen"},"content":{"rendered":"\n<p class=\"\">Le g\u00e9n\u00e9ral Mohamed Al-Haddad, chef d&rsquo;\u00e9tat-major de l&rsquo;arm\u00e9e de Libye, est mort dans le crash d&rsquo;un avion en Turquie. Deux Fran\u00e7ais se trouvent parmi les autres victimes.Deux Fran\u00e7ais faisaient partie des membres d\u2019\u00e9quipage de&nbsp;<a href=\"https:\/\/actu.fr\/tag\/crash-avion\">l\u2019avion qui s\u2019est \u00e9cras\u00e9<\/a>&nbsp;mardi soir pr\u00e8s d\u2019Ankara (Turquie),&nbsp;<strong>tuant tous ses passagers<\/strong>,&nbsp;<strong>dont le chef d\u2019\u00e9tat-major des arm\u00e9es libyenne et ses conseillers<\/strong>, a-t-on appris de source diplomatique fran\u00e7aise vendredi 26 d\u00e9cembre 2025.<\/p>\n\n\n\n<p class=\"\">\u00ab&nbsp;Deux de nos ressortissants, membres de l\u2019\u00e9quipage, sont d\u00e9c\u00e9d\u00e9s dans l\u2019accident a\u00e9rien survenu le 23 d\u00e9cembre en Turquie&nbsp;\u00bb, a affirm\u00e9 cette source \u00e0 l\u2019AFP, sans pr\u00e9ciser l\u2019identit\u00e9 de ces ressortissants.<\/p>\n\n\n\n<p class=\"\">\u00ab\u00a0Le minist\u00e8re de l\u2019Europe et des Affaires \u00e9trang\u00e8res, via notre ambassade en Turquie et le centre de crise et de soutien, est en contact avec les familles et les accompagne dans leurs d\u00e9marches\u00a0\u00bb, a-t-elle ajout\u00e9 sans autre d\u00e9tail.Enqu\u00eate ouverte pour d\u00e9terminer les causes de l\u2019accident<\/p>\n\n\n\n<p class=\"\">Outre le chef d\u2019\u00e9tat-major de l\u2019arm\u00e9e de Tripoli, le g\u00e9n\u00e9ral Mohamed Al-Haddad, quatre de ses conseillers et trois membres d\u2019\u00e9quipage se trouvaient \u00e0 bord de l\u2019appareil, un Falcon 50, qui s\u2019est \u00e9cras\u00e9 moins de quarante minutes apr\u00e8s son d\u00e9collage.<\/p>\n\n\n\n<p class=\"\">La bo\u00eete noire a \u00e9t\u00e9 retrouv\u00e9e, selon les autorit\u00e9s turques qui ont fait \u00e9tat d\u2019une&nbsp;<strong>panne \u00e9lectrique \u00e0 bord de l\u2019avion<\/strong>&nbsp;et ouvert une enqu\u00eate pour d\u00e9terminer les causes de l\u2019accident.<\/p>\n\n\n\n<p class=\"\">Selon le ministre turc des Transports, Abdulkadir Uralo\u011flu, la bo\u00eete noire sera analys\u00e9e dans un \u00ab&nbsp;pays neutre&nbsp;\u00bb.<\/p>\n\n\n\n<p class=\"\">Les r\u00e9sultats de l\u2019analyse seront partag\u00e9s \u00ab\u00a0avec notre nation et le monde entier avec une totale transparence\u00a0\u00bb, a-t-il assur\u00e9.Le ministre turc de la Justice Yilmaz Tunc a pr\u00e9cis\u00e9 depuis que \u00ab&nbsp;contact a \u00e9t\u00e9 pris avec l\u2019Allemagne \u00e0 cet effet&nbsp;\u00bb d\u2019analyse, ainsi que pour l\u2019examen des enregistreurs vocaux de l\u2019appareil.<\/p>\n\n\n\n<p class=\"\">\u00ab\u00a0Les investigations techniques et les enqu\u00eates m\u00e9dico-l\u00e9gales sur la cause de la panne se poursuivent avec la plus grande minutie\u00a0\u00bb, a-t-il assur\u00e9.La nationalit\u00e9 des membres d\u2019\u00e9quipage pas pr\u00e9cis\u00e9e<\/p>\n\n\n\n<p class=\"\">L\u2019avion, un Falcon-50, avait \u00e9t\u00e9 affr\u00e9t\u00e9 aupr\u00e8s de la compagnie priv\u00e9e Harmony Jets, bas\u00e9e \u00e0 Malte, selon son site qui pr\u00e9cise que&nbsp;<strong>la maintenance de ses appareils est effectu\u00e9e \u00e0 Lyon, en France<\/strong>.<\/p>\n\n\n\n<p class=\"\">Contact\u00e9e par l\u2019AFP, Harmony Jets a refus\u00e9 de pr\u00e9ciser la nationalit\u00e9 du pilote et de l\u2019\u00e9quipage.<\/p>\n\n\n\n<p class=\"\">\u00ab&nbsp;Cette trag\u00e9die ne nous a pas seulement priv\u00e9s de personnes qui \u00e9taient nos coll\u00e8gues, mais aussi comme des membres de notre famille&nbsp;\u00bb, a r\u00e9pondu son service communication par email, arguant de sa \u00ab&nbsp;peine tr\u00e8s vive&nbsp;\u00bb pour d\u00e9cliner tout d\u00e9tail.<\/p>\n\n\n\n<p class=\"\"><strong>\u00ab\u00a0Nous ne sommes pas en mesure de pr\u00e9ciser les identit\u00e9s ni autre d\u00e9tail \u00e0 ce stade\u00a0\u00bb<\/strong>, ajoutait-il, affirmant faire \u00ab\u00a0toute confiance aux autorit\u00e9s comp\u00e9tentes et coop\u00e9rer pleinement avec elles\u00a0\u00bb.La France mobilis\u00e9e<br>Selon Airport Haber, un site d\u2019information turc sp\u00e9cialis\u00e9 dans les affaires a\u00e9ronautiques, outre les Fran\u00e7ais \u2013 pilotes et co-pilotes selon cette source qui donne les noms \u2013 l\u2019\u00e9quipage comptait aussi une h\u00f4tesse de nationalit\u00e9 grecque dont un journal grec a diffus\u00e9 les photos, pr\u00e9cisant que la jeune femme avait rejoint la compagnie depuis deux mois.<\/p>\n\n\n\n<p class=\"\">En France, le Bureau d\u2019enqu\u00eates et d\u2019analyses pour la s\u00e9curit\u00e9 de l\u2019aviation civile (BEA) \u00ab participe \u00e0 l\u2019enqu\u00eate ouverte par la Turquie \u00bb, a-t-il indiqu\u00e9 sur X vendredi, pr\u00e9cisant que trois de ses enqu\u00eateurs \u00ab se rendent sur place accompagn\u00e9s de conseillers techniques \u00bb, comme il est d\u2019usage en cas d\u2019accident survenu \u00e0 l\u2019\u00e9tranger \u00e0 un a\u00e9ronef de construction ou de conception fran\u00e7aise.<\/p>\n","protected":false},"excerpt":{"rendered":"<p>Le g\u00e9n\u00e9ral Mohamed Al-Haddad, chef d&rsquo;\u00e9tat-major de l&rsquo;arm\u00e9e de Libye, est mort dans le crash d&rsquo;un avion en Turquie. Deux Fran\u00e7ais se trouvent parmi les autres victimes.Deux Fran\u00e7ais faisaient partie des membres d\u2019\u00e9quipage de&nbsp;l\u2019avion qui s\u2019est \u00e9cras\u00e9&nbsp;mardi soir pr\u00e8s d\u2019Ankara (Turquie),&nbsp;tuant tous ses passagers,&nbsp;dont le chef d\u2019\u00e9tat-major des arm\u00e9es libyenne et ses conseillers, a-t-on appris [&hellip;]<\/p>\n","protected":false},"author":2,"featured_media":41035,"comment_status":"open","ping_status":"open","sticky":false,"template":"","format":"standard","meta":{"_jetpack_memberships_contains_paid_content":false,"footnotes":"","jetpack_publicize_message":"","jetpack_publicize_feature_enabled":true,"jetpack_social_post_already_shared":true,"jetpack_social_options":{"image_generator_settings":{"template":"highway","default_image_id":0,"font":"","enabled":false},"version":2},"_wpas_customize_per_network":false},"categories":[405],"tags":[],"class_list":["post-41034","post","type-post","status-publish","format-standard","has-post-thumbnail","hentry","category-actu-france-monde"],"jetpack_publicize_connections":[],"jetpack_featured_media_url":"https:\/\/i0.wp.com\/www.iceagetv.com\/radiosite\/wp-content\/uploads\/2025\/12\/Turquie.jpg?fit=681%2C460&ssl=1","jetpack_sharing_enabled":true,"_links":{"self":[{"href":"https:\/\/www.iceagetv.com\/radiosite\/wp-json\/wp\/v2\/posts\/41034","targetHints":{"allow":["GET"]}}],"collection":[{"href":"https:\/\/www.iceagetv.com\/radiosite\/wp-json\/wp\/v2\/posts"}],"about":[{"href":"https:\/\/www.iceagetv.com\/radiosite\/wp-json\/wp\/v2\/types\/post"}],"author":[{"embeddable":true,"href":"https:\/\/www.iceagetv.com\/radiosite\/wp-json\/wp\/v2\/users\/2"}],"replies":[{"embeddable":true,"href":"https:\/\/www.iceagetv.com\/radiosite\/wp-json\/wp\/v2\/comments?post=41034"}],"version-history":[{"count":1,"href":"https:\/\/www.iceagetv.com\/radiosite\/wp-json\/wp\/v2\/posts\/41034\/revisions"}],"predecessor-version":[{"id":41036,"href":"https:\/\/www.iceagetv.com\/radiosite\/wp-json\/wp\/v2\/posts\/41034\/revisions\/41036"}],"wp:featuredmedia":[{"embeddable":true,"href":"https:\/\/www.iceagetv.com\/radiosite\/wp-json\/wp\/v2\/media\/41035"}],"wp:attachment":[{"href":"https:\/\/www.iceagetv.com\/radiosite\/wp-json\/wp\/v2\/media?parent=41034"}],"wp:term":[{"taxonomy":"category","embeddable":true,"href":"https:\/\/www.iceagetv.com\/radiosite\/wp-json\/wp\/v2\/categories?post=41034"},{"taxonomy":"post_tag","embeddable":true,"href":"https:\/\/www.iceagetv.com\/radiosite\/wp-json\/wp\/v2\/tags?post=41034"}],"curies":[{"name":"wp","href":"https:\/\/api.w.org\/{rel}","templated":true}]}}