{"id":4104,"date":"2016-03-15T17:39:28","date_gmt":"2016-03-15T17:39:28","guid":{"rendered":"http:\/\/www.iceagetv.com\/radiosite\/?p=4104"},"modified":"2016-03-15T19:44:07","modified_gmt":"2016-03-15T19:44:07","slug":"fusillade-a-bruxelles-2-suspects-retranches-immeuble","status":"publish","type":"post","link":"https:\/\/www.iceagetv.com\/radiosite\/fusillade-a-bruxelles-2-suspects-retranches-immeuble\/","title":{"rendered":"Fusillades \u00e0 Bruxelles : le suspect tu\u00e9 lors de l&rsquo;op\u00e9ration de police franco-belge n&rsquo;est pas Salah Abdeslam"},"content":{"rendered":"<p>\n\tDes policiers ont &eacute;t&eacute; vis&eacute;s par des tirs lors d&#39;une perquisition effectu&eacute;e mardi apr&egrave;s-midi &agrave; Bruxelles dans le cadre du volet belge de l&#39;enqu&ecirc;te sur les attentats de Paris. Quatre d&#39;entre eux ont &eacute;t&eacute; bless&eacute;s. L&#39;un des suspects est mort.Un suspect a &eacute;t&eacute; tu&eacute; mardi &agrave; Forest, lors d&rsquo;une vaste op&eacute;ration de police franco-belge lanc&eacute;e apr&egrave;s&nbsp;une s&eacute;rie de fusillades, d&eacute;but&eacute;es &agrave; la suite d&rsquo;une perquisition dans le cadre du volet belge de&nbsp;l&rsquo;enqu&ecirc;te sur les attentats de novembre&nbsp;&agrave; Paris.\n<\/p>\n<p>\n\tUn &eacute;change de tirs a &eacute;clat&eacute; vers 15 heures dans cette&nbsp;commune de l&rsquo;agglom&eacute;ration bruxelloise, quand plusieurs&nbsp;hommes ont tir&eacute; &agrave; l&rsquo;arme &agrave; feu sur des policiers belges et fran&ccedil;ais venus pour une perquisition.&nbsp;Selon BFMTV, trois policiers des forces sp&eacute;ciales belges ont &eacute;t&eacute; bless&eacute;s au cours de cette fusillade, l&rsquo;un d&rsquo;eux gravement, touch&eacute; &agrave; la t&ecirc;te. Il a &eacute;t&eacute; transport&eacute; &agrave; l&rsquo;h&ocirc;pital et serait actuellement hors de danger.\n<\/p>\n<p>\n\tD&rsquo;autres coups de feu ont &eacute;t&eacute; tir&eacute;s plus tard, vers 16h45,&nbsp;selon la RTBF,&nbsp;&agrave; travers la porte de l&rsquo;habitation que la police &eacute;tait venue perquisitionner, et o&ugrave; un individu s&rsquo;&eacute;tait retranch&eacute;. Selon le quotidien belge&nbsp;La Derni&egrave;re Heure, un quatri&egrave;me policier a &eacute;t&eacute; touch&eacute; lors de cette deuxi&egrave;me fusillade. Une information confirm&eacute;e par le parquet f&eacute;d&eacute;ral belge. L&rsquo;individu &agrave; l&rsquo;origine des coups de feu a &eacute;t&eacute; tu&eacute; arme &agrave; la main lors d&rsquo;un assaut donn&eacute; vers 18h20, ont rapport&eacute; les m&eacute;dias belges, citant le parquet f&eacute;d&eacute;ral belge.&nbsp;Son identit&eacute; n&rsquo;a pas encore &eacute;t&eacute; d&eacute;voil&eacute;e, mais on sait d&rsquo;ores et d&eacute;j&agrave; qu&rsquo;il est soup&ccedil;onn&eacute; d&rsquo;&ecirc;tre li&eacute; &agrave; la mouvance jihadiste. Selon BFMTV, cette personne &eacute;tait connue des services de police.&nbsp;\n<\/p>\n<p>\n\tSelon&nbsp;Le Soir,&nbsp;un deuxi&egrave;me homme s&rsquo;&eacute;tait parall&egrave;lement&nbsp;retranch&eacute; dans un terrain vague situ&eacute; non loin de l&rsquo;habitation.&nbsp;La police avait encercl&eacute; les lieux, o&ugrave; un chien policier muni d&rsquo;une cam&eacute;ra avait &eacute;t&eacute; envoy&eacute; pour une inspection.\n<\/p>\n<p>\n\tLe Soir&nbsp;avait pr&eacute;cis&eacute; plus t&ocirc;t que&nbsp;&laquo;les forces polici&egrave;res [&eacute;taient] incapables de d&eacute;terminer si elles [avaient] ou non affaire &agrave; plus de deux agresseurs&raquo;. Le bourgmestre de Forest, Marc-Jean Ghyssels avait lui aussi d&eacute;j&agrave; indiqu&eacute; qu&rsquo;il&nbsp;&eacute;tait impossible &agrave; ce stade de conna&icirc;tre pr&eacute;cis&eacute;ment le&nbsp;nombre des tireurs, dont certains pourraient par ailleurs &ecirc;tre actuellement en fuite, ni leur identit&eacute; potentielle, ni le type d&rsquo;armes utilis&eacute;es. D&rsquo;apr&egrave;s&nbsp;La Derni&egrave;re Heure&nbsp;deux suspects avaient pris la fuite par les toits des habitations apr&egrave;s la premi&egrave;re fusillade. Pour l&rsquo;heure, on ne sait pas si ces personnes &eacute;voqu&eacute;es &agrave; l&rsquo;&eacute;poque par le quotidien belge sont les deux hommes cern&eacute;s plus t&ocirc;t par la police, ni si un ou deux autres suspects sont toujours en fuite.&nbsp;Une conf&eacute;rence de presse est pr&eacute;vue dans le courant de la soir&eacute;e afin de fournir davantage d&rsquo;informations sur les &eacute;v&eacute;nements de la journ&eacute;e. &nbsp;\n<\/p>\n<p>\n\tLa perquisition ne concernait pas Salah Abdeslam\n<\/p>\n<p>\n\tSitu&eacute;e non loin du quartier populaire de la gare du Midi de Forest, la rue Dries, o&ugrave; la fusillade a &eacute;clat&eacute; dans l&#39;apr&egrave;s-midi, a rapidement &eacute;t&eacute; ferm&eacute;e &agrave; la circulation, aux transports en commun, et le quartier boucl&eacute;. Un p&eacute;rim&egrave;tre de s&eacute;curit&eacute; a &eacute;t&eacute; mis en place.&nbsp;L&rsquo;&eacute;cole et la cr&egrave;che situ&eacute;es dans la m&ecirc;me rue ont &eacute;t&eacute; boucl&eacute;es, avec les &eacute;l&egrave;ves &agrave; l&rsquo;int&eacute;rieur, en s&eacute;curit&eacute; selon le cabinet du bourgmestre de Forest, cit&eacute; par&nbsp;Le Soir,&nbsp;lequel indiquait avoir d&eacute;but&eacute; l&rsquo;&eacute;vacuation des autres &eacute;coles et cr&egrave;ches pas directement situ&eacute;es dans la rue Dries vers 19 heures. Un important dispositif policier franco-belge avait d&eacute;j&agrave; &eacute;t&eacute; d&eacute;ploy&eacute;, selon les ministres de l&rsquo;Int&eacute;rieur fran&ccedil;ais et belge Bernard Cazeneuve et Jan Jambon, et un h&eacute;licopt&egrave;re&nbsp;sillonnait les alentours.\n<\/p>\n<p>\n\tOnze personnes ont &eacute;t&eacute; inculp&eacute;es &agrave; ce jour en Belgique en lien avec les attaques qui avaient fait&nbsp;130 morts et des centaines de bless&eacute;s&nbsp;&agrave; Paris et Saint-Denis le 13 novembre 2015. L&rsquo;enqu&ecirc;te a montr&eacute; que ces attentats avaient largement &eacute;t&eacute; pr&eacute;par&eacute;s et coordonn&eacute;s depuis Bruxelles. Huit de ces onze inculp&eacute;s sont toujours en d&eacute;tention provisoire. Un suspect cl&eacute;,Salah Abdeslam, originaire de&nbsp;la commune bruxelloise de Molenbeek, n&rsquo;a jamais &eacute;t&eacute; appr&eacute;hend&eacute;.&nbsp;Le Fran&ccedil;ais serait rest&eacute; cach&eacute; du 14&nbsp;novembre au 4&nbsp;d&eacute;cembre dans un appartement de Schaerbeek, en r&eacute;gion bruxelloise,avait rapport&eacute; mi-f&eacute;vrier&nbsp;La Derni&egrave;re Heure.\n<\/p>\n<p>\n\tLes autorit&eacute;s belges ont cependant pr&eacute;cis&eacute; mardi que la perquisition franco-belge organis&eacute;e cet apr&egrave;s-midi rue Dries ne concernait pas Salah Abdeslam.&nbsp;Celle-ci avait &eacute;t&eacute; organis&eacute;e sans renfort particulier, car les policiers franco-belges ne s&rsquo;attendaient pas forc&eacute;ment &agrave; trouver des personnes dans l&rsquo;appartement vis&eacute;, r&eacute;put&eacute; vide, selon la RTBF, et visait&laquo;l&rsquo;entourage d&rsquo;un ou plusieurs&raquo;&nbsp;des onze hommes d&eacute;j&agrave; inculp&eacute;s en Belgique, selon une source polici&egrave;re fran&ccedil;aise; cit&eacute;e par l&rsquo;AFP. Mardi soir, le parquet f&eacute;d&eacute;ral belge a pr&eacute;cis&eacute; que l&rsquo;homme retrouv&eacute; mort dans l&rsquo;habitation n&rsquo;&eacute;tait pas Salah Abdeslam.&nbsp;\n<\/p>\n<p>\n\tLes policiers belges ont essuy&eacute; des tirs lors d&#39;une perquisition men&eacute;e dans le cadre de l&#39;enqu&ecirc;te ouverte sur les attentats du 13 novembre &agrave; Paris.\n<\/p>\n<p>\n\t18 h 33\n<\/p>\n<p>\n\tLa &quot;cible&quot; est neutralis&eacute;e (d&eacute;c&eacute;d&eacute;e ou arr&ecirc;t&eacute;e, apr&egrave;s l&#39;assaut qui a &eacute;t&eacute; donn&eacute; par les forces sp&eacute;ciales, selon RTBF.\n<\/p>\n<p>\n\t18 h 30\n<\/p>\n<p>\n\tSelon nos informations, la police belge donne l&#39;assaut. Les individus, arm&eacute;s de kalachnikovs, ont fait feu sur le chien policier muni d&#39;une cam&eacute;ra. Une unit&eacute; belge a fait usage d&#39;un lance-flamme contre les mis en cause. Un des deux individus serait bless&eacute;.\n<\/p>\n<p>\n\t18 h 18\n<\/p>\n<p>\n\tSelon RTBF, l&#39;op&eacute;ration en cours serait li&eacute;e &agrave; des individus qui auraient utilis&eacute; de fausses identit&eacute;s.\n<\/p>\n<p>\n\t17 h 59\n<\/p>\n<p>\n\tLes enfants de la cr&egrave;che Les Petits Matelots sont en cours d&#39;&eacute;vacuation. Les parents ont pu venir chercher leurs enfants au compte-gouttes.\n<\/p>\n<p>\n\t17 h 45Selon&nbsp;Le Soir, le parquet ne confirme pas l&#39;arrestation d&#39;un suspect.17 h 41\n<\/p>\n<p>\n\tLe bourgmestre de Forest confirme &agrave; France Info que &quot;deux personnes sont retranch&eacute;es dans un immeuble&quot; au sein du p&eacute;rim&egrave;tre de s&eacute;curit&eacute; &eacute;tabli par les forces de l&#39;ordre.\n<\/p>\n<p>\n\t17 h 37\n<\/p>\n<p>\n\tLe Premier ministre Belge, Charles Michel, n&#39;exclut pas une r&eacute;union du Conseil national de s&eacute;curit&eacute; ce mardi.\n<\/p>\n<p>\n\t17 h 13\n<\/p>\n<p>\n\tSelon la VRT, un suspect a &eacute;t&eacute; neutralis&eacute;.\n<\/p>\n<p>\n\t17 h 10\n<\/p>\n<p>\n\tSelon&nbsp;La Capitale, qui s&#39;appuie sur plusieurs sources, l&#39;appartement perquisitionn&eacute; &eacute;tait cens&eacute; &ecirc;tre vide. La police voulait v&eacute;rifier l&#39;habitation.\n<\/p>\n<p>\n\t16 h 50&nbsp;&#8211; De nouveaux coups de feu entendus sur les lieux &agrave; 16 h 4516 h 33\n<\/p>\n<p>\n\tLe ministre de l&#39;Int&eacute;rieur, Bernard Cazeneuve, confirme la participation de policiers fran&ccedil;ais &agrave; l&#39;op&eacute;ration en cours &agrave; Forest.\n<\/p>\n<p>\n\t16 h 30\n<\/p>\n<p>\n\tL&#39;op&eacute;ration en cours n&#39;est pas li&eacute;e &agrave; Salah Abdeslam, selon BFM TV\n<\/p>\n<p>\n\t16 h 24&nbsp;&#8211; Les &eacute;coles sont boucl&eacute;es par s&eacute;curit&eacute;\n<\/p>\n<p>\n\t&nbsp;<\/p>\n","protected":false},"excerpt":{"rendered":"<p>Des policiers ont &eacute;t&eacute; vis&eacute;s par des tirs lors d&#39;une perquisition effectu&eacute;e mardi apr&egrave;s-midi &agrave; Bruxelles dans le cadre du volet belge de l&#39;enqu&ecirc;te sur les attentats de Paris. Quatre d&#39;entre eux ont &eacute;t&eacute; bless&eacute;s. L&#39;un des suspects est mort.Un suspect a &eacute;t&eacute; tu&eacute; mardi &agrave; Forest, lors d&rsquo;une vaste op&eacute;ration de police franco-belge lanc&eacute;e [&hellip;]<\/p>\n","protected":false},"author":2,"featured_media":4105,"comment_status":"open","ping_status":"open","sticky":false,"template":"","format":"standard","meta":{"_jetpack_memberships_contains_paid_content":false,"footnotes":"","jetpack_publicize_message":"","jetpack_publicize_feature_enabled":true,"jetpack_social_post_already_shared":false,"jetpack_social_options":{"image_generator_settings":{"template":"highway","default_image_id":0,"font":"","enabled":false},"version":2},"_wpas_customize_per_network":false},"categories":[405],"tags":[952],"class_list":["post-4104","post","type-post","status-publish","format-standard","has-post-thumbnail","hentry","category-actu-france-monde","tag-fusillade-a-bruxelles"],"jetpack_publicize_connections":[],"jetpack_featured_media_url":"https:\/\/i0.wp.com\/www.iceagetv.com\/radiosite\/wp-content\/uploads\/2016\/03\/Fusillade-%C3%A0-Bruxelles.jpg?fit=660%2C281&ssl=1","jetpack_sharing_enabled":true,"_links":{"self":[{"href":"https:\/\/www.iceagetv.com\/radiosite\/wp-json\/wp\/v2\/posts\/4104","targetHints":{"allow":["GET"]}}],"collection":[{"href":"https:\/\/www.iceagetv.com\/radiosite\/wp-json\/wp\/v2\/posts"}],"about":[{"href":"https:\/\/www.iceagetv.com\/radiosite\/wp-json\/wp\/v2\/types\/post"}],"author":[{"embeddable":true,"href":"https:\/\/www.iceagetv.com\/radiosite\/wp-json\/wp\/v2\/users\/2"}],"replies":[{"embeddable":true,"href":"https:\/\/www.iceagetv.com\/radiosite\/wp-json\/wp\/v2\/comments?post=4104"}],"version-history":[{"count":2,"href":"https:\/\/www.iceagetv.com\/radiosite\/wp-json\/wp\/v2\/posts\/4104\/revisions"}],"predecessor-version":[{"id":4107,"href":"https:\/\/www.iceagetv.com\/radiosite\/wp-json\/wp\/v2\/posts\/4104\/revisions\/4107"}],"wp:featuredmedia":[{"embeddable":true,"href":"https:\/\/www.iceagetv.com\/radiosite\/wp-json\/wp\/v2\/media\/4105"}],"wp:attachment":[{"href":"https:\/\/www.iceagetv.com\/radiosite\/wp-json\/wp\/v2\/media?parent=4104"}],"wp:term":[{"taxonomy":"category","embeddable":true,"href":"https:\/\/www.iceagetv.com\/radiosite\/wp-json\/wp\/v2\/categories?post=4104"},{"taxonomy":"post_tag","embeddable":true,"href":"https:\/\/www.iceagetv.com\/radiosite\/wp-json\/wp\/v2\/tags?post=4104"}],"curies":[{"name":"wp","href":"https:\/\/api.w.org\/{rel}","templated":true}]}}