{"id":41076,"date":"2025-12-28T09:12:38","date_gmt":"2025-12-28T08:12:38","guid":{"rendered":"https:\/\/www.iceagetv.com\/radiosite\/?p=41076"},"modified":"2025-12-28T09:12:40","modified_gmt":"2025-12-28T08:12:40","slug":"40-personnes-interpellees-apres-des-tirs-de-feux-dartifice-pres-de-la-tour-eiffel","status":"publish","type":"post","link":"https:\/\/www.iceagetv.com\/radiosite\/40-personnes-interpellees-apres-des-tirs-de-feux-dartifice-pres-de-la-tour-eiffel\/","title":{"rendered":"40 personnes interpell\u00e9es apr\u00e8s des tirs de feux d&rsquo;artifice pr\u00e8s de la Tour Eiffel"},"content":{"rendered":"\n<p class=\"\">40 personnes ont \u00e9t\u00e9 interpell\u00e9es samedi 27 d\u00e9cembre pour avoir lanc\u00e9 des fumig\u00e8nes et des feux d&rsquo;artifice depuis l&rsquo;esplanade du Trocad\u00e9ro \u00e0 Paris, pr\u00e8s de la tour Eiffel.<\/p>\n\n\n\n<p class=\"\">Nouvel \u00e9pisode de feux d\u2019artifice sauvages \u00e0 Paris. Samedi 27 d\u00e9cembre au soir, sur l\u2019esplanade du Trocad\u00e9ro, plusieurs dizaines de personnes ont tir\u00e9 des fumig\u00e8nes et des feux d\u2019artifice ill\u00e9gaux, sans autorisation, face \u00e0 la tour Eiffel.Des tirs impressionnants, mais interdits, qui ont suscit\u00e9 l\u2019intervention des forces de l\u2019ordre dans le 16e arrondissement de Paris.<\/p>\n\n\n\n<h2 class=\"wp-block-heading\" id=\"28ktu\">40 personnes interpell\u00e9es<\/h2>\n\n\n\n<p class=\"\">Sur les vid\u00e9os relay\u00e9es sur les r\u00e9seaux sociaux, des dizaines d&rsquo;individus entourent la fontaine du Trocad\u00e9ro, fumig\u00e8nes rouges \u00e0 la main. Des fus\u00e9es de feux d&rsquo;artifice sont tir\u00e9es, explosent dans la nuit parisienne, avec la tour Eiffel juste derri\u00e8re.<\/p>\n\n\n\n<p class=\"\">Un spectacle pyrotechnique ill\u00e9gal, organis\u00e9 semblerait-il par le groupe de supporters Ultras Paris.Les forces de l&rsquo;ordre d\u00e9tectent les tirs et les fumig\u00e8nes sur les images de vid\u00e9o-protection, et interviennent peu apr\u00e8s 20h50. 40 personnes sont interpell\u00e9es, alors qu&rsquo;aucun bless\u00e9 n&rsquo;est constat\u00e9.<\/p>\n\n\n\n<p class=\"\">Le pr\u00e9fet de police, Patrice Faure, \u00ab\u00a0remercie ses effectifs pour leur r\u00e9activit\u00e9 et leur professionnalisme ayant permis de faire cesser le trouble et d&rsquo;\u00e9viter tout bless\u00e9\u00a0\u00bb.<\/p>\n\n\n\n<h2 class=\"wp-block-heading\" id=\"e7dpc\">Une enqu\u00eate ouverte<\/h2>\n\n\n\n<p class=\"\">Une enqu\u00eate a \u00e9t\u00e9 ouverte pour d\u00e9terminer les circonstances de ces actes.Un feu d&rsquo;artifice avait d\u00e9j\u00e0 \u00e9t\u00e9 organis\u00e9 le 12 d\u00e9cembre au Trocad\u00e9ro. Le parquet avait alors ouvert une enqu\u00eate notamment pour mise en danger d&rsquo;autrui par violation manifestement d\u00e9lib\u00e9r\u00e9e d&rsquo;une obligation de s\u00e9curit\u00e9 ou de prudence, et pour organisation sans d\u00e9claration pr\u00e9alable d&rsquo;un spectacle pyrotechnique.D\u00e9but novembre \u00e9galement, un autre rassemblement similaire avait \u00e9t\u00e9 organis\u00e9 sur le pont Mirabeau, le pont de Grenelle et les quais de Seine, dans les 15e et 16e arrondissements de la capitale. Des ultras du club marocain de football \u00ab\u00a0Les Wydad de Casablanca\u00a0\u00bb avaient craqu\u00e9 des fumig\u00e8nes et tir\u00e9 des feux d&rsquo;artifice pour f\u00eater les 20 ans de leur groupe de supporters.<\/p>\n","protected":false},"excerpt":{"rendered":"<p>40 personnes ont \u00e9t\u00e9 interpell\u00e9es samedi 27 d\u00e9cembre pour avoir lanc\u00e9 des fumig\u00e8nes et des feux d&rsquo;artifice depuis l&rsquo;esplanade du Trocad\u00e9ro \u00e0 Paris, pr\u00e8s de la tour Eiffel. Nouvel \u00e9pisode de feux d\u2019artifice sauvages \u00e0 Paris. Samedi 27 d\u00e9cembre au soir, sur l\u2019esplanade du Trocad\u00e9ro, plusieurs dizaines de personnes ont tir\u00e9 des fumig\u00e8nes et des [&hellip;]<\/p>\n","protected":false},"author":2,"featured_media":41077,"comment_status":"open","ping_status":"open","sticky":false,"template":"","format":"standard","meta":{"_jetpack_memberships_contains_paid_content":false,"footnotes":"","jetpack_publicize_message":"","jetpack_publicize_feature_enabled":true,"jetpack_social_post_already_shared":true,"jetpack_social_options":{"image_generator_settings":{"template":"highway","default_image_id":0,"font":"","enabled":false},"version":2},"_wpas_customize_per_network":false},"categories":[405],"tags":[],"class_list":["post-41076","post","type-post","status-publish","format-standard","has-post-thumbnail","hentry","category-actu-france-monde"],"jetpack_publicize_connections":[],"jetpack_featured_media_url":"https:\/\/i0.wp.com\/www.iceagetv.com\/radiosite\/wp-content\/uploads\/2025\/12\/40-personnes-interpellees-apres-des-tirs-de-feux-dartifice-pres-de-la-Tour-Eiffel.jpg?fit=471%2C366&ssl=1","jetpack_sharing_enabled":true,"_links":{"self":[{"href":"https:\/\/www.iceagetv.com\/radiosite\/wp-json\/wp\/v2\/posts\/41076","targetHints":{"allow":["GET"]}}],"collection":[{"href":"https:\/\/www.iceagetv.com\/radiosite\/wp-json\/wp\/v2\/posts"}],"about":[{"href":"https:\/\/www.iceagetv.com\/radiosite\/wp-json\/wp\/v2\/types\/post"}],"author":[{"embeddable":true,"href":"https:\/\/www.iceagetv.com\/radiosite\/wp-json\/wp\/v2\/users\/2"}],"replies":[{"embeddable":true,"href":"https:\/\/www.iceagetv.com\/radiosite\/wp-json\/wp\/v2\/comments?post=41076"}],"version-history":[{"count":1,"href":"https:\/\/www.iceagetv.com\/radiosite\/wp-json\/wp\/v2\/posts\/41076\/revisions"}],"predecessor-version":[{"id":41078,"href":"https:\/\/www.iceagetv.com\/radiosite\/wp-json\/wp\/v2\/posts\/41076\/revisions\/41078"}],"wp:featuredmedia":[{"embeddable":true,"href":"https:\/\/www.iceagetv.com\/radiosite\/wp-json\/wp\/v2\/media\/41077"}],"wp:attachment":[{"href":"https:\/\/www.iceagetv.com\/radiosite\/wp-json\/wp\/v2\/media?parent=41076"}],"wp:term":[{"taxonomy":"category","embeddable":true,"href":"https:\/\/www.iceagetv.com\/radiosite\/wp-json\/wp\/v2\/categories?post=41076"},{"taxonomy":"post_tag","embeddable":true,"href":"https:\/\/www.iceagetv.com\/radiosite\/wp-json\/wp\/v2\/tags?post=41076"}],"curies":[{"name":"wp","href":"https:\/\/api.w.org\/{rel}","templated":true}]}}