{"id":4108,"date":"2016-03-15T19:47:03","date_gmt":"2016-03-15T19:47:03","guid":{"rendered":"http:\/\/www.iceagetv.com\/radiosite\/?p=4108"},"modified":"2016-03-15T19:47:03","modified_gmt":"2016-03-15T19:47:03","slug":"euro-2016-ribery-manie-lambiguite-eventuel-retour-bleu","status":"publish","type":"post","link":"https:\/\/www.iceagetv.com\/radiosite\/euro-2016-ribery-manie-lambiguite-eventuel-retour-bleu\/","title":{"rendered":"Euro-2016: Rib\u00e9ry manie l&rsquo;ambigu\u00eft\u00e9 sur un \u00e9ventuel retour en Bleu"},"content":{"rendered":"<p>\n\tBerlin &#8211; Un retour en &eacute;quipe de France pour Franck Rib&eacute;ry&#39; L&#39;attaquant du Bayern, qui a pris sa retraite internationale en ao&ucirc;t 2014 et vient de faire son retour de blessure, a mani&eacute; l&#39;ambigu&iuml;t&eacute; mardi, &agrave; trois mois de l&#39;Euro.\n<\/p>\n<p>\n\t&quot;J&#39;ai lu que Didier Deschamps voulait prendre les meilleurs pour l&#39;Euro. Point final&quot;, a d&eacute;clar&eacute; Rib&eacute;ry dans une interview exclusive &agrave; l&#39;hebdomadaire Kicker. Un peu plus t&ocirc;t, en conf&eacute;rence de presse &agrave; la veille d&#39;un match de Ligue des champions contre la Juventus Turin, il avait apport&eacute; la m&ecirc;me r&eacute;ponse &agrave; une question portant sur la situation de Karim Benzema.&nbsp;\n<\/p>\n<p>\n\t&quot;Je rejoue au Bayern et je suis de retour &agrave; 100%. Mais avant qu&#39;on puisse penser &agrave; un retour en &eacute;quipe de France, il faut d&#39;abord une discussion avec l&#39;entra&icirc;neur Didier Deschamps. Ce serait la premi&egrave;re condition&quot;, a d&eacute;velopp&eacute; l&#39;ex-Bleu dans son entretien &agrave; Kicker.&nbsp;&quot;Si on &eacute;crit maintenant que je veux revenir en &eacute;quipe nationale, ce n&#39;est pas tout &agrave; fait vrai. Pour &ccedil;a, il faudrait d&#39;abord quelques discussions, &ccedil;a va de soi&quot;, ajoute le N.7 du Bayern aux 81 capes nationales.&nbsp;\n<\/p>\n<p>\n\tRib&eacute;ry, 32 ans, avait annonc&eacute; sa retraite internationale le 13 ao&ucirc;t 2014, apr&egrave;s son forfait pour le Mondial en raison d&#39;une lombalgie.&nbsp;\n<\/p>\n<p>\n\tIl a fait son retour sur le terrain avec le Bayern le 20 f&eacute;vrier, apr&egrave;s plusieurs mois de gal&egrave;re: d&eacute;but d&eacute;cembre, le Fran&ccedil;ais s&#39;&eacute;tait bless&eacute; rapidement &agrave; une cuisse juste apr&egrave;s &ecirc;tre revenu de neuf mois d&#39;absence pour un probl&egrave;me &agrave; une cheville.&nbsp;\n<\/p>\n<p>\n\tDepuis, ses prestations avec le club bavarois sont convaincantes, &agrave; tel point que l&#39;entra&icirc;neur Pep Guardiola a assur&eacute; d&eacute;but mars qu&#39;il &eacute;tait &quot;un des joueurs les plus importants de l&#39;histoire du Bayern&quot;.&nbsp;\n<\/p>\n<p>\n\tPour autant, un &eacute;ventuel retour en Bleu semble pour l&#39;heure tr&egrave;s hypoth&eacute;tique, comme l&#39;a dit Didier Deschamps au journal L&#39;Equipe samedi.&nbsp;\n<\/p>\n<p>\n\tA la question &quot;Peut-il faire l&#39;Euro&#39;&quot; (10 juin &#8211; 10 juillet en France), Deschamps a r&eacute;pondu: &quot;Attendez, il vient de reprendre. Il n&#39;avait pratiquement pas jou&eacute; depuis un an. Il y a de la route &agrave; faire. Aujourd&#39;hui, &ccedil;a ne sert &agrave; rien d&#39;en parler. Si je vous dis +on verra+, on va penser que j&#39;ouvre la porte. Je n&#39;ouvre rien du tout&quot;.&nbsp;\n<\/p>\n<p>\n\t&nbsp;<\/p>\n","protected":false},"excerpt":{"rendered":"<p>Berlin &#8211; Un retour en &eacute;quipe de France pour Franck Rib&eacute;ry&#39; L&#39;attaquant du Bayern, qui a pris sa retraite internationale en ao&ucirc;t 2014 et vient de faire son retour de blessure, a mani&eacute; l&#39;ambigu&iuml;t&eacute; mardi, &agrave; trois mois de l&#39;Euro. &quot;J&#39;ai lu que Didier Deschamps voulait prendre les meilleurs pour l&#39;Euro. Point final&quot;, a d&eacute;clar&eacute; [&hellip;]<\/p>\n","protected":false},"author":2,"featured_media":4109,"comment_status":"open","ping_status":"open","sticky":false,"template":"","format":"standard","meta":{"_jetpack_memberships_contains_paid_content":false,"footnotes":"","jetpack_publicize_message":"","jetpack_publicize_feature_enabled":true,"jetpack_social_post_already_shared":false,"jetpack_social_options":{"image_generator_settings":{"template":"highway","default_image_id":0,"font":"","enabled":false},"version":2},"_wpas_customize_per_network":false},"categories":[18],"tags":[953],"class_list":["post-4108","post","type-post","status-publish","format-standard","has-post-thumbnail","hentry","category-actu-sport","tag-euro-2016"],"jetpack_publicize_connections":[],"jetpack_featured_media_url":"https:\/\/i0.wp.com\/www.iceagetv.com\/radiosite\/wp-content\/uploads\/2016\/03\/Euro-2016.jpg?fit=2000%2C1125&ssl=1","jetpack_sharing_enabled":true,"_links":{"self":[{"href":"https:\/\/www.iceagetv.com\/radiosite\/wp-json\/wp\/v2\/posts\/4108","targetHints":{"allow":["GET"]}}],"collection":[{"href":"https:\/\/www.iceagetv.com\/radiosite\/wp-json\/wp\/v2\/posts"}],"about":[{"href":"https:\/\/www.iceagetv.com\/radiosite\/wp-json\/wp\/v2\/types\/post"}],"author":[{"embeddable":true,"href":"https:\/\/www.iceagetv.com\/radiosite\/wp-json\/wp\/v2\/users\/2"}],"replies":[{"embeddable":true,"href":"https:\/\/www.iceagetv.com\/radiosite\/wp-json\/wp\/v2\/comments?post=4108"}],"version-history":[{"count":1,"href":"https:\/\/www.iceagetv.com\/radiosite\/wp-json\/wp\/v2\/posts\/4108\/revisions"}],"predecessor-version":[{"id":4110,"href":"https:\/\/www.iceagetv.com\/radiosite\/wp-json\/wp\/v2\/posts\/4108\/revisions\/4110"}],"wp:featuredmedia":[{"embeddable":true,"href":"https:\/\/www.iceagetv.com\/radiosite\/wp-json\/wp\/v2\/media\/4109"}],"wp:attachment":[{"href":"https:\/\/www.iceagetv.com\/radiosite\/wp-json\/wp\/v2\/media?parent=4108"}],"wp:term":[{"taxonomy":"category","embeddable":true,"href":"https:\/\/www.iceagetv.com\/radiosite\/wp-json\/wp\/v2\/categories?post=4108"},{"taxonomy":"post_tag","embeddable":true,"href":"https:\/\/www.iceagetv.com\/radiosite\/wp-json\/wp\/v2\/tags?post=4108"}],"curies":[{"name":"wp","href":"https:\/\/api.w.org\/{rel}","templated":true}]}}