{"id":41104,"date":"2025-12-29T08:40:39","date_gmt":"2025-12-29T07:40:39","guid":{"rendered":"https:\/\/www.iceagetv.com\/radiosite\/?p=41104"},"modified":"2025-12-29T08:40:42","modified_gmt":"2025-12-29T07:40:42","slug":"paris-et-la-region-parisienne-les-hauts-de-seine-la-seine-saint-denis-la-seine-et-marne-et-le-val-doise-ont-active-le-plan-grand-froid-destine-a-proteger-les-personnes-sans-abri","status":"publish","type":"post","link":"https:\/\/www.iceagetv.com\/radiosite\/paris-et-la-region-parisienne-les-hauts-de-seine-la-seine-saint-denis-la-seine-et-marne-et-le-val-doise-ont-active-le-plan-grand-froid-destine-a-proteger-les-personnes-sans-abri\/","title":{"rendered":"Paris et la r\u00e9gion parisienne, les Hauts-de-Seine, la Seine-Saint-Denis, la Seine-et-Marne et le Val-d&rsquo;Oise ont activ\u00e9 le plan \u00ab\u00a0Grand Froid\u00a0\u00bb destin\u00e9 \u00e0 prot\u00e9ger les personnes sans-abri"},"content":{"rendered":"\n<p class=\"\">Le plan grand froid destin\u00e9 \u00e0 prot\u00e9ger les personnes sans-abri avec plus d&rsquo;accueil de jour et d&rsquo;h\u00e9bergements d&rsquo;urgence la nuit a \u00e9t\u00e9 activ\u00e9 cette nuit \u00e0 Paris et en r\u00e9gion parisienne, a-t-on appris de sources pr\u00e9fectorales.&nbsp;Les pr\u00e9fectures des Hauts-de-Seine, de Seine-Saint-Denis, de Seine-et-Marne et du Val-d&rsquo;Oise ont annonc\u00e9 avoir aussi activ\u00e9 ce plan et les autres d\u00e9partements d&rsquo;\u00cele-de-France doivent suivre \u00e9galement.&nbsp;<\/p>\n\n\n\n<p class=\"\">\u00c0 Paris, la pr\u00e9fecture d&rsquo;\u00cele-de-France a annonc\u00e9 d\u00e9clencher ce dispositif \u00abcompte tenu des derni\u00e8res pr\u00e9visions m\u00e9t\u00e9orologiques de M\u00e9t\u00e9o-France pour les prochains jours\u00bb et de \u00abla persistance des temp\u00e9ratures n\u00e9gatives la nuit\u00bb.<\/p>\n\n\n\n<p class=\"\">Avec les temp\u00e9ratures tr\u00e8s froides depuis plusieurs jours, la mairie de Paris avait press\u00e9 d\u00e8s vendredi la pr\u00e9fecture, seule comp\u00e9tente pour le faire, de d\u00e9clencher \u00absans attendre\u00bb ce plan dans la capitale, en alertant sur la situation \u00abdramatique\u00bb des plusieurs milliers de sans-abri. Le plan grand froid permet une extension des horaires d&rsquo;ouverture des accueils de jour, un renforcement des maraudes et la r\u00e9quisition de lieux pour ouvrir des places d&rsquo;h\u00e9bergement d&rsquo;urgence pour les sans-abri.<\/p>\n\n\n\n<p class=\"\">\u00abDe nouvelles places seront ouvertes dans les centres d&rsquo;h\u00e9bergement et dans des salles sp\u00e9cialement mobilis\u00e9es\u00bb, en plus des 46.200 places d&rsquo;h\u00e9bergement \u00abmises \u00e0 disposition toute l&rsquo;ann\u00e9e, des 300 places suppl\u00e9mentaires ouvertes pour toute la p\u00e9riode hivernale \u00e0 Paris et des 200 nouvelles mobilis\u00e9es ces derniers jours\u00bb, a pr\u00e9cis\u00e9 la pr\u00e9fecture dans un communiqu\u00e9.<\/p>\n","protected":false},"excerpt":{"rendered":"<p>Le plan grand froid destin\u00e9 \u00e0 prot\u00e9ger les personnes sans-abri avec plus d&rsquo;accueil de jour et d&rsquo;h\u00e9bergements d&rsquo;urgence la nuit a \u00e9t\u00e9 activ\u00e9 cette nuit \u00e0 Paris et en r\u00e9gion parisienne, a-t-on appris de sources pr\u00e9fectorales.&nbsp;Les pr\u00e9fectures des Hauts-de-Seine, de Seine-Saint-Denis, de Seine-et-Marne et du Val-d&rsquo;Oise ont annonc\u00e9 avoir aussi activ\u00e9 ce plan et les [&hellip;]<\/p>\n","protected":false},"author":2,"featured_media":41105,"comment_status":"open","ping_status":"open","sticky":false,"template":"","format":"standard","meta":{"_jetpack_memberships_contains_paid_content":false,"footnotes":"","jetpack_publicize_message":"","jetpack_publicize_feature_enabled":true,"jetpack_social_post_already_shared":true,"jetpack_social_options":{"image_generator_settings":{"template":"highway","default_image_id":0,"font":"","enabled":false},"version":2},"_wpas_customize_per_network":false},"categories":[405],"tags":[],"class_list":["post-41104","post","type-post","status-publish","format-standard","has-post-thumbnail","hentry","category-actu-france-monde"],"jetpack_publicize_connections":[],"jetpack_featured_media_url":"https:\/\/i0.wp.com\/www.iceagetv.com\/radiosite\/wp-content\/uploads\/2025\/12\/DS3CrrIR.jpg?fit=679%2C293&ssl=1","jetpack_sharing_enabled":true,"_links":{"self":[{"href":"https:\/\/www.iceagetv.com\/radiosite\/wp-json\/wp\/v2\/posts\/41104","targetHints":{"allow":["GET"]}}],"collection":[{"href":"https:\/\/www.iceagetv.com\/radiosite\/wp-json\/wp\/v2\/posts"}],"about":[{"href":"https:\/\/www.iceagetv.com\/radiosite\/wp-json\/wp\/v2\/types\/post"}],"author":[{"embeddable":true,"href":"https:\/\/www.iceagetv.com\/radiosite\/wp-json\/wp\/v2\/users\/2"}],"replies":[{"embeddable":true,"href":"https:\/\/www.iceagetv.com\/radiosite\/wp-json\/wp\/v2\/comments?post=41104"}],"version-history":[{"count":1,"href":"https:\/\/www.iceagetv.com\/radiosite\/wp-json\/wp\/v2\/posts\/41104\/revisions"}],"predecessor-version":[{"id":41106,"href":"https:\/\/www.iceagetv.com\/radiosite\/wp-json\/wp\/v2\/posts\/41104\/revisions\/41106"}],"wp:featuredmedia":[{"embeddable":true,"href":"https:\/\/www.iceagetv.com\/radiosite\/wp-json\/wp\/v2\/media\/41105"}],"wp:attachment":[{"href":"https:\/\/www.iceagetv.com\/radiosite\/wp-json\/wp\/v2\/media?parent=41104"}],"wp:term":[{"taxonomy":"category","embeddable":true,"href":"https:\/\/www.iceagetv.com\/radiosite\/wp-json\/wp\/v2\/categories?post=41104"},{"taxonomy":"post_tag","embeddable":true,"href":"https:\/\/www.iceagetv.com\/radiosite\/wp-json\/wp\/v2\/tags?post=41104"}],"curies":[{"name":"wp","href":"https:\/\/api.w.org\/{rel}","templated":true}]}}