{"id":41119,"date":"2025-12-29T15:34:52","date_gmt":"2025-12-29T14:34:52","guid":{"rendered":"https:\/\/www.iceagetv.com\/radiosite\/?p=41119"},"modified":"2025-12-29T15:34:55","modified_gmt":"2025-12-29T14:34:55","slug":"licone-du-cinema-brigitte-bardot-decedee-hier-a-91-ans-sera-inhumee-au-cimetiere-marin-de-saint-tropez-et-non-a-la-madrague","status":"publish","type":"post","link":"https:\/\/www.iceagetv.com\/radiosite\/licone-du-cinema-brigitte-bardot-decedee-hier-a-91-ans-sera-inhumee-au-cimetiere-marin-de-saint-tropez-et-non-a-la-madrague\/","title":{"rendered":"L&rsquo;ic\u00f4ne du cin\u00e9ma Brigitte Bardot, d\u00e9c\u00e9d\u00e9e hier \u00e0 91 ans, sera inhum\u00e9e au cimeti\u00e8re marin de Saint-Tropez et non \u00e0 la Madrague"},"content":{"rendered":"\n<p class=\"\">Brigitte Bardot sera inhum\u00e9e au cimeti\u00e8re marin de Saint-Tropez face \u00e0 la M\u00e9diterran\u00e9e o\u00f9 reposent d\u00e9j\u00e0 ses parents, a apprit l&rsquo;AFP ce&nbsp;lundi 29 d\u00e9cembre aupr\u00e8s de la mairie qui n&rsquo;a pas pr\u00e9cis\u00e9 de date pour la c\u00e9r\u00e9monie.<\/p>\n\n\n\n<p class=\"\">L&rsquo;entourage de la star plan\u00e9taire, d\u00e9c\u00e9d\u00e9e dimanche \u00e0 91 ans, est dans le Var pour pr\u00e9parer les obs\u00e8ques, selon une source proche du dossier. L&rsquo;actrice avait exprim\u00e9 son souhait de \u00ab\u00a0reposer\u00a0\u00bb dans sa propri\u00e9t\u00e9 trop\u00e9zienne de La Madrague.<\/p>\n\n\n\n<p class=\"\">Star plan\u00e9taire, ic\u00f4ne f\u00e9minine du cin\u00e9ma puis pasionaria de la cause animale : Brigitte Bardot est d\u00e9c\u00e9d\u00e9e dimanche \u00e0 l&rsquo;\u00e2ge de 91 ans, longtemps apr\u00e8s avoir tir\u00e9 un trait sur la c\u00e9l\u00e9brit\u00e9 et le monde du 7e art.<\/p>\n\n\n\n<p class=\"\">\u00ab\u00a0La Fondation Brigitte Bardot annonce avec une immense tristesse le d\u00e9c\u00e8s de sa fondatrice et pr\u00e9sidente, Madame Brigitte Bardot, actrice et chanteuse mondialement reconnue, qui a choisi d&rsquo;abandonner sa carri\u00e8re prestigieuse pour d\u00e9dier sa vie et son \u00e9nergie \u00e0 la d\u00e9fense des animaux et \u00e0 sa Fondation\u00a0\u00bb, indiquait-elle dans un communiqu\u00e9 transmis \u00e0 l&rsquo;AFP.<\/p>\n\n\n\n<p class=\"\">L&rsquo;actrice de \u00ab\u00a0Et Dieu&#8230; cr\u00e9a la femme\u00a0\u00bb et du \u00ab\u00a0M\u00e9pris\u00a0\u00bb est d\u00e9c\u00e9d\u00e9e dimanche matin dans sa c\u00e9l\u00e8bre r\u00e9sidence de La Madrague \u00e0 Saint-Tropez, a pr\u00e9cis\u00e9 la fondation \u00e0 l&rsquo;AFP.<\/p>\n","protected":false},"excerpt":{"rendered":"<p>Brigitte Bardot sera inhum\u00e9e au cimeti\u00e8re marin de Saint-Tropez face \u00e0 la M\u00e9diterran\u00e9e o\u00f9 reposent d\u00e9j\u00e0 ses parents, a apprit l&rsquo;AFP ce&nbsp;lundi 29 d\u00e9cembre aupr\u00e8s de la mairie qui n&rsquo;a pas pr\u00e9cis\u00e9 de date pour la c\u00e9r\u00e9monie. L&rsquo;entourage de la star plan\u00e9taire, d\u00e9c\u00e9d\u00e9e dimanche \u00e0 91 ans, est dans le Var pour pr\u00e9parer les obs\u00e8ques, [&hellip;]<\/p>\n","protected":false},"author":2,"featured_media":41085,"comment_status":"open","ping_status":"open","sticky":false,"template":"","format":"standard","meta":{"_jetpack_memberships_contains_paid_content":false,"footnotes":"","jetpack_publicize_message":"","jetpack_publicize_feature_enabled":true,"jetpack_social_post_already_shared":true,"jetpack_social_options":{"image_generator_settings":{"template":"highway","default_image_id":0,"font":"","enabled":false},"version":2},"_wpas_customize_per_network":false},"categories":[68],"tags":[],"class_list":["post-41119","post","type-post","status-publish","format-standard","has-post-thumbnail","hentry","category-actu-culturelle"],"jetpack_publicize_connections":[],"jetpack_featured_media_url":"https:\/\/i0.wp.com\/www.iceagetv.com\/radiosite\/wp-content\/uploads\/2025\/12\/Fbqzhzh0.jpg?fit=679%2C293&ssl=1","jetpack_sharing_enabled":true,"_links":{"self":[{"href":"https:\/\/www.iceagetv.com\/radiosite\/wp-json\/wp\/v2\/posts\/41119","targetHints":{"allow":["GET"]}}],"collection":[{"href":"https:\/\/www.iceagetv.com\/radiosite\/wp-json\/wp\/v2\/posts"}],"about":[{"href":"https:\/\/www.iceagetv.com\/radiosite\/wp-json\/wp\/v2\/types\/post"}],"author":[{"embeddable":true,"href":"https:\/\/www.iceagetv.com\/radiosite\/wp-json\/wp\/v2\/users\/2"}],"replies":[{"embeddable":true,"href":"https:\/\/www.iceagetv.com\/radiosite\/wp-json\/wp\/v2\/comments?post=41119"}],"version-history":[{"count":1,"href":"https:\/\/www.iceagetv.com\/radiosite\/wp-json\/wp\/v2\/posts\/41119\/revisions"}],"predecessor-version":[{"id":41120,"href":"https:\/\/www.iceagetv.com\/radiosite\/wp-json\/wp\/v2\/posts\/41119\/revisions\/41120"}],"wp:featuredmedia":[{"embeddable":true,"href":"https:\/\/www.iceagetv.com\/radiosite\/wp-json\/wp\/v2\/media\/41085"}],"wp:attachment":[{"href":"https:\/\/www.iceagetv.com\/radiosite\/wp-json\/wp\/v2\/media?parent=41119"}],"wp:term":[{"taxonomy":"category","embeddable":true,"href":"https:\/\/www.iceagetv.com\/radiosite\/wp-json\/wp\/v2\/categories?post=41119"},{"taxonomy":"post_tag","embeddable":true,"href":"https:\/\/www.iceagetv.com\/radiosite\/wp-json\/wp\/v2\/tags?post=41119"}],"curies":[{"name":"wp","href":"https:\/\/api.w.org\/{rel}","templated":true}]}}