{"id":41135,"date":"2025-12-30T08:12:27","date_gmt":"2025-12-30T07:12:27","guid":{"rendered":"https:\/\/www.iceagetv.com\/radiosite\/?p=41135"},"modified":"2025-12-30T08:12:29","modified_gmt":"2025-12-30T07:12:29","slug":"reveillon-plus-de-10-000-policiers-et-gendarmes-seront-deployes-dans-les-rues-de-la-capitale-et-en-particulier-sur-les-champs-elysees-voici-les-details-du-dispositif","status":"publish","type":"post","link":"https:\/\/www.iceagetv.com\/radiosite\/reveillon-plus-de-10-000-policiers-et-gendarmes-seront-deployes-dans-les-rues-de-la-capitale-et-en-particulier-sur-les-champs-elysees-voici-les-details-du-dispositif\/","title":{"rendered":"R\u00e9veillon : Plus de 10.000 policiers et gendarmes seront d\u00e9ploy\u00e9s dans les rues de la capitale et en particulier sur les Champs-Elys\u00e9es &#8211; Voici les d\u00e9tails du dispositif"},"content":{"rendered":"\n<p class=\"\">Demain, des centaines de milliers de personnes sont attendues sur les Champs-\u00c9lys\u00e9es dans le cadre des festivit\u00e9s du Nouvel An. Bien que le concert parisien soit annul\u00e9 pour limiter les risques li\u00e9s \u00e0 l\u2019affluence, les visiteurs pourront toutefois profiter du feu d\u2019artifice qui, lui, est maintenu. De ce fait, et comme chaque ann\u00e9e, un dispositif de s\u00e9curit\u00e9 va \u00eatre mis en place d\u00e8s mercredi 31 d\u00e9cembre \u00e0 15h. Celui-ci sera par ailleurs renforc\u00e9 compte tenu de la menace terroriste \u00e9lev\u00e9e et en raison de l\u2019attaque antis\u00e9mite survenue \u00e0 Sydney le 14 d\u00e9cembre dernier au premier jour de c\u00e9l\u00e9bration de Hanouka.<\/p>\n\n\n\n<p class=\"\">Dans un arr\u00eat\u00e9 pr\u00e9fectoral publi\u00e9 le 22 d\u00e9cembre dernier, la pr\u00e9fecture de Police explique que \u00ables festivit\u00e9s sont susceptibles de constituer une cible privil\u00e9gi\u00e9e et symbolique pour des actes de nature terroriste eu \u00e9gard \u00e0 l\u2019ampleur attendue de leur fr\u00e9quentation\u00bb.<\/p>\n\n\n\n<p class=\"\">Par cons\u00e9quent, et face \u00e0 l\u2019affluence pr\u00e9vue, la pr\u00e9fecture de Police de Paris a indiqu\u00e9 que 10.000 policiers et gendarmes seront d\u00e9ploy\u00e9s dans les rues de la capitale et en petite couronne.&nbsp;<\/p>\n\n\n\n<p class=\"\">Des militaires de la brigade de sapeurs-pompiers de Paris (BSPP), ceux de l&rsquo;op\u00e9ration Sentinelles ainsi que les policiers municipaux de l&rsquo;ensemble de l&rsquo;agglom\u00e9ration parisienne seront \u00e9galement d\u00e9ploy\u00e9s. De plus, certaines lignes de m\u00e9tro parisien seront ferm\u00e9es.<\/p>\n\n\n\n<p class=\"\">A compter d&rsquo;aujourd&rsquo;hui, le stationnement sera interdit dans des voies et des portions de voies des 8e, 16e et 17e arrondissements. Puis, la circulation motoris\u00e9e sera interdite ce mercredi \u00e0 compter de 14h, du haut de l&rsquo;avenue des Champs-Elys\u00e9es et jusqu&rsquo;\u00e0 la Porte Maillot.<\/p>\n\n\n\n<p class=\"\">Un premier p\u00e9rim\u00e8tre de protection sera institu\u00e9 autour de la place Charles-de-Gaulle mercredi 31 d\u00e9cembre de 15h \u00e0 16h. Au sein de celui-ci, l\u2019acc\u00e8s et la circulation des personnes et des v\u00e9hicules seront r\u00e9glement\u00e9s et limit\u00e9s aux services de police, de gendarmerie et de secours ainsi qu\u2019aux organisateurs des festivit\u00e9s du passage \u00e0 la nouvelle ann\u00e9e.<\/p>\n\n\n\n<p class=\"\">Puis, \u00e0 16h, un second p\u00e9rim\u00e8tre de s\u00e9curit\u00e9 sera institu\u00e9. Celui-ci englobera l\u2019ensemble de l\u2019avenue des Champs-\u00c9lys\u00e9es et ses abords. C<\/p>\n\n\n\n<p class=\"\">e p\u00e9rim\u00e8tre restera en vigueur jusqu\u2019au jeudi 1er janvier \u00e0 4h du matin. Les f\u00eatards voulant se rendre sur les Champs-\u00c9lys\u00e9es devront passer par l\u2019un des points de filtrage \u00e9tablis autour du p\u00e9rim\u00e8tre de s\u00e9curit\u00e9.<\/p>\n\n\n\n<p class=\"\">Sur la zone au nord de la plus avenue du monde, cinq acc\u00e8s seront ouverts au public, au niveau de l\u2019Avenue Matignon, Avenue Franklin Delano Roosevelt, Rue du Colis\u00e9e, Rue La Bo\u00e9tie et Rue de Berri. Sur la zone sud, neuf points de filtrage seront accessibles, dont Rue Lincoln, Rue Babeuf, Rue Marignan, Avenue Montaigne, Rue Bayard, Cours de la Reine et Place de la Concorde.&nbsp;<\/p>\n\n\n\n<p class=\"\">Aux points de contr\u00f4les, les f\u00eatards ont l\u2019obligation de se soumettre \u00ab\u00e0 la demande des agents autoris\u00e9s par le pr\u00e9sent arr\u00eat\u00e9 \u00e0 proc\u00e9der \u00e0 ces v\u00e9rifications, \u00e0 des palpations de s\u00e9curit\u00e9, \u00e0 l\u2019inspection visuelle et \u00e0 la fouille des bagages ainsi qu\u2019\u00e0 la visite de leur v\u00e9hicule\u00bb, indique l\u2019arr\u00eat\u00e9 de la pr\u00e9fecture de Police.<\/p>\n\n\n\n<p class=\"\">Sans pr\u00e9judice des sanctions p\u00e9nales auxquelles s\u2019exposent les personnes en infraction avec les dispositions du pr\u00e9sent titre, celles qui refusent de se soumettre \u00e0 l&rsquo;inspection visuelle de leurs bagages \u00e0 main, \u00e0 leur fouille, \u00e0 des palpations de s\u00e9curit\u00e9 ou \u00e0 la visite de leur v\u00e9hicule peuvent se voir interdire l\u2019acc\u00e8s aux p\u00e9rim\u00e8tres ou \u00eatre conduites \u00e0 l\u2019ext\u00e9rieur de ceux-ci\u00bb, \u00e9crit la pr\u00e9fecture de police.<\/p>\n\n\n\n<p class=\"\">Comme lors de chaque rassemblement festif, plusieurs mesures sont applicables. En effet, les rassemblements de nature revendicative sont interdits, tout comme le port, le transport et l\u2019utilisation des artifices de divertissements, des armes \u00e0 feu, y compris factices, des munitions et de tout objet susceptible de constituer une arme.<\/p>\n\n\n\n<p class=\"\">De m\u00eame pour la vente, l\u2019introduction et la d\u00e9tention sans motif l\u00e9gitime de tous objets susceptibles de constituer une arme. Aussi, et pour pr\u00e9venir les d\u00e9bordements de la violence, la vente d\u2019alcool et sa consommation sur la voie publique sont interdites ce mercredi \u00e0 compter de 16h dans tout p\u00e9rim\u00e8tre de s\u00e9curit\u00e9.<\/p>\n\n\n\n<p class=\"\">De plus, \u00ables terrasses ouvertes, terrasses ferm\u00e9es et contre-terrasses install\u00e9es sur l\u2019avenue des Champs-\u00c9lys\u00e9es doivent \u00eatre vid\u00e9es de tout mobilier\u00bb, explique la pr\u00e9fecture de Police. Il s\u2019agit d\u2019une nouveaut\u00e9 cette ann\u00e9e. Cette mesure sera en vigueur jusqu\u2019au jeudi 1er janvier \u00e0 4h. De son c\u00f4t\u00e9, la Ville de Paris a concoct\u00e9 un petit programme pour la soir\u00e9e du 31 d\u00e9cembre.<\/p>\n","protected":false},"excerpt":{"rendered":"<p>Demain, des centaines de milliers de personnes sont attendues sur les Champs-\u00c9lys\u00e9es dans le cadre des festivit\u00e9s du Nouvel An. Bien que le concert parisien soit annul\u00e9 pour limiter les risques li\u00e9s \u00e0 l\u2019affluence, les visiteurs pourront toutefois profiter du feu d\u2019artifice qui, lui, est maintenu. De ce fait, et comme chaque ann\u00e9e, un dispositif [&hellip;]<\/p>\n","protected":false},"author":2,"featured_media":41136,"comment_status":"open","ping_status":"open","sticky":false,"template":"","format":"standard","meta":{"_jetpack_memberships_contains_paid_content":false,"footnotes":"","jetpack_publicize_message":"","jetpack_publicize_feature_enabled":true,"jetpack_social_post_already_shared":true,"jetpack_social_options":{"image_generator_settings":{"template":"highway","default_image_id":0,"font":"","enabled":false},"version":2},"_wpas_customize_per_network":false},"categories":[405],"tags":[],"class_list":["post-41135","post","type-post","status-publish","format-standard","has-post-thumbnail","hentry","category-actu-france-monde"],"jetpack_publicize_connections":[],"jetpack_featured_media_url":"https:\/\/i0.wp.com\/www.iceagetv.com\/radiosite\/wp-content\/uploads\/2025\/12\/Reveillon-du-Nouvel-An.jpg?fit=676%2C392&ssl=1","jetpack_sharing_enabled":true,"_links":{"self":[{"href":"https:\/\/www.iceagetv.com\/radiosite\/wp-json\/wp\/v2\/posts\/41135","targetHints":{"allow":["GET"]}}],"collection":[{"href":"https:\/\/www.iceagetv.com\/radiosite\/wp-json\/wp\/v2\/posts"}],"about":[{"href":"https:\/\/www.iceagetv.com\/radiosite\/wp-json\/wp\/v2\/types\/post"}],"author":[{"embeddable":true,"href":"https:\/\/www.iceagetv.com\/radiosite\/wp-json\/wp\/v2\/users\/2"}],"replies":[{"embeddable":true,"href":"https:\/\/www.iceagetv.com\/radiosite\/wp-json\/wp\/v2\/comments?post=41135"}],"version-history":[{"count":1,"href":"https:\/\/www.iceagetv.com\/radiosite\/wp-json\/wp\/v2\/posts\/41135\/revisions"}],"predecessor-version":[{"id":41137,"href":"https:\/\/www.iceagetv.com\/radiosite\/wp-json\/wp\/v2\/posts\/41135\/revisions\/41137"}],"wp:featuredmedia":[{"embeddable":true,"href":"https:\/\/www.iceagetv.com\/radiosite\/wp-json\/wp\/v2\/media\/41136"}],"wp:attachment":[{"href":"https:\/\/www.iceagetv.com\/radiosite\/wp-json\/wp\/v2\/media?parent=41135"}],"wp:term":[{"taxonomy":"category","embeddable":true,"href":"https:\/\/www.iceagetv.com\/radiosite\/wp-json\/wp\/v2\/categories?post=41135"},{"taxonomy":"post_tag","embeddable":true,"href":"https:\/\/www.iceagetv.com\/radiosite\/wp-json\/wp\/v2\/tags?post=41135"}],"curies":[{"name":"wp","href":"https:\/\/api.w.org\/{rel}","templated":true}]}}