{"id":41186,"date":"2025-12-31T15:15:06","date_gmt":"2025-12-31T14:15:06","guid":{"rendered":"https:\/\/www.iceagetv.com\/radiosite\/?p=41186"},"modified":"2025-12-31T15:15:08","modified_gmt":"2025-12-31T14:15:08","slug":"maquillage-vetements-ces-produits-contenant-des-polluants-eternels-seront-interdits-des-le-1er-janvier-2026","status":"publish","type":"post","link":"https:\/\/www.iceagetv.com\/radiosite\/maquillage-vetements-ces-produits-contenant-des-polluants-eternels-seront-interdits-des-le-1er-janvier-2026\/","title":{"rendered":"Maquillage, v\u00eatements&#8230; Ces produits contenant des polluants \u00e9ternels seront interdits d\u00e8s le 1er janvier 2026"},"content":{"rendered":"\n<p class=\"\">D\u00e8s ce jeudi 1er janvier, de nombreux produits vont \u00eatre interdits \u00e0 la fabrication et \u00e0 la vente parce qu&rsquo;ils contiennent des PFAS ou \u00ab\u00a0polluants \u00e9ternels\u00a0\u00bb, tr\u00e8s dangereux pour la sant\u00e9. RMC Conso vous dresse la liste des produits concern\u00e9s.<\/p>\n\n\n\n<p class=\"\">D\u00e8s le 1er janvier 2026, de nombreux produits vont dispara\u00eetre de vos placards. Et pour cause, le gouvernement a publi\u00e9 ce mardi 30 d\u00e9cembre\u00a0<a href=\"https:\/\/www.legifrance.gouv.fr\/jorf\/id\/JORFTEXT000053201526\" target=\"_blank\" rel=\"noreferrer noopener\">un d\u00e9cret<\/a>\u00a0sur l&rsquo;interdiction de \u00ab\u00a0fabrication, d&rsquo;importation, d&rsquo;exportation et de mise sur le march\u00e9 de produits contenant des substances perfluoroalkyl\u00e9es et polyfluoroalkyl\u00e9es, les\u00a0<a href=\"https:\/\/rmc.bfmtv.com\/actualites\/sciences-nature\/des-polluants-eternels-sont-presents-dans-notre-eau-du-robinet-selon-l-anses_AV-202512040660.html\">PFAS<\/a>\u00ab\u00a0, aussi appel\u00e9es \u00ab\u00a0polluants \u00e9ternels\u00a0\u00bb.Ce d\u00e9cret, qui d\u00e9coule de la loi du 27 f\u00e9vrier 2025, pr\u00e9cise que tout \u00e9quipement contenant plus de 25ppb sera concern\u00e9 par cette interdiction. Par ailleurs, la somme des polluants \u00e9ternels mesur\u00e9s dans le produit ne pourra pas exc\u00e9der 250ppb. Pour les produits dont la fabrication est ant\u00e9rieure, ils pourront \u00eatre mis sur le march\u00e9 ou import\u00e9s \u00ab\u00a0pendant une dur\u00e9e maximale de 12 mois \u00e0 compter de cette date\u00a0\u00bb.<\/p>\n\n\n\n<p class=\"\">Une mesure plus que bienvenue, alors que les effets n\u00e9fastes de ces substances sur la sant\u00e9 et l&rsquo;environnement ne sont plus \u00e0 prouver. Les polluants \u00e9ternels agissent comme des perturbateurs endocriniens, qui peuvent chambouler le syst\u00e8me hormonal (organes pas correctement d\u00e9velopp\u00e9s, poids anormal, probl\u00e8mes de fertilit\u00e9 etc.). Mais alors, quels sont les produits concern\u00e9s par cette interdiction? RMC Conso fait le point.<\/p>\n\n\n\n<h2 class=\"wp-block-heading\" id=\"cfg26\">Cosm\u00e9tiques, v\u00eatements imperm\u00e9ables, farts sur les skis&#8230;<\/h2>\n\n\n\n<p class=\"\">Tous les\u00a0<a href=\"https:\/\/rmc.bfmtv.com\/conso\/habillement\/soiree-du-nouvel-an-les-cosmetiques-pailletes-sont-potentiellement-dangereux-pour-la-sante_AN-202512300356.html\">produits cosm\u00e9tiques<\/a>\u00a0(poudres, mascaras, soins anti-\u00e2ge, fonds de teint) qui utilisent des PFAS pour les rendre plus r\u00e9sistants \u00e0 l&rsquo;eau ou proposer des couleurs capables de tenir plus longtemps seront d\u00e9sormais interdits.Comme l&rsquo;a expliqu\u00e9 Zo\u00e9 Kerlo, ing\u00e9nieure toxicologue, au m\u00e9dia&nbsp;<a href=\"https:\/\/vert.eco\/articles\/loreal-lancome-kiko-ces-marques-qui-utilisent-des-polluants-eternels-dans-leurs-cosmetiques\" target=\"_blank\" rel=\"noreferrer noopener\">Vert<\/a>, la liste des produits concern\u00e9s est longue et touche des produits tr\u00e8s populaires, \u00e0 l&rsquo;image des marques L&rsquo;Or\u00e9al, Kiko, Natasha Denona, Charlotte Tilbury ou encore Laneige.<\/p>\n\n\n\n<p class=\"\">Le secteur du textile ne sera \u00e9galement pas \u00e9pargn\u00e9 par ce nouveau d\u00e9cret. Sont concern\u00e9s les v\u00eatements, notamment ceux imperm\u00e9ables, d\u00e9perlants et respirants (parkas, vestes), mais aussi les chaussures \u00e9tanches.<\/p>\n\n\n\n<p class=\"\">En effet, les PFAS sont largement utilis\u00e9s pour emp\u00eacher l&rsquo;eau d&rsquo;impr\u00e9gner les tissus. Ils sont aussi pris\u00e9s pour leur r\u00e9sistance aux fortes chaleurs, leur effet antitache et antiadh\u00e9sif.Pour autant, il est tout \u00e0 fait possible de cr\u00e9er ce type de v\u00eatements sans ces substances. Certains ont d\u00e9j\u00e0 commenc\u00e9, notamment avec l&rsquo;aide de l&rsquo;Institut fran\u00e7ais du textile et de l&rsquo;habillement qui d\u00e9veloppe des solutions hydrophobes sans PFAS.<\/p>\n\n\n\n<p class=\"\">Et enfin, c&rsquo;est \u00e9galement le monde du ski qui est touch\u00e9 par cette interdiction, avec notamment les farts, ces produits qui servent \u00e0 am\u00e9liorer la glisse. Sont aussi concern\u00e9s ceux au fluor, qui restent tr\u00e8s r\u00e9pandus. Ils ont \u00e9t\u00e9 interdits en 2023 lors des comp\u00e9titions internationales de ski et nationales en France.<\/p>\n\n\n\n<p class=\"\">Ceux-ci seraient particuli\u00e8rement dangereux pour l&rsquo;environnement. D&rsquo;apr\u00e8s une<a href=\"https:\/\/pubs.rsc.org\/en\/content\/articlelanding\/2023\/EM\/D3EM00375B\" target=\"_blank\" rel=\"noreferrer noopener\">&nbsp;\u00e9tude men\u00e9e par l&rsquo;Institut James Hutton d&rsquo;Aberdeen et l&rsquo;Universit\u00e9 de Graz en Autriche<\/a>&nbsp;en 2023, ces farts ont entra\u00een\u00e9 la contamination de centaines de sites en montagne en raison de leur abrasion au contact de la neige qui lib\u00e8re des substances qui s&rsquo;infiltrent dans les sols et l&rsquo;eau.<\/p>\n\n\n\n<h2 class=\"wp-block-heading\" id=\"2cb21\">Quelques exceptions<\/h2>\n\n\n\n<p class=\"\">Cependant, il y a des exceptions \u00e0 noter. C&rsquo;est par exemple le cas des v\u00eatements de protection destin\u00e9s aux militaires ou aux pompiers. Ces \u00e9quipements pourraient \u00eatre concern\u00e9s d\u00e8s 2030, lorsque la liste des marchandises interdites sera compl\u00e8tement \u00e9toff\u00e9e. Celle-ci sera \u00e9tendue \u00e0 l\u2019ensemble des textiles, notamment l&rsquo;automobile et l&rsquo;ameublement.<\/p>\n\n\n\n<p class=\"\">Dans ce secteur, un des produits qui utilise beaucoup de PFAS, ce sont les nappes cir\u00e9es. \u00ab\u00a0On utilise tr\u00e8s peu de r\u00e9sine perfluor\u00e9e dans nos produits, mais celle-ci reste indispensable pour que les nappes soient antitaches\u00a0\u00bb, s&rsquo;inqui\u00e9tait aupr\u00e8s de&nbsp;<a href=\"https:\/\/reporterre.net\/Fin-des-PFAS-les-vetements-impermeables-en-quete-d-alternatives\" target=\"_blank\" rel=\"noreferrer noopener\">Reporterre<\/a>&nbsp;Laurence Le Crocq, fondatrice d&rsquo;une marque de nappes fabriqu\u00e9es en France. Des alternatives commencent \u00e0 se d\u00e9velopper, notamment \u00e0 base de polyester recycl\u00e9.<\/p>\n\n\n\n<p class=\"\">De m\u00eame pour les secteurs comme l&rsquo;industrie, o\u00f9 les PFAS sont utilis\u00e9s dans les membranes des machines, les enveloppes de toitures ou les protections solaires pour les b\u00e2timents.<\/p>\n\n\n\n<p class=\"\">Dans ces cas-l\u00e0, des exemptions sont pr\u00e9vues, notamment pour les \u00ab\u00a0produits textiles n\u00e9cessaires \u00e0 des utilisations essentielles\u00a0\u00bb comme les \u00ab\u00a0produits textiles contribuant \u00e0 l&rsquo;exercice de la souverainet\u00e9 nationale et pour lesquels il n&rsquo;existe pas de solution de substitution, ainsi que les textiles techniques \u00e0 usage industriel\u00a0\u00bb, pr\u00e9cise le&nbsp;<a href=\"https:\/\/questions.assemblee-nationale.fr\/q17\/17-6597QE.htm\" target=\"_blank\" rel=\"noreferrer noopener\">minist\u00e8re de la Transition \u00e9cologique<\/a>.<\/p>\n\n\n\n<p class=\"\">Par ailleurs, pour \u00ab\u00a0les textiles d&rsquo;habillement et chaussures incorporant au moins 20% de mati\u00e8re recycl\u00e9e issue de d\u00e9chets post-consommation\u00a0\u00bb, la pr\u00e9sence de polluants \u00e9ternels est \u00ab\u00a0limit\u00e9e \u00e0 la fraction de mati\u00e8re recycl\u00e9e\u00a0\u00bb, ajoute le d\u00e9cret.<\/p>\n\n\n\n<h2 class=\"wp-block-heading\" id=\"26lcj\">Les po\u00eales \u00e9chappent au d\u00e9cret<\/h2>\n\n\n\n<p class=\"\">Mais il y a encore de la r\u00e9sistance du c\u00f4t\u00e9 des ustensiles de cuisine, souvent point\u00e9s du doigt \u00e0 cause de&nbsp;<a href=\"https:\/\/rmc.bfmtv.com\/conso\/conseils-d-achat\/quelles-poeles-choisir-pour-une-cuisson-non-toxique-sans-pfas-et-qui-n-accroche-pas_AN-202509250623.html\">leurs rev\u00eatements antiadh\u00e9sifs remplis de PFAS<\/a>. \u00ab\u00a0Encore une fois, la majorit\u00e9 alli\u00e9e aux R\u00e9publicains et au Rassemblement national a c\u00e9d\u00e9 au lobbying Seb, au d\u00e9triment de la sant\u00e9 des Fran\u00e7ais. C&rsquo;est une honte\u00a0\u00bb, avaient d\u00e9nonc\u00e9 les d\u00e9put\u00e9s \u00e9cologistes.<\/p>\n\n\n\n<p class=\"\">De l&rsquo;autre c\u00f4t\u00e9, les d\u00e9put\u00e9s ont assur\u00e9 s&rsquo;\u00eatre oppos\u00e9s \u00e0 l&rsquo;amendement pour \u00ab\u00a0laisser le temps n\u00e9cessaire\u00a0\u00bb aux industries fran\u00e7aises de \u00ab\u00a0trouver des alternatives satisfaisantes\u00a0\u00bb. De m\u00eame, les emballages alimentaires ont \u00e9t\u00e9 exclus du p\u00e9rim\u00e8tre du d\u00e9cret, en raison de leur int\u00e9gration au r\u00e8glement europ\u00e9en de 2024 sur les emballages et les d\u00e9chets d&#8217;emballages.<\/p>\n\n\n\n<p class=\"\">Le pr\u00e9sident de l&rsquo;Union des industries textiles (UIT), Olivier Ducatillion, a assur\u00e9 que \u00ab\u00a0les Fran\u00e7ais se tirent une balle dans le pied\u00a0\u00bb en \u00e9tant les premiers \u00e0 appliquer cette mesure en Europe. Face \u00e0 \u00ab\u00a0une concurrence mondiale de plus en plus agressive\u00a0\u00bb, il faut \u00ab\u00a0une politique coh\u00e9rente\u00a0\u00bb pour \u00ab\u00a0tous les \u00c9tats membres\u00a0\u00bb d&rsquo;ici \u00e0 2027, a-t-il plaid\u00e9.<\/p>\n","protected":false},"excerpt":{"rendered":"<p>D\u00e8s ce jeudi 1er janvier, de nombreux produits vont \u00eatre interdits \u00e0 la fabrication et \u00e0 la vente parce qu&rsquo;ils contiennent des PFAS ou \u00ab\u00a0polluants \u00e9ternels\u00a0\u00bb, tr\u00e8s dangereux pour la sant\u00e9. RMC Conso vous dresse la liste des produits concern\u00e9s. D\u00e8s le 1er janvier 2026, de nombreux produits vont dispara\u00eetre de vos placards. Et pour [&hellip;]<\/p>\n","protected":false},"author":2,"featured_media":41187,"comment_status":"open","ping_status":"open","sticky":false,"template":"","format":"standard","meta":{"_jetpack_memberships_contains_paid_content":false,"footnotes":"","jetpack_publicize_message":"","jetpack_publicize_feature_enabled":true,"jetpack_social_post_already_shared":true,"jetpack_social_options":{"image_generator_settings":{"template":"highway","default_image_id":0,"font":"","enabled":false},"version":2},"_wpas_customize_per_network":false},"categories":[405],"tags":[],"class_list":["post-41186","post","type-post","status-publish","format-standard","has-post-thumbnail","hentry","category-actu-france-monde"],"jetpack_publicize_connections":[],"jetpack_featured_media_url":"https:\/\/i0.wp.com\/www.iceagetv.com\/radiosite\/wp-content\/uploads\/2025\/12\/Ces-produits-contenant-des-polluants-eternels-seront-interdits-des-le-1er-janvier-2026.jpg?fit=751%2C393&ssl=1","jetpack_sharing_enabled":true,"_links":{"self":[{"href":"https:\/\/www.iceagetv.com\/radiosite\/wp-json\/wp\/v2\/posts\/41186","targetHints":{"allow":["GET"]}}],"collection":[{"href":"https:\/\/www.iceagetv.com\/radiosite\/wp-json\/wp\/v2\/posts"}],"about":[{"href":"https:\/\/www.iceagetv.com\/radiosite\/wp-json\/wp\/v2\/types\/post"}],"author":[{"embeddable":true,"href":"https:\/\/www.iceagetv.com\/radiosite\/wp-json\/wp\/v2\/users\/2"}],"replies":[{"embeddable":true,"href":"https:\/\/www.iceagetv.com\/radiosite\/wp-json\/wp\/v2\/comments?post=41186"}],"version-history":[{"count":1,"href":"https:\/\/www.iceagetv.com\/radiosite\/wp-json\/wp\/v2\/posts\/41186\/revisions"}],"predecessor-version":[{"id":41188,"href":"https:\/\/www.iceagetv.com\/radiosite\/wp-json\/wp\/v2\/posts\/41186\/revisions\/41188"}],"wp:featuredmedia":[{"embeddable":true,"href":"https:\/\/www.iceagetv.com\/radiosite\/wp-json\/wp\/v2\/media\/41187"}],"wp:attachment":[{"href":"https:\/\/www.iceagetv.com\/radiosite\/wp-json\/wp\/v2\/media?parent=41186"}],"wp:term":[{"taxonomy":"category","embeddable":true,"href":"https:\/\/www.iceagetv.com\/radiosite\/wp-json\/wp\/v2\/categories?post=41186"},{"taxonomy":"post_tag","embeddable":true,"href":"https:\/\/www.iceagetv.com\/radiosite\/wp-json\/wp\/v2\/tags?post=41186"}],"curies":[{"name":"wp","href":"https:\/\/api.w.org\/{rel}","templated":true}]}}