{"id":41191,"date":"2025-12-31T15:59:12","date_gmt":"2025-12-31T14:59:12","guid":{"rendered":"https:\/\/www.iceagetv.com\/radiosite\/?p=41191"},"modified":"2025-12-31T15:59:14","modified_gmt":"2025-12-31T14:59:14","slug":"feux-dartifice-spectacles-son-et-lumiere-bals-demandez-le-programme-des-festivites-du-nouvel-an-a-travers-la-france","status":"publish","type":"post","link":"https:\/\/www.iceagetv.com\/radiosite\/feux-dartifice-spectacles-son-et-lumiere-bals-demandez-le-programme-des-festivites-du-nouvel-an-a-travers-la-france\/","title":{"rendered":"Feux d&rsquo;artifice, spectacles son et lumi\u00e8re, bals\u2026 Demandez le programme des festivit\u00e9s du Nouvel An \u00e0 travers la France"},"content":{"rendered":"\n<p class=\"\">La France s&rsquo;appr\u00eate \u00e0 c\u00e9l\u00e9brer le passage \u00e0 2026 avec un programme des festivit\u00e9s charg\u00e9. Plusieurs grandes m\u00e9tropoles feront toutefois l&rsquo;impasse sur les feux d&rsquo;artifice.Le passage \u00e0 2026 est imminent. Mais avant d&rsquo;entamer cette nouvelle ann\u00e9e,&nbsp;<a href=\"https:\/\/www.franceinfo.fr\/monde\/nouvel-an-2025\/reveillon-du-nouvel-an-environ-90-000-policiers-et-gendarmes-mobilises-ce-31-decembre-en-france_6986840.html\">les festivit\u00e9s du 31&nbsp;d\u00e9cembre<\/a>&nbsp;vont battre leur plein partout dans le monde et en France. Si les traditionnels feux d&rsquo;artifice ne sont plus autant pris\u00e9s qu&rsquo;\u00e0 une \u00e9poque \u2013 il n&rsquo;y en aura pas \u00e0 Lyon, Bordeaux ou encore Lille \u2013, de nombreuses communes en proposent encore, tout comme des concerts ou des son et lumi\u00e8re. De Paris \u00e0 Cayenne, franceinfo vous propose un petit tour des festivit\u00e9s dans le pays, non exhaustif bien s\u00fbr.<\/p>\n\n\n\n<h2 class=\"wp-block-heading\">A Paris, le traditionnel feu d&rsquo;artifice sur les Champs-Elys\u00e9es, mais sans concert en direct<\/h2>\n\n\n\n<p class=\"\">A 23h50, un \u00ab\u00a0mapping vid\u00e9o\u00a0\u00bb sera projet\u00e9 sur l&rsquo;Arc de Triomphe pour\u00a0<em>\u00ab\u00a0mettre en avant le Paris des arts et des id\u00e9es\u00a0\u00bb<\/em>, selon\u00a0<a href=\"https:\/\/www.paris.fr\/evenements\/soiree-du-nouvel-an-tout-ce-qu-il-faut-savoir-sur-le-feu-d-artifice-des-champs-elysees-102364\" target=\"_blank\" rel=\"noreferrer noopener\">le site de la mairie de Paris(Nouvelle fen\u00eatre)<\/a>. Les spectateurs d\u00e9couvriront un hommage au 70e anniversaire du jumelage entre Paris et Rome, mais aussi\u00a0<em>\u00ab\u00a0quelques clins d&rsquo;\u0153il \u00e0 l&rsquo;ann\u00e9e historique que vient de r\u00e9aliser le PSG\u00a0\u00bb<\/em>. Puis viendra le d\u00e9compte vers la nouvelle ann\u00e9e. A minuit, le feu d&rsquo;artifice commencera\u00a0<em>\u00ab\u00a0avec un flash blanc total, suivi d&rsquo;une d\u00e9ferlante de lumi\u00e8res dor\u00e9es, argent\u00e9es et bleues, illuminant la fa\u00e7ade de l&rsquo;Arc de Triomphe\u00a0\u00bb.\u00a0<\/em>Le spectacle se terminera par la diffusion de la c\u00e9l\u00e8bre chanson\u00a0<em>Imagine<\/em>, de John Lennon.Contrairement aux deux derni\u00e8res ann\u00e9es<a href=\"https:\/\/www.franceinfo.fr\/monde\/nouvel-an-2025\/reveillon-du-31-decembre-il-n-y-aura-pas-de-concert-sur-les-champs-elysees-a-paris-cette-annee-pour-minimiser-les-risques_7651964.html\">,<\/a>&nbsp;il n&rsquo;y aura&nbsp;<a href=\"https:\/\/www.franceinfo.fr\/monde\/nouvel-an-2025\/reveillon-du-31-decembre-il-n-y-aura-pas-de-concert-sur-les-champs-elysees-a-paris-cette-annee-pour-minimiser-les-risques_7651964.html\">pas de concert du r\u00e9veillon sur les Champs-Elys\u00e9es<\/a>. La ville de Paris affirme avoir d\u00fb se&nbsp;<em>\u00ab\u00a0plier\u00a0\u00bb<\/em>&nbsp;au refus de la pr\u00e9fecture de police, qui a invoqu\u00e9 des raisons de s\u00e9curit\u00e9. \u00ab\u00a0<em>L&rsquo;an dernier, on a eu plus de frayeurs en deux heures de r\u00e9veillon sur les Champs qu&rsquo;en trois semaines de Jeux olympiques<\/em>\u00ab\u00a0, a confi\u00e9 un commissaire de police parisien \u00e0 franceinfo.<\/p>\n\n\n\n<p class=\"\">En amont des douze coups de minuit, les t\u00e9l\u00e9spectateurs de France&nbsp;2 pourront toutefois profiter d&rsquo;une ambiance de concert dans la capitale, gr\u00e2ce \u00e0 des s\u00e9quences enregistr\u00e9es en amont. Certaines ont \u00e9t\u00e9 tourn\u00e9es sur la place de la Concorde, fin novembre, avec des figurants en guise de public. Ponctu\u00e9e par le feu d&rsquo;artifice des Champs-Elys\u00e9es, cette soir\u00e9e promet d&rsquo;<em>\u00ab\u00a0offrir \u00e0 tous un spectacle musical et f\u00e9erique\u00a0\u00bb<\/em>, selon France T\u00e9l\u00e9visions.<\/p>\n\n\n\n<h2 class=\"wp-block-heading\">A Lyon, un son et lumi\u00e8re \u00e0 Notre-Dame de Fourvi\u00e8re<\/h2>\n\n\n\n<p class=\"\">La capitale des Gaules, qui a vibr\u00e9 durant le mois de d\u00e9cembre au rythme de la\u00a0<a href=\"https:\/\/www.franceinfo.fr\/france\/auvergne-rhone-alpes\/rhone\/lyon\/en-images-la-ville-de-lyon-s-illumine-pour-une-nouvelle-edition-de-la-fete-des-lumieres_7658521.html\">F\u00eate des Lumi\u00e8res<\/a>, prolonge le plaisir. La R\u00e9gion Auvergne-Rh\u00f4ne-Alpes propose un spectacle son et lumi\u00e8re \u00e0 la basilique Notre-Dame de Fourvi\u00e8re.<em>Vous serez invit\u00e9s \u00e0 plonger dans une dizaine de tableaux vivants, retra\u00e7ant l&rsquo;histoire du site de Fourvi\u00e8re, notamment la construction de la basilique avec ses d\u00e9cors haut en couleur et de ses tr\u00e9sors. Lyon, ville d&rsquo;art, est aussi \u00e0 l&rsquo;honneur, avec la projection de c\u00e9l\u00e8bres portraits de femmes issus des collections du Mus\u00e9e des Beaux-Arts de Lyon\u00a0\u00bb<\/em>, peut-on lire sur&nbsp;<a href=\"https:\/\/www.fourviere.org\/fr\/evenement\/son-et-lumiere-2025-fourviere-en-voix\/\" target=\"_blank\" rel=\"noreferrer noopener\">le site de la basilique(Nouvelle fen\u00eatre)<\/a>. Le spectacle, d&rsquo;une dur\u00e9e de 18&nbsp;minutes, est accessible gratuitement entre 18h45 et 21h45.<\/p>\n\n\n\n<h2 class=\"wp-block-heading\">A Cannes, un feu d&rsquo;artifice en hommage \u00e0 Marylin Monroe<\/h2>\n\n\n\n<p class=\"\">A Cannes (Alpes-Maritimes),\u00a0<a href=\"https:\/\/www.cannes-france.com\/offres\/feu-dartifice-du-nouvel-an-cannes-fr-3807135\/\" target=\"_blank\" rel=\"noreferrer noopener\">la mairie(Nouvelle fen\u00eatre)<\/a>\u00a0organise \u00ab\u00a0un\u00a0<em>spectacle pyrotechnique et musical\u00a0\u00bb\u00a0<\/em>qui\u00a0<em>\u00ab\u00a0illuminera de mille feux la baie\u00a0\u00bb<\/em>. Il aura pour th\u00e8me la c\u00e9l\u00e8bre actrice am\u00e9ricaine Marylin Monroe,\u00a0<em>\u00ab\u00a0\u00e0 l&rsquo;occasion des 100\u00a0ans de sa naissance\u00a0\u00bb<\/em>.\u00a0D&rsquo;autres feux d&rsquo;artifice sont pr\u00e9vus dans la r\u00e9gion, comme \u00e0 Saintes-Maries-de-la-Mer (Bouches-du-Rh\u00f4ne), d\u00e8s 18h30, au niveau de la plage. A Sanary-sur-Mer (Var), le rendez-vous est donn\u00e9 \u00e0 19\u00a0heures sur le port, tandis qu&rsquo;\u00e0 SuperD\u00e9voluy (Hautes-Alpes), il faudra attendre minuit sur le front de neige pour observer le spectacle.A Marseille, \u00e0 d\u00e9faut de concert ou de feu d&rsquo;artifice, une partie du Vieux-Port sera pi\u00e9tonnis\u00e9e sur ordre de la pr\u00e9fecture. De 18&nbsp;heures \u00e0 2&nbsp;heures du matin,&nbsp;<a href=\"https:\/\/france3-regions.franceinfo.fr\/provence-alpes-cote-d-azur\/bouches-du-rhone\/marseille\/policiers-crs-militaires-de-la-force-sentinelle-circulation-interdite-ce-qui-est-prevu-pour-le-reveillon-du-jour-de-l-an-a-marseille-et-dans-les-bouches-du-rhone-3273995.html\" rel=\"noreferrer noopener\" target=\"_blank\">il sera interdit de circuler dans plusieurs rues du centre-ville(Nouvelle fen\u00eatre)<\/a>&nbsp;et un important dispositif de s\u00e9curit\u00e9 sera d\u00e9ploy\u00e9.<\/p>\n\n\n\n<h2 class=\"wp-block-heading\">A Bourges, un feu d&rsquo;artifice et deux son et lumi\u00e8re<\/h2>\n\n\n\n<p class=\"\">Dans la pr\u00e9fecture du Cher, la Ville sort le grand jeu. Outre le retour d&rsquo;un feu d&rsquo;artifice, \u00e0 23h30, place S\u00e9raucourt, seront propos\u00e9s deux spectacles de son et lumi\u00e8re dans le cadre des Nuits Lumi\u00e8re de Bourges. \u00ab\u00a0<em>Sur la fa\u00e7ade de l&rsquo;Ecole nationale sup\u00e9rieure d&rsquo;Art,&nbsp;<\/em>L&rsquo;\u00c9veil d&rsquo;Ursine<em>&nbsp;m\u00eale images monumentales et musique originale pour offrir un conte lumineux empreint de r\u00eave et d&rsquo;\u00e9motion. \u00c0 l&rsquo;H\u00f4tel Lallemant,&nbsp;<\/em>Ursine f\u00eate No\u00ebl<em>&nbsp;plonge petits et grands dans une ambiance festive et color\u00e9e\u00a0\u00bb<\/em>, peut-on lire sur&nbsp;<a href=\"https:\/\/www.bourgesberrytourisme.com\/agenda\/les-nuits-lumiere-dhiver\/\" target=\"_blank\" rel=\"noreferrer noopener\">le site de l&rsquo;office du tourisme de la ville(Nouvelle fen\u00eatre)<\/a>.<\/p>\n\n\n\n<h2 class=\"wp-block-heading\">Dans les outre-mer, de la musique et un feu d&rsquo;artifice<\/h2>\n\n\n\n<p class=\"\">La f\u00eate sera bien au rendez-vous en Guyane avec un bal populaire, suivi d&rsquo;un feu d&rsquo;artifice, organis\u00e9s par la ville de Cayenne. De 19&nbsp;heures \u00e0 5&nbsp;heures, plusieurs artistes se succ\u00e9deront place des Palmistes, avec comme th\u00e8me&nbsp;<em>\u00ab\u00a0champ\u00eatre chic\u00a0\u00bb<\/em>, d\u00e9taille&nbsp;<a href=\"https:\/\/la1ere.franceinfo.fr\/guyane\/bal-populaire-soirees-restaurants-que-faire-la-nuit-du-31-decembre-en-guyane-1657136.html\" target=\"_blank\" rel=\"noreferrer noopener\">Guyane La 1\u00e8re(Nouvelle fen\u00eatre)<\/a>.<\/p>\n\n\n\n<p class=\"\">A&nbsp;<a href=\"https:\/\/la1ere.franceinfo.fr\/reunion\/le-reveillon-du-nouvel-an-se-fera-au-sec-a-la-reunion-1657331.html\" target=\"_blank\" rel=\"noreferrer noopener\">La R\u00e9union,(Nouvelle fen\u00eatre)<\/a>&nbsp;un feu d&rsquo;artifice d&rsquo;une dur\u00e9e de trente minutes sera tir\u00e9 \u00e0 minuit sur le front de mer de Saint-Pierre, rapporte&nbsp;<a href=\"https:\/\/www.clicanoo.re\/article\/societe\/2025\/12\/29\/saint-pierre-feu-dartifice-de-30-minutes-et-front-de-mer-securise-pour-le-reveillon\" target=\"_blank\" rel=\"noreferrer noopener\">le site Clicanoo(Nouvelle fen\u00eatre)<\/a>. Pour se mettre en jambes, un concert sera donn\u00e9 d\u00e8s 21&nbsp;heures dans les jardins de la plage.<\/p>\n","protected":false},"excerpt":{"rendered":"<p>La France s&rsquo;appr\u00eate \u00e0 c\u00e9l\u00e9brer le passage \u00e0 2026 avec un programme des festivit\u00e9s charg\u00e9. Plusieurs grandes m\u00e9tropoles feront toutefois l&rsquo;impasse sur les feux d&rsquo;artifice.Le passage \u00e0 2026 est imminent. Mais avant d&rsquo;entamer cette nouvelle ann\u00e9e,&nbsp;les festivit\u00e9s du 31&nbsp;d\u00e9cembre&nbsp;vont battre leur plein partout dans le monde et en France. Si les traditionnels feux d&rsquo;artifice ne [&hellip;]<\/p>\n","protected":false},"author":2,"featured_media":41192,"comment_status":"open","ping_status":"open","sticky":false,"template":"","format":"standard","meta":{"_jetpack_memberships_contains_paid_content":false,"footnotes":"","jetpack_publicize_message":"","jetpack_publicize_feature_enabled":true,"jetpack_social_post_already_shared":true,"jetpack_social_options":{"image_generator_settings":{"template":"highway","default_image_id":0,"font":"","enabled":false},"version":2},"_wpas_customize_per_network":false},"categories":[68],"tags":[],"class_list":["post-41191","post","type-post","status-publish","format-standard","has-post-thumbnail","hentry","category-actu-culturelle"],"jetpack_publicize_connections":[],"jetpack_featured_media_url":"https:\/\/i0.wp.com\/www.iceagetv.com\/radiosite\/wp-content\/uploads\/2025\/12\/Demandez-le-programme-des-festivites-du-Nouvel-An-a-travers-la-France.jpg?fit=808%2C458&ssl=1","jetpack_sharing_enabled":true,"_links":{"self":[{"href":"https:\/\/www.iceagetv.com\/radiosite\/wp-json\/wp\/v2\/posts\/41191","targetHints":{"allow":["GET"]}}],"collection":[{"href":"https:\/\/www.iceagetv.com\/radiosite\/wp-json\/wp\/v2\/posts"}],"about":[{"href":"https:\/\/www.iceagetv.com\/radiosite\/wp-json\/wp\/v2\/types\/post"}],"author":[{"embeddable":true,"href":"https:\/\/www.iceagetv.com\/radiosite\/wp-json\/wp\/v2\/users\/2"}],"replies":[{"embeddable":true,"href":"https:\/\/www.iceagetv.com\/radiosite\/wp-json\/wp\/v2\/comments?post=41191"}],"version-history":[{"count":1,"href":"https:\/\/www.iceagetv.com\/radiosite\/wp-json\/wp\/v2\/posts\/41191\/revisions"}],"predecessor-version":[{"id":41193,"href":"https:\/\/www.iceagetv.com\/radiosite\/wp-json\/wp\/v2\/posts\/41191\/revisions\/41193"}],"wp:featuredmedia":[{"embeddable":true,"href":"https:\/\/www.iceagetv.com\/radiosite\/wp-json\/wp\/v2\/media\/41192"}],"wp:attachment":[{"href":"https:\/\/www.iceagetv.com\/radiosite\/wp-json\/wp\/v2\/media?parent=41191"}],"wp:term":[{"taxonomy":"category","embeddable":true,"href":"https:\/\/www.iceagetv.com\/radiosite\/wp-json\/wp\/v2\/categories?post=41191"},{"taxonomy":"post_tag","embeddable":true,"href":"https:\/\/www.iceagetv.com\/radiosite\/wp-json\/wp\/v2\/tags?post=41191"}],"curies":[{"name":"wp","href":"https:\/\/api.w.org\/{rel}","templated":true}]}}