{"id":41215,"date":"2026-01-01T09:41:52","date_gmt":"2026-01-01T08:41:52","guid":{"rendered":"https:\/\/www.iceagetv.com\/radiosite\/?p=41215"},"modified":"2026-01-01T09:41:54","modified_gmt":"2026-01-01T08:41:54","slug":"commercants-de-teheran-contre-la-vie-chere-ralliement-des-etudiants-on-vous-explique-les-manifestations-qui-secouent-liran","status":"publish","type":"post","link":"https:\/\/www.iceagetv.com\/radiosite\/commercants-de-teheran-contre-la-vie-chere-ralliement-des-etudiants-on-vous-explique-les-manifestations-qui-secouent-liran\/","title":{"rendered":"Commer\u00e7ants de T\u00e9h\u00e9ran contre la vie ch\u00e8re, ralliement des \u00e9tudiants\u2026 On vous explique les manifestations qui secouent l&rsquo;Iran"},"content":{"rendered":"\n<p class=\"\">Depuis dimanche, le pays vit au rythme de plusieurs manifestations contre l&rsquo;hyperinflation mais qui restent, pour l&rsquo;heure, contenues. Le pouvoir politique tente de r\u00e9pondre \u00e0 la grogne, conscient qu&rsquo;une \u00e9tincelle peut provoquer l&#8217;embrasement.Jusqu&rsquo;o\u00f9 iront les manifestations en Iran&nbsp;? Depuis le dimanche 28&nbsp;d\u00e9cembre, un mouvement social, initi\u00e9 par les commer\u00e7ants de T\u00e9h\u00e9ran&nbsp;<a href=\"https:\/\/www.franceinfo.fr\/replay-jt\/france-2\/20-heures\/manifestations-en-iran-le-mouvement-de-contestation-sociale-prend-de-l-ampleur_7711435.html\">pour protester contre la vie ch\u00e8re<\/a>, est en cours. S&rsquo;il reste, pour l&rsquo;heure, circonscrit \u00e0 la capitale, les \u00e9tudiants de plusieurs universit\u00e9s du pays ont rejoint mardi la protestation. Les revendications sont essentiellement \u00e9conomiques, mais parfois accompagn\u00e9es de slogans politiques. L&rsquo;Iran souffre en effet depuis des ann\u00e9es d&rsquo;une hyperinflation chronique. L&rsquo;\u00e9conomie iranienne, d\u00e9j\u00e0 fragilis\u00e9e par des d\u00e9cennies de sanctions occidentales, p\u00e2tit \u00e9galement du r\u00e9tablissement fin septembre par l&rsquo;ONU&nbsp;<a href=\"https:\/\/www.franceinfo.fr\/monde\/proche-orient\/nucleaire-iranien\/nucleaire-iranien-on-vous-explique-le-retour-des-sanctions-de-l-onu-contre-l-iran_7517461.html\">des sanctions internationales<\/a>&nbsp;lev\u00e9es en 2015, li\u00e9es au programme nucl\u00e9aire du pays.&nbsp;<\/p>\n\n\n\n<p class=\"\">Ce mouvement de grogne contre la vie ch\u00e8re est \u00e0 ce stade sans commune mesure avec&nbsp;<a href=\"https:\/\/www.franceinfo.fr\/monde\/iran\/temoignages-en-iran-les-manifestants-ne-cessent-de-descendre-dans-la-rue-alors-que-le-gouvernement-continue-a-tuer-des-gens_5382142.html\">les grandes manifestations<\/a>&nbsp;qui avaient secou\u00e9 la R\u00e9publique islamique fin 2022, apr\u00e8s&nbsp;<a href=\"https:\/\/www.franceinfo.fr\/monde\/iran\/manifestations\/temoignage-manifestations-en-iran-mahsa-amini-n-etait-pas-politisee-mais-voulait-etre-independante-confie-son-cousin_5459845.html\">la mort en d\u00e9tention de Mahsa Amini<\/a>, une jeune Iranienne. Mercredi 31 d\u00e9cembre, \u00e9coles, banques et \u00e9tablissements publics seront ferm\u00e9s \u00e0 T\u00e9h\u00e9ran et dans la quasi-totalit\u00e9 du pays sur d\u00e9cision des autorit\u00e9s, en raison du froid et pour \u00e9conomiser l&rsquo;\u00e9nergie, ont annonc\u00e9 la veille les m\u00e9dias d&rsquo;Etat, sans faire de lien avec les manifestations.<\/p>\n\n\n\n<p class=\"\">Le pouvoir politique est pourtant aux aguets.&nbsp;En 2019, des manifestations avaient \u00e9clat\u00e9 en Iran apr\u00e8s l&rsquo;annonce d&rsquo;une forte hausse du prix de l&rsquo;essence. La contestation avait alors touch\u00e9 une centaine de villes, et fait des dizaines de morts. Franceinfo vous explique ces nouvelles manifestations qui secouent le pays.<\/p>\n\n\n\n<h2 class=\"wp-block-heading\">Un mouvement enclench\u00e9 dimanche par les commer\u00e7ants de T\u00e9h\u00e9ran<\/h2>\n\n\n\n<p class=\"\">Des manifestations spontan\u00e9es ont d\u00e9but\u00e9 dimanche dans le plus grand march\u00e9 pour t\u00e9l\u00e9phones portables de la capitale iranienne, avant de gagner en ampleur et de se poursuivre lundi.&nbsp;Les protestataires&nbsp;<em>\u00ab\u00a0r\u00e9clament une intervention imm\u00e9diate du gouvernement pour enrayer les fluctuations du taux de change et d\u00e9finir une strat\u00e9gie \u00e9conomique claire\u00a0\u00bb<\/em>, rapporte Ilna, un m\u00e9dia proche des milieux ouvriers. Cette situation paralyse les ventes de certains biens import\u00e9s, vendeurs comme acheteurs pr\u00e9f\u00e9rant reporter toute transaction en attendant d&rsquo;y voir plus clair.&nbsp;<\/p>\n\n\n\n<p class=\"\">Ces manifestations sont toutefois rest\u00e9es limit\u00e9es en nombre et au centre de T\u00e9h\u00e9ran, qui compte de nombreux commerces. Ailleurs dans le pays, l&rsquo;immense majorit\u00e9 des boutiques ont poursuivi leur activit\u00e9, selon des constatations de l&rsquo;AFP.Dans le viseur donc des manifestants&nbsp;: l&rsquo;inflation. En d\u00e9cembre, les prix ont augment\u00e9 en moyenne de 52% sur un an, selon le Centre de statistiques d&rsquo;Iran, un organisme officiel. Le rial a atteint dimanche un plus bas historique face au dollar, selon le taux informel au march\u00e9 noir, \u00e0 plus de 1,4&nbsp;million de rials pour un dollar (contre 820&nbsp;000 un an plus t\u00f4t) et 1,7&nbsp;million pour un euro (contre 855 000). La monnaie iranienne s&rsquo;est l\u00e9g\u00e8rement renforc\u00e9e en d\u00e9but de semaine. Cette d\u00e9pr\u00e9ciation chronique entra\u00eene hyperinflation et forte volatilit\u00e9 en Iran, o\u00f9 certains prix augmentent fortement du jour au lendemain.&nbsp;<em>\u00ab\u00a0Aucun responsable&nbsp;<\/em>[politique]&nbsp;<em>ne nous a soutenus ou n&rsquo;a cherch\u00e9 \u00e0 savoir comment le cours du dollar affectait nos vies\u00a0\u00bb<\/em>, d\u00e9plorait un manifestant cit\u00e9 mardi par le journal&nbsp;<em>Etemad<\/em>.&nbsp;<em>\u00ab\u00a0Il a fallu manifester notre m\u00e9contentement\u00a0\u00bb<\/em>, a ajout\u00e9 ce vendeur, qui t\u00e9moigne anonymement.<\/p>\n\n\n\n<p class=\"\">Des slogans politiques ont aussi \u00e9t\u00e9 entendus lors de ces manifestations, rapporte&nbsp;<a href=\"https:\/\/www.lefigaro.fr\/international\/les-gens-sont-a-bout-l-iran-face-a-une-nouvelle-vague-de-manifestations-20251230\" target=\"_blank\" rel=\"noreferrer noopener\"><em>Le Figaro<\/em>(Nouvelle fen\u00eatre)<\/a>.&nbsp;<em>\u00ab\u00a0Mort au dictateur&nbsp;!\u00a0\u00bb, \u00ab\u00a0N&rsquo;ayez pas peur. Nous sommes tous ensemble\u00a0\u00bb, \u00ab\u00a0Ni Gaza, ni Liban, je me sacrifierai pour l&rsquo;Iran\u00a0\u00bb&nbsp;<\/em>:<em>&nbsp;<\/em>les vid\u00e9os partag\u00e9es sur les r\u00e9seaux sociaux&nbsp;<em>\u00ab\u00a0se font l&rsquo;\u00e9cho d&rsquo;un ras-le-bol de la population contre la violence et l&rsquo;irresponsabilit\u00e9 de la R\u00e9publique islamique\u00a0\u00bb,&nbsp;<\/em>accus\u00e9e de soutenir ses alli\u00e9s r\u00e9gionaux au d\u00e9triment de sa population, note le quotidien.<\/p>\n\n\n\n<p class=\"\">Par ailleurs, un b\u00e2timent gouvernemental a \u00e9t\u00e9 cibl\u00e9 par une&nbsp;<em>\u00ab\u00a0attaque\u00a0\u00bb&nbsp;<\/em>\u00e0 Fassa, dans le sud du pays.&nbsp;<em>\u00ab\u00a0La porte d&rsquo;entr\u00e9e (&#8230;) du b\u00e2timent du gouverneur provincial a \u00e9t\u00e9 endommag\u00e9e lors d&rsquo;une attaque perp\u00e9tr\u00e9e par plusieurs individus\u00a0\u00bb<\/em>, a d\u00e9clar\u00e9 le chef du pouvoir judiciaire de la ville, Hamed Ostovar, sans pr\u00e9ciser les circonstances ni mentionner les manifestations.<\/p>\n\n\n\n<h2 class=\"wp-block-heading\">Des \u00e9tudiants se joignent aux manifestations<\/h2>\n\n\n\n<p class=\"\">Au troisi\u00e8me jour de ce mouvement spontan\u00e9, des manifestations \u00e9tudiantes ont \u00e9clat\u00e9 dans au moins 10&nbsp;universit\u00e9s \u00e0 travers le pays. Sept sont situ\u00e9es \u00e0 T\u00e9h\u00e9ran et comptent parmi les plus prestigieuses du pays. D&rsquo;autres \u00e9tablissements sont concern\u00e9s \u00e0 Isfahan, Yazd et Zanjan, ont rapport\u00e9 les agences Ilna et Irna, un m\u00e9dia d&rsquo;Etat. Des forces de l&rsquo;ordre et la police anti\u00e9meute ont \u00e9t\u00e9 d\u00e9ploy\u00e9es aux principaux carrefours de T\u00e9h\u00e9ran et aux abords de certaines universit\u00e9s, selon l&rsquo;AFP.<\/p>\n\n\n\n<p class=\"\">Sur X, l&rsquo;activiste et journaliste am\u00e9ricaine d&rsquo;origine iranienne Masih Alinejad\u00a0a publi\u00e9 une vid\u00e9o transmise par une jeune fille o\u00f9 l&rsquo;on voit les manifestants battre le pav\u00e9.\u00a0<em>\u00ab\u00a0J&rsquo;\u00e9tais terrifi\u00e9e de filmer. S&rsquo;il te pla\u00eet, partage ces images et montre au monde que le peuple iranien ne veut pas de ce r\u00e9gime\u00a0\u00bb<\/em>, peut-on lire dans le texte.\u00a0Des slogans hostiles au r\u00e9gime ont \u00e9t\u00e9 entendus, lors de ces manifestations \u00e9tudiantes, selon&nbsp;<em>Le Figaro.<\/em>&nbsp;\u00ab\u00a0<em>Libert\u00e9, libert\u00e9, libert\u00e9&nbsp;!\u00a0\u00bb<\/em>&nbsp;et \u00ab\u00a0<em>Je jure sur le sang des camarades que nous resterons debout jusqu&rsquo;\u00e0 la fin&nbsp;!\u00a0\u00bb<\/em>, ont scand\u00e9 les protestataires.<\/p>\n\n\n\n<h2 class=\"wp-block-heading\">Entre compr\u00e9hension et fermet\u00e9, le pouvoir tente d&rsquo;adapter ses r\u00e9ponses<\/h2>\n\n\n\n<p class=\"\">Le pr\u00e9sident iranien Massoud Pezeshkian a appel\u00e9 mardi \u00e0 \u00e9couter\u00a0<em>\u00ab\u00a0les revendications l\u00e9gitimes\u00a0\u00bb\u00a0<\/em>des manifestants.\u00a0<em>\u00ab\u00a0J&rsquo;ai demand\u00e9 au ministre de l&rsquo;Int\u00e9rieur d&rsquo;\u00e9couter les revendications l\u00e9gitimes des manifestants en dialoguant avec leurs repr\u00e9sentants afin que le gouvernement puisse agir de toutes ses forces pour r\u00e9soudre les probl\u00e8mes et agir de mani\u00e8re responsable\u00a0\u00bb<\/em>, a d\u00e9clar\u00e9 le dirigeant sur\u00a0<a href=\"https:\/\/x.com\/drpezeshkian\/status\/2004250885212590532?s=20\" target=\"_blank\" rel=\"noreferrer noopener\">le r\u00e9seau social X(Nouvelle fen\u00eatre)<\/a>.\u00a0Il a lui-m\u00eame rencontr\u00e9 des responsables syndicaux et propos\u00e9 plusieurs mesures fiscales, cens\u00e9es aider les entreprises, pour une dur\u00e9e d&rsquo;un an, d&rsquo;apr\u00e8s l&rsquo;agence de presse Mehr.Le pr\u00e9sident du Parlement, Mohammad Bagher Ghalibaf, a lui exhort\u00e9 d\u00e9put\u00e9s et responsables politiques \u00e0 prendre les&nbsp;<em>\u00ab\u00a0mesures n\u00e9cessaires afin d&rsquo;accro\u00eetre le pouvoir d&rsquo;achat de la population\u00a0\u00bb<\/em>, selon des images diffus\u00e9es \u00e0 la t\u00e9l\u00e9vision.<\/p>\n\n\n\n<p class=\"\">Quelques mesures ont ainsi \u00e9t\u00e9 prises ou annonc\u00e9es. Le chef du pouvoir judiciaire, Gholamhossein Mohseni Eje\u00ef, a ordonn\u00e9&nbsp;<em>\u00ab\u00a0de sanctionner au plus vite les auteurs \u00e0 l&rsquo;origine des fluctuations des devises\u00a0\u00bb<\/em>, a rapport\u00e9 lundi l&rsquo;agence de la Justice. Le gouvernement a de son c\u00f4t\u00e9 d\u00e9cid\u00e9 le remplacement du gouverneur de la Banque centrale. Dimanche, le pr\u00e9sident iranien a affich\u00e9 sa d\u00e9termination \u00e0 combattre l&rsquo;inflation et la vie ch\u00e8re, lors d&rsquo;une pr\u00e9sentation au Parlement du budget pour 2026. Le texte pr\u00e9voit notamment une augmentation de 20% des salaires, un taux qui reste toutefois bien en de\u00e7\u00e0 de celui de l&rsquo;inflation.<\/p>\n\n\n\n<p class=\"\">Mais le r\u00e9gime des mollahs met en garde contre toute politisation du mouvement.<em>&nbsp;\u00ab\u00a0Toute tentative visant \u00e0 transformer les manifestations \u00e9conomiques en un outil d&rsquo;ins\u00e9curit\u00e9, de destruction des biens publics ou de mise en \u0153uvre de sc\u00e9narios con\u00e7us \u00e0 l&rsquo;\u00e9tranger sera in\u00e9vitablement suivie d&rsquo;une r\u00e9ponse l\u00e9gale, proportionn\u00e9e et ferme\u00a0\u00bb<\/em>, a pr\u00e9venu mercredi le procureur g\u00e9n\u00e9ral de la R\u00e9publique islamique.<\/p>\n","protected":false},"excerpt":{"rendered":"<p>Depuis dimanche, le pays vit au rythme de plusieurs manifestations contre l&rsquo;hyperinflation mais qui restent, pour l&rsquo;heure, contenues. Le pouvoir politique tente de r\u00e9pondre \u00e0 la grogne, conscient qu&rsquo;une \u00e9tincelle peut provoquer l&#8217;embrasement.Jusqu&rsquo;o\u00f9 iront les manifestations en Iran&nbsp;? Depuis le dimanche 28&nbsp;d\u00e9cembre, un mouvement social, initi\u00e9 par les commer\u00e7ants de T\u00e9h\u00e9ran&nbsp;pour protester contre la vie [&hellip;]<\/p>\n","protected":false},"author":2,"featured_media":41216,"comment_status":"open","ping_status":"open","sticky":false,"template":"","format":"standard","meta":{"_jetpack_memberships_contains_paid_content":false,"footnotes":"","jetpack_publicize_message":"","jetpack_publicize_feature_enabled":true,"jetpack_social_post_already_shared":true,"jetpack_social_options":{"image_generator_settings":{"template":"highway","default_image_id":0,"font":"","enabled":false},"version":2},"_wpas_customize_per_network":false},"categories":[405],"tags":[],"class_list":["post-41215","post","type-post","status-publish","format-standard","has-post-thumbnail","hentry","category-actu-france-monde"],"jetpack_publicize_connections":[],"jetpack_featured_media_url":"https:\/\/i0.wp.com\/www.iceagetv.com\/radiosite\/wp-content\/uploads\/2026\/01\/Commercants-de-Teheran.jpg?fit=799%2C450&ssl=1","jetpack_sharing_enabled":true,"_links":{"self":[{"href":"https:\/\/www.iceagetv.com\/radiosite\/wp-json\/wp\/v2\/posts\/41215","targetHints":{"allow":["GET"]}}],"collection":[{"href":"https:\/\/www.iceagetv.com\/radiosite\/wp-json\/wp\/v2\/posts"}],"about":[{"href":"https:\/\/www.iceagetv.com\/radiosite\/wp-json\/wp\/v2\/types\/post"}],"author":[{"embeddable":true,"href":"https:\/\/www.iceagetv.com\/radiosite\/wp-json\/wp\/v2\/users\/2"}],"replies":[{"embeddable":true,"href":"https:\/\/www.iceagetv.com\/radiosite\/wp-json\/wp\/v2\/comments?post=41215"}],"version-history":[{"count":1,"href":"https:\/\/www.iceagetv.com\/radiosite\/wp-json\/wp\/v2\/posts\/41215\/revisions"}],"predecessor-version":[{"id":41217,"href":"https:\/\/www.iceagetv.com\/radiosite\/wp-json\/wp\/v2\/posts\/41215\/revisions\/41217"}],"wp:featuredmedia":[{"embeddable":true,"href":"https:\/\/www.iceagetv.com\/radiosite\/wp-json\/wp\/v2\/media\/41216"}],"wp:attachment":[{"href":"https:\/\/www.iceagetv.com\/radiosite\/wp-json\/wp\/v2\/media?parent=41215"}],"wp:term":[{"taxonomy":"category","embeddable":true,"href":"https:\/\/www.iceagetv.com\/radiosite\/wp-json\/wp\/v2\/categories?post=41215"},{"taxonomy":"post_tag","embeddable":true,"href":"https:\/\/www.iceagetv.com\/radiosite\/wp-json\/wp\/v2\/tags?post=41215"}],"curies":[{"name":"wp","href":"https:\/\/api.w.org\/{rel}","templated":true}]}}