{"id":41232,"date":"2026-01-01T15:16:34","date_gmt":"2026-01-01T14:16:34","guid":{"rendered":"https:\/\/www.iceagetv.com\/radiosite\/?p=41232"},"modified":"2026-01-01T15:16:36","modified_gmt":"2026-01-01T14:16:36","slug":"annee-utile-instabilite-politique-presidentielle-ce-quil-faut-retenir-des-voeux-demmanuel-macron-pour-2026","status":"publish","type":"post","link":"https:\/\/www.iceagetv.com\/radiosite\/annee-utile-instabilite-politique-presidentielle-ce-quil-faut-retenir-des-voeux-demmanuel-macron-pour-2026\/","title":{"rendered":"Ann\u00e9e utile\u00a0\u00bb, instabilit\u00e9 politique, pr\u00e9sidentielle\u2026 Ce qu&rsquo;il faut retenir des v\u0153ux d&rsquo;Emmanuel Macron pour 2026"},"content":{"rendered":"\n<p class=\"\">Dans son allocution du Nouvel An, mercredi soir, le chef de l&rsquo;Etat a \u00e9voqu\u00e9 plusieurs \u00ab\u00a0grands chantiers\u00a0\u00bb \u00e0 venir, comme les r\u00e9seaux sociaux, la fin de vie et la mise en place du service national volontaire.Il est l&rsquo;aube de sa derni\u00e8re ann\u00e9e compl\u00e8te de mandat. Emmanuel Macron s&rsquo;est pr\u00eat\u00e9, mercredi 31 d\u00e9cembre, pour la neuvi\u00e8me fois, \u00e0 l&rsquo;exercice des v\u0153ux pr\u00e9sidentiels du Nouvel An. D\u00e9termin\u00e9 \u00e0 tourner la page d&rsquo;une ann\u00e9e marqu\u00e9e par l&rsquo;instabilit\u00e9 politique et l&rsquo;absence de vote du projet de loi de finances, le pr\u00e9sident de la R\u00e9publique a assur\u00e9 qu&rsquo;il ne c\u00e9derait pas \u00e0 l&rsquo;immobilisme et a promis une ann\u00e9e 2026\u00a0<em>\u00ab\u00a0utile\u00a0\u00bb<\/em>,\u00a0<a href=\"https:\/\/www.franceinfo.fr\/politique\/emmanuel-macron\/2026-sera-une-annee-d-action-ce-qu-emmanuel-macron-compte-dire-aux-francais-lors-de-ses-v-ux-du-nouvel-an_7708555.html\">plac\u00e9e sous le signe de l&rsquo;action<\/a>.Accords \u00e0 b\u00e2tir avec le Parlement, textes de loi sur\u00a0<a href=\"https:\/\/www.franceinfo.fr\/internet\/reseaux-sociaux\/info-franceinfo-le-projet-de-loi-pour-interdire-les-reseaux-sociaux-aux-moins-de-15-ans-est-pret-et-sera-examine-debut-janvier_7712140.html\">l&rsquo;interdiction des r\u00e9seaux sociaux pour les moins de 15\u00a0ans<\/a>\u00a0et sur la fin de vie, d\u00e9but de la campagne pour l&rsquo;\u00e9lection pr\u00e9sidentielle\u2026 Voici ce que l&rsquo;on peut retenir de cette courte allocution de moins de dix minutes, qui s&rsquo;est termin\u00e9e sans grande annonce.Il d\u00e9plore que \u00ab\u00a0la guerre continue de s\u00e9vir sur le sol europ\u00e9en\u00a0\u00bb<\/p>\n\n\n\n<p class=\"\">Apr\u00e8s une pens\u00e9e pour&nbsp;<em>\u00ab\u00a0tous ceux qui assurent la continuit\u00e9 de la Nation\u00a0\u00bb<\/em>, Emmanuel Macron a tenu \u00e0 rappeler que&nbsp;<em>\u00ab\u00a0la guerre continue de s\u00e9vir sur le sol europ\u00e9en avec une intensit\u00e9 particuli\u00e8re\u00a0\u00bb<\/em>&nbsp;depuis l&rsquo;invasion de l&rsquo;Ukraine par la Russie, en f\u00e9vrier 2022.&nbsp;<em>\u00ab\u00a0Nous assistons au retour des empires, \u00e0 la remise en cause de l&rsquo;ordre international, \u00e0 un monde de guerres commerciales, de comp\u00e9titions technologiques, souvent d&rsquo;instabilit\u00e9\u00a0\u00bb<\/em>, a regrett\u00e9 le pr\u00e9sident.<\/p>\n\n\n\n<p class=\"\">Le chef de l&rsquo;Etat n&rsquo;a, en revanche, pas eu un mot sur l&rsquo;\u00e9ventualit\u00e9\u00a0<a href=\"https:\/\/www.franceinfo.fr\/monde\/europe\/manifestations-en-ukraine\/guerre-en-ukraine-quels-sont-les-points-epineux-qui-bloquent-encore-un-accord-de-paix-apres-la-nouvelle-rencontre-entre-donald-trump-et-volodymyr-zelensky_7708390.html\">d&rsquo;un accord de paix entre Kiev et Moscou<\/a>, n\u00e9goci\u00e9 ces derni\u00e8res semaines sous l&rsquo;\u00e9gide des Etats-Unis et du pr\u00e9sident am\u00e9ricain, Donald Trump. Il ne s&rsquo;est pas plus attard\u00e9 sur\u00a0<a href=\"https:\/\/www.franceinfo.fr\/monde\/europe\/manifestations-en-ukraine\/guerre-en-ukraine-emmanuel-macron-annonce-la-tenue-d-une-reunion-des-allies-de-kiev-debut-janvier-a-paris_7708531.html\">la r\u00e9union des alli\u00e9s de Kiev qu&rsquo;il a invit\u00e9s \u00e0 Paris d\u00e9but janvier<\/a>.Il appelle le gouvernement et le Parlement \u00e0 b\u00e2tir des \u00ab\u00a0accords\u00a0\u00bb<\/p>\n\n\n\n<p class=\"\">Alors que la France entame la nouvelle ann\u00e9e sans budget de l&rsquo;Etat pour 2026, le pr\u00e9sident a jug\u00e9\u00a0<em>\u00ab\u00a0indispensable\u00a0\u00bb\u00a0<\/em>que le gouvernement et le Parlement s&rsquo;attellent,\u00a0<em>\u00ab\u00a0d\u00e8s les premi\u00e8res semaines de l&rsquo;ann\u00e9e\u00a0\u00bb<\/em><sub>,<\/sub>\u00a0\u00e0\u00a0<em>\u00ab\u00a0b\u00e2tir des accords\u00a0\u00bb<\/em>\u00a0pour\u00a0<em>\u00ab\u00a0doter la Nation d&rsquo;un budget\u00a0\u00bb<\/em>. Le projet de loi de finances, dont l&rsquo;examen au Parlement n&rsquo;a pu \u00eatre achev\u00e9 avant le 31\u00a0d\u00e9cembre,\u00a0<a href=\"https:\/\/www.franceinfo.fr\/economie\/budget\/pourquoi-la-loi-speciale-pourrait-creuser-le-budget-de-l-etat-et-pourquoi-c-est-si-difficile-a-chiffrer_7698058.html\">doit revenir \u00e0 l&rsquo;Assembl\u00e9e \u00e0 partir du 8 janvier en commission<\/a>.Il veut \u00ab\u00a0une ann\u00e9e utile\u00a0\u00bb, marqu\u00e9e par de \u00ab\u00a0grands chantiers\u00a0\u00bb<\/p>\n\n\n\n<p class=\"\">Comme attendu, Emmanuel Macron a estim\u00e9 que l&rsquo;ann\u00e9e 2026 devrait \u00eatre une ann\u00e9e<em>&nbsp;\u00ab\u00a0utile\u00a0\u00bb<\/em>, durant laquelle devront \u00eatre men\u00e9s \u00e0 leur terme plusieurs&nbsp;<em>\u00ab\u00a0grands chantiers\u00a0\u00bb<\/em>.&nbsp;<em>\u00ab\u00a0Nous verrons les premiers pas du&nbsp;<\/em><a href=\"https:\/\/www.franceinfo.fr\/societe\/armee-securite-defense\/service-national-candidatures-deja-ouvertes-dans-la-marine-et-l-armee-de-l-air-le-12-janvier-dans-l-armee-de-terre_7666300.html\"><em>service national<\/em><\/a><em>&nbsp;pour l&rsquo;engagement de nos jeunes\u00a0\u00bb<\/em>, a-t-il d&rsquo;abord rappel\u00e9.&nbsp;<em>\u00ab\u00a0Nous prot\u00e9gerons nos enfants et nos adolescents des r\u00e9seaux sociaux et des \u00e9crans\u00a0\u00bb<\/em>, a-t-il ensuite assur\u00e9, en r\u00e9f\u00e9rence au&nbsp;<a href=\"https:\/\/www.franceinfo.fr\/internet\/reseaux-sociaux\/info-franceinfo-le-projet-de-loi-pour-interdire-les-reseaux-sociaux-aux-moins-de-15-ans-est-pret-et-sera-examine-debut-janvier_7712140.html\">projet de loi visant \u00e0 interdire les r\u00e9seaux sociaux aux moins de 15 ans<\/a>, qui sera pr\u00e9sent\u00e9 par le gouvernement au mois de janvier<em>.<\/em><\/p>\n\n\n\n<p class=\"\"><em>\u00ab\u00a0Nous irons enfin au bout du travail l\u00e9gislatif sur la question de la fin de vie dans la dignit\u00e9\u00a0\u00bb<\/em>, a-t-il promis, rappelant qu&rsquo;il s&rsquo;\u00e9tait, d\u00e8s 2022, engag\u00e9 \u00e0 faire \u00e9voluer la l\u00e9gislation sur ce sujet. Le texte, vot\u00e9 en premi\u00e8re lecture par les d\u00e9put\u00e9s en juin,\u00a0<a href=\"https:\/\/www.franceinfo.fr\/societe\/euthanasie\/la-loi-sur-la-fin-de-vie-sera-de-nouveau-debattue-en-fevrier-a-l-assemblee-nationale-selon-le-ministre-des-relations-avec-le-parlement_7580318.html\">doit \u00eatre d\u00e9battu au S\u00e9nat \u00e0 partir du 20 janvier<\/a>.<strong>Il promet de \u00ab\u00a0<\/strong>tout faire\u00a0\u00bb pour une pr\u00e9sidentielle \u00ab\u00a0la plus sereine possible\u00a0\u00bb<\/p>\n\n\n\n<p class=\"\">Alors que doit s&rsquo;ouvrir la campagne pour la prochaine \u00e9lection pr\u00e9sidentielle \u00e0 la fin de l&rsquo;ann\u00e9e 2026, Emmanuel Macron a tenu \u00e0 rappeler que ce serait&nbsp;<em>\u00ab\u00a0la premi\u00e8re\u00a0\u00bb&nbsp;<\/em>\u00e0 laquelle il&nbsp;<em>\u00ab\u00a0ne participerait pas depuis dix ans\u00a0\u00bb<\/em>. Pour autant, le locataire de l&rsquo;Elys\u00e9e a assur\u00e9 qu&rsquo;il ferait<em>&nbsp;\u00ab\u00a0tout pour que l&rsquo;\u00e9lection pr\u00e9sidentielle se d\u00e9roule le plus sereinement possible, en particulier \u00e0 l&rsquo;abri de toute ing\u00e9rence \u00e9trang\u00e8re\u00a0\u00bb<\/em>.<\/p>\n\n\n\n<p class=\"\">En attendant, le chef de l&rsquo;Etat a d\u00e9clar\u00e9 qu&rsquo;il serait\u00a0<em>\u00ab\u00a0jusqu&rsquo;\u00e0 la derni\u00e8re seconde au travail, t\u00e2chant chaque jour d&rsquo;\u00eatre \u00e0 la hauteur du mandat\u00a0\u00bb<\/em>\u00a0que les Fran\u00e7ais lui ont confi\u00e9. Alors que sa cote de popularit\u00e9 n&rsquo;a jamais \u00e9t\u00e9 aussi basse, il a ainsi \u00e9cart\u00e9 la possibilit\u00e9 d&rsquo;une d\u00e9mission, voire d&rsquo;une pr\u00e9sidentielle anticip\u00e9e, que\u00a0<a href=\"https:\/\/www.franceinfo.fr\/politique\/edouard-philippe\/ca-permet-de-prendre-ses-distances-pourquoi-edouard-philippe-plaide-pour-un-depart-anticipe-d-emmanuel-macron_7564414.html\">son ancien Premier ministre Edouard Philippe avait r\u00e9clam\u00e9e en octobre<\/a>.Il formule \u00ab\u00a0trois v\u0153ux pour la Nation\u00a0\u00bb<\/p>\n\n\n\n<p class=\"\">Le pr\u00e9sident de la R\u00e9publique a ponctu\u00e9 son discours par trois souhaits pour la France. D&rsquo;abord, un v\u0153u&nbsp;<em>\u00ab\u00a0d&rsquo;unit\u00e9\u00a0\u00bb<\/em>, contre toutes les formes de discriminations. Ensuite, un v\u0153u<em>&nbsp;<\/em><strong><em>\u00ab\u00a0<\/em><\/strong><em>de force, d&rsquo;ind\u00e9pendance\u00a0\u00bb<\/em>, tout en rappelant l&rsquo;importance de b\u00e2tir une&nbsp;<em>\u00ab\u00a0Europe de la d\u00e9fense\u00a0\u00bb<\/em>. Jugeant qu&rsquo;il \u00e9tait n\u00e9cessaire de prot\u00e9ger&nbsp;<em>\u00ab\u00a0nos libert\u00e9s\u00a0\u00bb,&nbsp;<\/em>le chef de l&rsquo;Etat a rappel\u00e9 la n\u00e9cessit\u00e9 de continuer \u00e0 investir<em>&nbsp;\u00ab\u00a0dans nos arm\u00e9es, dans nos forces de s\u00e9curit\u00e9 et dans nos services publics et notre \u00e9conomie.\u00a0\u00bb<\/em>&nbsp;Enfin, il a formul\u00e9 un v\u0153u<em>&nbsp;\u00ab\u00a0d&rsquo;esp\u00e9rance\u00a0\u00bb&nbsp;<\/em>et de&nbsp;<em>\u00ab\u00a0progr\u00e8s\u00a0\u00bb<\/em>, que ce soit en mati\u00e8re de<em>&nbsp;\u00ab\u00a0climat\u00a0\u00bb<\/em>, de&nbsp;<em>\u00ab\u00a0biodiversit\u00e9\u00a0\u00bb<\/em>, de<em>&nbsp;\u00ab\u00a0sciences\u00a0\u00bb&nbsp;<\/em>ou de&nbsp;<em>\u00ab\u00a0culture\u00a0\u00bb<\/em>.<\/p>\n","protected":false},"excerpt":{"rendered":"<p>Dans son allocution du Nouvel An, mercredi soir, le chef de l&rsquo;Etat a \u00e9voqu\u00e9 plusieurs \u00ab\u00a0grands chantiers\u00a0\u00bb \u00e0 venir, comme les r\u00e9seaux sociaux, la fin de vie et la mise en place du service national volontaire.Il est l&rsquo;aube de sa derni\u00e8re ann\u00e9e compl\u00e8te de mandat. Emmanuel Macron s&rsquo;est pr\u00eat\u00e9, mercredi 31 d\u00e9cembre, pour la neuvi\u00e8me [&hellip;]<\/p>\n","protected":false},"author":2,"featured_media":41233,"comment_status":"open","ping_status":"open","sticky":false,"template":"","format":"standard","meta":{"_jetpack_memberships_contains_paid_content":false,"footnotes":"","jetpack_publicize_message":"","jetpack_publicize_feature_enabled":true,"jetpack_social_post_already_shared":true,"jetpack_social_options":{"image_generator_settings":{"template":"highway","default_image_id":0,"font":"","enabled":false},"version":2},"_wpas_customize_per_network":false},"categories":[405],"tags":[],"class_list":["post-41232","post","type-post","status-publish","format-standard","has-post-thumbnail","hentry","category-actu-france-monde"],"jetpack_publicize_connections":[],"jetpack_featured_media_url":"https:\/\/i0.wp.com\/www.iceagetv.com\/radiosite\/wp-content\/uploads\/2026\/01\/Ce-quil-faut-retenir-des-voeux-dEmmanuel-Macron-pour-2026.jpg?fit=671%2C447&ssl=1","jetpack_sharing_enabled":true,"_links":{"self":[{"href":"https:\/\/www.iceagetv.com\/radiosite\/wp-json\/wp\/v2\/posts\/41232","targetHints":{"allow":["GET"]}}],"collection":[{"href":"https:\/\/www.iceagetv.com\/radiosite\/wp-json\/wp\/v2\/posts"}],"about":[{"href":"https:\/\/www.iceagetv.com\/radiosite\/wp-json\/wp\/v2\/types\/post"}],"author":[{"embeddable":true,"href":"https:\/\/www.iceagetv.com\/radiosite\/wp-json\/wp\/v2\/users\/2"}],"replies":[{"embeddable":true,"href":"https:\/\/www.iceagetv.com\/radiosite\/wp-json\/wp\/v2\/comments?post=41232"}],"version-history":[{"count":1,"href":"https:\/\/www.iceagetv.com\/radiosite\/wp-json\/wp\/v2\/posts\/41232\/revisions"}],"predecessor-version":[{"id":41234,"href":"https:\/\/www.iceagetv.com\/radiosite\/wp-json\/wp\/v2\/posts\/41232\/revisions\/41234"}],"wp:featuredmedia":[{"embeddable":true,"href":"https:\/\/www.iceagetv.com\/radiosite\/wp-json\/wp\/v2\/media\/41233"}],"wp:attachment":[{"href":"https:\/\/www.iceagetv.com\/radiosite\/wp-json\/wp\/v2\/media?parent=41232"}],"wp:term":[{"taxonomy":"category","embeddable":true,"href":"https:\/\/www.iceagetv.com\/radiosite\/wp-json\/wp\/v2\/categories?post=41232"},{"taxonomy":"post_tag","embeddable":true,"href":"https:\/\/www.iceagetv.com\/radiosite\/wp-json\/wp\/v2\/tags?post=41232"}],"curies":[{"name":"wp","href":"https:\/\/api.w.org\/{rel}","templated":true}]}}