{"id":41241,"date":"2026-01-01T17:48:05","date_gmt":"2026-01-01T16:48:05","guid":{"rendered":"https:\/\/www.iceagetv.com\/radiosite\/?p=41241"},"modified":"2026-01-01T17:48:07","modified_gmt":"2026-01-01T16:48:07","slug":"incendie-mortel-a-crans-montana-une-quarantaine-de-personnes-sont-mortes-et-115-autres-blessees-la-plupart-grievement-annoncent-les-autorites-suisses","status":"publish","type":"post","link":"https:\/\/www.iceagetv.com\/radiosite\/incendie-mortel-a-crans-montana-une-quarantaine-de-personnes-sont-mortes-et-115-autres-blessees-la-plupart-grievement-annoncent-les-autorites-suisses\/","title":{"rendered":"Incendie mortel \u00e0 Crans-Montana : une \u00ab\u00a0quarantaine\u00a0\u00bb de personnes sont mortes et 115 autres bless\u00e9es, \u00ab\u00a0la plupart gri\u00e8vement\u00a0\u00bb, annoncent les autorit\u00e9s suisses"},"content":{"rendered":"\n<p class=\"\">Les flammes ont ravag\u00e9 le bar Le Constellation, situ\u00e9 dans cette prestigieuse station de ski suisse, alors que de nombreux touristes f\u00eataient le passage \u00e0 la nouvelle ann\u00e9e dans la nuit de mercredi \u00e0 jeudi. Les autorit\u00e9s suisses ont tenu une conf\u00e9rence de presse, jeudi apr\u00e8s-midi.Une&nbsp;<em>\u00ab\u00a0quarantaine\u00a0\u00bb<\/em>&nbsp;de personnes sont mortes apr\u00e8s&nbsp;<a href=\"https:\/\/www.franceinfo.fr\/faits-divers\/des-dizaines-de-morts-presumes-deux-francais-parmi-la-centaine-de-blesses-ce-que-l-on-sait-de-l-incendie-dans-un-bar-de-crans-montana-en-suisse_7714432.html\">le terrible incendie survenu dans un bar de Crans-Montana<\/a>, a annonc\u00e9, jeudi 1er janvier, Fr\u00e9d\u00e9ric Gisler, commandant de police du canton du Valais, lors d&rsquo;une conf\u00e9rence de presse. Il a ajout\u00e9 que les autorit\u00e9s d\u00e9nombraient 115 bless\u00e9s,&nbsp;<em>\u00ab\u00a0la plupart gri\u00e8vement\u00a0\u00bb<\/em>. Le pr\u00e9sident de la Conf\u00e9d\u00e9ration suisse, Guy Parmelin, a annul\u00e9 le discours qu&rsquo;il devait tenir jeudi 1er janvier \u00e0 l&rsquo;occasion du Nouvel&nbsp;An. Il a \u00e9voqu\u00e9, lors de la conf\u00e9rence de presse,<em>&nbsp;\u00ab\u00a0une des pires trag\u00e9dies que la Suisse a connue\u00a0\u00bb<\/em>, annon\u00e7ant la mise en berne des drapeaux pour cinq jours.&nbsp;<em>\u00ab\u00a0L&rsquo;identification des corps et des bless\u00e9s peut prendre encore du temps\u00a0\u00bb<\/em>, a soulign\u00e9 Mathias Reynard, pr\u00e9sident du Conseil d&rsquo;Etat du Valais. Suivez notre direct.<\/p>\n\n\n\n<p class=\"\"><strong>Emmanuel Macron au diapason de la Suisse.<\/strong>\u00a0Le pr\u00e9sident de la R\u00e9publique a publi\u00e9 un message sur le\u00a0<a href=\"https:\/\/x.com\/EmmanuelMacron\/status\/2006688907279368266\" target=\"_blank\" rel=\"noreferrer noopener\">r\u00e9seau X(Nouvelle fen\u00eatre)<\/a>\u00a0\u00e0 l&rsquo;intention des tr\u00e8s nombreuses victimes de l&rsquo;incendie mortel qui a eu lieu durant la nuit du Nouvel\u00a0An \u00e0 Crans-Montana.\u00a0<em>\u00ab\u00a0Mes pens\u00e9es vont aux familles endeuill\u00e9es et aux bless\u00e9s. \u00c0 la Suisse, \u00e0 son peuple et \u00e0 ses autorit\u00e9s, j&rsquo;adresse la pleine solidarit\u00e9 de la France et notre soutien fraternel\u00a0\u00bb<\/em>, \u00e9crit le chef de l&rsquo;Etat.<\/p>\n\n\n\n<p class=\"\"><strong>Un bilan humain extr\u00eamement lourd.<\/strong>\u00a0<a href=\"https:\/\/www.franceinfo.fr\/faits-divers\/nouvel-an-endeuille-en-suisse-une-explosion-fait-plusieurs-morts-dans-la-station-de-ski-de-crans-montana_7714378.html\">Un incendie a ravag\u00e9 le bar Le Constellation<\/a>\u00a0dans la station de ski suisse de Crans-Montana alors que de nombreux touristes f\u00eataient le passage \u00e0 la nouvelle ann\u00e9e dans la nuit du mercredi 31 d\u00e9cembre au jeudi 1er janvier. Il y a\u00a0<em>\u00ab\u00a0plusieurs dizaines de personnes pr\u00e9sum\u00e9es d\u00e9c\u00e9d\u00e9es\u00a0\u00bb\u00a0<\/em>et<em>\u00a0\u00ab\u00a0une centaine de bless\u00e9s\u00a0\u00bb,<\/em>\u00a0a annonc\u00e9 le commandant de la police du canton du Valais, jeudi matin lors d&rsquo;une conf\u00e9rence de presse.<\/p>\n\n\n\n<p class=\"\"><strong>Deux Fran\u00e7ais figurent parmi les bless\u00e9s.<\/strong>\u00a0Le minist\u00e8re des Affaires \u00e9trang\u00e8res a dress\u00e9 un premier bilan faisant \u00e9tat de deux bless\u00e9s fran\u00e7ais lors de l&rsquo;incendie \u00e0 Crans-Montana. Ils ont \u00e9t\u00e9 imm\u00e9diatement pris en charge par les services de secours.\u00a0<em>\u00ab\u00a0Les \u00e9quipes consulaires du minist\u00e8re des Affaires \u00e9trang\u00e8res sont en contact permanent avec les autorit\u00e9s suisses dans le cas o\u00f9 d&rsquo;autres ressortissants seraient concern\u00e9s\u00a0\u00bb<\/em>, a pr\u00e9cis\u00e9 le Quai d&rsquo;Orsay dans un communiqu\u00e9 publi\u00e9 jeudi en fin de matin\u00e9e.<\/p>\n\n\n\n<p class=\"\"><strong>Un incendie dont l&rsquo;origine reste encore ind\u00e9termin\u00e9e.<\/strong>\u00a0Les autorit\u00e9s suisses ont fait savoir jeudi matin que les causes de l&rsquo;incendie ne sont pour l&rsquo;instant pas d\u00e9termin\u00e9es. Plus t\u00f4t dans la matin\u00e9e, le porte-parole de la police cantonale, Ga\u00ebtan Lathion, interrog\u00e9 par l&rsquo;AFP, avait fait \u00e9tat\u00a0<em>\u00ab\u00a0d&rsquo;une explosion d&rsquo;origine inconnue\u00a0\u00bb<\/em>,<em>\u00a0<\/em>vraisemblablement cons\u00e9cutive au feu.<em>\u00a0\u00ab\u00a0Une enqu\u00eate a \u00e9t\u00e9 ouverte pour incendie\u00a0\u00bb,\u00a0<\/em>a annonc\u00e9 la procureure g\u00e9n\u00e9rale, pr\u00e9cisant qu&rsquo;<em>\u00ab\u00a0\u00e0 aucun moment, il n&rsquo;est question d&rsquo;un quelconque attentat\u00a0\u00bb<\/em>.<\/p>\n","protected":false},"excerpt":{"rendered":"<p>Les flammes ont ravag\u00e9 le bar Le Constellation, situ\u00e9 dans cette prestigieuse station de ski suisse, alors que de nombreux touristes f\u00eataient le passage \u00e0 la nouvelle ann\u00e9e dans la nuit de mercredi \u00e0 jeudi. Les autorit\u00e9s suisses ont tenu une conf\u00e9rence de presse, jeudi apr\u00e8s-midi.Une&nbsp;\u00ab\u00a0quarantaine\u00a0\u00bb&nbsp;de personnes sont mortes apr\u00e8s&nbsp;le terrible incendie survenu dans un [&hellip;]<\/p>\n","protected":false},"author":2,"featured_media":41242,"comment_status":"open","ping_status":"open","sticky":false,"template":"","format":"standard","meta":{"_jetpack_memberships_contains_paid_content":false,"footnotes":"","jetpack_publicize_message":"","jetpack_publicize_feature_enabled":true,"jetpack_social_post_already_shared":true,"jetpack_social_options":{"image_generator_settings":{"template":"highway","default_image_id":0,"font":"","enabled":false},"version":2},"_wpas_customize_per_network":false},"categories":[405],"tags":[],"class_list":["post-41241","post","type-post","status-publish","format-standard","has-post-thumbnail","hentry","category-actu-france-monde"],"jetpack_publicize_connections":[],"jetpack_featured_media_url":"https:\/\/i0.wp.com\/www.iceagetv.com\/radiosite\/wp-content\/uploads\/2026\/01\/Incendie-mortel-a-Crans-Montana.jpg?fit=450%2C309&ssl=1","jetpack_sharing_enabled":true,"_links":{"self":[{"href":"https:\/\/www.iceagetv.com\/radiosite\/wp-json\/wp\/v2\/posts\/41241","targetHints":{"allow":["GET"]}}],"collection":[{"href":"https:\/\/www.iceagetv.com\/radiosite\/wp-json\/wp\/v2\/posts"}],"about":[{"href":"https:\/\/www.iceagetv.com\/radiosite\/wp-json\/wp\/v2\/types\/post"}],"author":[{"embeddable":true,"href":"https:\/\/www.iceagetv.com\/radiosite\/wp-json\/wp\/v2\/users\/2"}],"replies":[{"embeddable":true,"href":"https:\/\/www.iceagetv.com\/radiosite\/wp-json\/wp\/v2\/comments?post=41241"}],"version-history":[{"count":1,"href":"https:\/\/www.iceagetv.com\/radiosite\/wp-json\/wp\/v2\/posts\/41241\/revisions"}],"predecessor-version":[{"id":41243,"href":"https:\/\/www.iceagetv.com\/radiosite\/wp-json\/wp\/v2\/posts\/41241\/revisions\/41243"}],"wp:featuredmedia":[{"embeddable":true,"href":"https:\/\/www.iceagetv.com\/radiosite\/wp-json\/wp\/v2\/media\/41242"}],"wp:attachment":[{"href":"https:\/\/www.iceagetv.com\/radiosite\/wp-json\/wp\/v2\/media?parent=41241"}],"wp:term":[{"taxonomy":"category","embeddable":true,"href":"https:\/\/www.iceagetv.com\/radiosite\/wp-json\/wp\/v2\/categories?post=41241"},{"taxonomy":"post_tag","embeddable":true,"href":"https:\/\/www.iceagetv.com\/radiosite\/wp-json\/wp\/v2\/tags?post=41241"}],"curies":[{"name":"wp","href":"https:\/\/api.w.org\/{rel}","templated":true}]}}