{"id":41254,"date":"2026-01-02T11:57:38","date_gmt":"2026-01-02T10:57:38","guid":{"rendered":"https:\/\/www.iceagetv.com\/radiosite\/?p=41254"},"modified":"2026-01-02T11:57:41","modified_gmt":"2026-01-02T10:57:41","slug":"on-a-essaye-de-joindre-nos-copains-pas-de-reponse-a-crans-montana-langoisse-des-proches-des-disparus","status":"publish","type":"post","link":"https:\/\/www.iceagetv.com\/radiosite\/on-a-essaye-de-joindre-nos-copains-pas-de-reponse-a-crans-montana-langoisse-des-proches-des-disparus\/","title":{"rendered":"On a essay\u00e9 de joindre nos copains, pas de r\u00e9ponse\u00a0\u00bb : \u00e0 Crans-Montana, l&rsquo;angoisse des proches des disparus"},"content":{"rendered":"\n<p class=\"\">L&rsquo;enqu\u00eate et l&rsquo;identification des victimes continuent apr\u00e8s l&rsquo;incendie meurtrier d&rsquo;un bar de la station de ski suisse. Les proches des disparus sont rong\u00e9es par l&rsquo;inqui\u00e9tude.\u00ab\u2009Est-ce qu\u2019ils vont bien\u2009? Est-ce qu\u2019ils sont juste \u00e0 l\u2019h\u00f4pital\u2009?\u2009\u00bb\u2009: des heures apr\u00e8s les flammes qui ont&nbsp;<a href=\"https:\/\/actu.fr\/monde\/une-explosion-dans-un-bar-de-nuit-fait-plusieurs-morts-dans-une-station-de-ski-en-suisse_63642153.html\">ravag\u00e9 jeudi 1er&nbsp;janvier 2026 le bar de Crans-Montana en Suisse<\/a>, \u00c9l\u00e9onore et Elisa, 17&nbsp;ans, sont rong\u00e9es par l\u2019inqui\u00e9tude.<\/p>\n\n\n\n<p class=\"\">Plusieurs de leurs amis \u00e9taient pr\u00e9sents dans le bar<em>&nbsp;Le Constellation<\/em>&nbsp;et sont port\u00e9s disparus, alors&nbsp;<strong>qu\u2019une quarantaine de personnes ont p\u00e9ri<\/strong>&nbsp;et que plus d\u2019une centaine d\u2019autres ont \u00e9t\u00e9 bless\u00e9es (pour beaucoup des jeunes) et pour beaucoup gri\u00e8vement.<\/p>\n\n\n\n<p class=\"\">L\u2019origine de la d\u00e9flagration, survenue vers 1\u2009h\u200930 dans la nuit de la Saint-Sylvestre, reste inconnue. Des dizaines de corps calcin\u00e9s doivent encore \u00eatre identifi\u00e9s. Neuf Fran\u00e7ais ont \u00e9t\u00e9 bless\u00e9s et\u00a0<strong>huit autres comptent parmi les disparus.<\/strong>\u2009On a essay\u00e9 de joindre nos copains\u2009\u00bb<\/p>\n\n\n\n<p class=\"\">Non loin d\u2019\u00c9l\u00e9onore et Elisa, l\u2019\u00e9tablissement&nbsp;<em>Le Constellation<\/em>&nbsp;est d\u00e9sormais cach\u00e9 \u00e0 la vue des passants par des b\u00e2ches opaques blanches.<\/p>\n\n\n\n<p class=\"\"><strong>\u00ab\u2009On a essay\u00e9 de les joindre<\/strong>, certaines de leurs localisations sont encore plac\u00e9es ici\u2009\u00bb, t\u00e9moigne comme abasourdie l\u2019une des adolescentes qui r\u00e9side dans une autre commune du Valais proche de\u00a0<a href=\"https:\/\/maps.app.goo.gl\/Wm7EXazmjUBLJiCN8\">la station de ski alpine hupp\u00e9e<\/a>.<strong>Peut-\u00eatre qu\u2019ils ont perdu leur t\u00e9l\u00e9phone\u2009\u00bb<\/strong>, avance en essayant d\u2019y croire celle qui devait aussi venir dans ce bar mais \u00e0 qui ses parents ont dit qu\u2019ils pr\u00e9f\u00e9raient qu\u2019elle reste avec eux.Du temps pour identifier les victimes<\/p>\n\n\n\n<p class=\"\">D\u2019autres proches se d\u00e9m\u00e8nent et font circuler sur les&nbsp;<a href=\"https:\/\/actu.fr\/tag\/reseaux-sociaux\">r\u00e9seaux sociaux<\/a>&nbsp;des photos de leurs proches, souvent des visages juv\u00e9niles.<\/p>\n\n\n\n<p class=\"\">Une autre jeune femme indique \u00e0 l\u2019AFP avoir tout juste \u00ab\u2009r\u00e9ussi \u00e0 avoir des nouvelles\u2009\u00bb d\u2019un de leurs copains\u2009:<strong>\u00a0\u00ab\u2009il est compl\u00e8tement br\u00fbl\u00e9, il est dans le coma\u2009\u00bb<\/strong>\u00a0\u00e0 Lausanne (\u00e0 l\u2019ouest de la Suisse).Les autorit\u00e9s helv\u00e9tiques l\u2019ont r\u00e9p\u00e9t\u00e9 jeudi 1er\u00a0janvier 2026\u2009: il faudra\u00a0<strong>du temps pour identifier les victimes<\/strong>, l\u2019accent est mis pour l\u2019heure sur la\u00a0<a href=\"https:\/\/actu.fr\/tag\/medecins\">m\u00e9decine<\/a>\u00a0l\u00e9gale. Cinq bless\u00e9s sur 112 n\u2019\u00e9taient pas identifi\u00e9s, indiquait jeudi soir \u00e0 l\u2019AFP l\u2019ambassadeur d\u2019Italie Gian Lorenzo Cornado.Une cellule de cirse mise en place<\/p>\n\n\n\n<p class=\"\">\u00c0 quelques centaines de m\u00e8tres du bar&nbsp;<a href=\"https:\/\/actu.fr\/tag\/incendie\">incendi\u00e9<\/a>&nbsp;et d\u2019une all\u00e9e pi\u00e9tonne bord\u00e9e de pins aux guirlandes dor\u00e9es,&nbsp;<strong>une cellule de crise<\/strong>&nbsp;a \u00e9t\u00e9 install\u00e9e d\u00e8s jeudi dans le centre des congr\u00e8s de la station de ski.<\/p>\n\n\n\n<p class=\"\">Le lieu est un peu excentr\u00e9 par rapport aux ruelles passantes et commer\u00e7antes. La zone est boucl\u00e9e \u00e0 la presse, l\u2019entr\u00e9e barr\u00e9e par des policiers.<\/p>\n\n\n\n<p class=\"\">L\u00e0, des&nbsp;<a href=\"https:\/\/actu.fr\/tag\/famille\">familles<\/a>&nbsp;de victimes sont re\u00e7ues.&nbsp;Comme cette adolescente \u00e0 la longue tresse et&nbsp;<strong>le regard plant\u00e9 dans le sol<\/strong>, sur qui se penche et parle un homme, brassard de l\u2019UNIP au bras, cette unit\u00e9 d\u2019intervention&nbsp;<a href=\"https:\/\/actu.fr\/tag\/psy\">psycho<\/a>sociale de Neuch\u00e2tel (Suisse).<\/p>\n\n\n\n<p class=\"\">Dans une salle plus en retrait, un autre volontaire v\u00eatu d\u2019une chasuble bleue s\u2019agenouille et s\u2019adresse \u00e0 un couple \u00e0 l\u2019air \u00e9prouv\u00e9.Des jours voire des semaines d\u2019attente<\/p>\n\n\n\n<p class=\"\">Dans ce centre improvis\u00e9,&nbsp;<a href=\"https:\/\/actu.fr\/tag\/police\">policiers<\/a>, protection civile ou encore&nbsp;<a href=\"https:\/\/actu.fr\/politique\">diplomates<\/a>&nbsp;tentent d\u2019orienter des proches d\u00e9sempar\u00e9s.<\/p>\n\n\n\n<p class=\"\"><strong>\u00ab\u2009Nous devons \u00eatre efficaces<\/strong>&nbsp;pour tout entreprendre, [\u2026] pour les parents qui attendent les proches, qui ne savent pas ce qu\u2019il se passe, l\u2019identification\u2009\u00bb, assurait jeudi apr\u00e8s-midi Guy Parmelin, le pr\u00e9sident de la Conf\u00e9d\u00e9ration helv\u00e9tique, \u00e9voquant&nbsp;<strong>\u00ab\u2009le travail extr\u00eamement difficile\u2009\u00bb<\/strong>&nbsp;men\u00e9 par les sp\u00e9cialistes.<\/p>\n\n\n\n<blockquote class=\"wp-block-quote is-layout-flow wp-block-quote-is-layout-flow\">\n<p class=\"\">[Concernant] les personnes qui sont intervenues sur le plan psychologique, il y a ceux qui ont vu les sc\u00e8nes, ceux qui ont aid\u00e9 et ceux qui vont encore le faire, je vous prie de croire que c&rsquo;est quelque chose qui va \u00eatre de longue dur\u00e9e.<strong>Guy Parmelin<\/strong>Pr\u00e9sident de la Conf\u00e9d\u00e9ration helv\u00e9tique<\/p>\n<\/blockquote>\n\n\n\n<p class=\"\">D\u2019importants moyens sont mobilis\u00e9s \u00ab\u2009pour identifier les victimes et restituer leurs corps aux familles le plus rapidement possible\u2009\u00bb, a appuy\u00e9 B\u00e9atrice Pilloud, la procureure g\u00e9n\u00e9rale du canton du Valais, dans le sud-ouest de la Suisse. Car l\u2019attente risque d\u2019\u00eatre tr\u00e8s longue pour les proches.<\/p>\n\n\n\n<p class=\"\">D\u2019apr\u00e8s Fran\u00e7ois Daoust, directeur du centre de recherche de la gendarmerie nationale, \u00ab\u2009ce sont encore&nbsp;<strong>des jours, voire des semaines<\/strong>&nbsp;qu\u2019il conviendra d\u2019attendre pour les familles, pour avoir une r\u00e9ponse quant \u00e0 l\u2019identification de leurs proches\u2009\u00bb.<\/p>\n","protected":false},"excerpt":{"rendered":"<p>L&rsquo;enqu\u00eate et l&rsquo;identification des victimes continuent apr\u00e8s l&rsquo;incendie meurtrier d&rsquo;un bar de la station de ski suisse. Les proches des disparus sont rong\u00e9es par l&rsquo;inqui\u00e9tude.\u00ab\u2009Est-ce qu\u2019ils vont bien\u2009? Est-ce qu\u2019ils sont juste \u00e0 l\u2019h\u00f4pital\u2009?\u2009\u00bb\u2009: des heures apr\u00e8s les flammes qui ont&nbsp;ravag\u00e9 jeudi 1er&nbsp;janvier 2026 le bar de Crans-Montana en Suisse, \u00c9l\u00e9onore et Elisa, 17&nbsp;ans, sont [&hellip;]<\/p>\n","protected":false},"author":2,"featured_media":41255,"comment_status":"open","ping_status":"open","sticky":false,"template":"","format":"standard","meta":{"_jetpack_memberships_contains_paid_content":false,"footnotes":"","jetpack_publicize_message":"","jetpack_publicize_feature_enabled":true,"jetpack_social_post_already_shared":true,"jetpack_social_options":{"image_generator_settings":{"template":"highway","default_image_id":0,"font":"","enabled":false},"version":2},"_wpas_customize_per_network":false},"categories":[405],"tags":[],"class_list":["post-41254","post","type-post","status-publish","format-standard","has-post-thumbnail","hentry","category-actu-france-monde"],"jetpack_publicize_connections":[],"jetpack_featured_media_url":"https:\/\/i0.wp.com\/www.iceagetv.com\/radiosite\/wp-content\/uploads\/2026\/01\/familles-proches-incendie-crans-montana-suisse-station-ski-bar-incendie-victimes-morts-disparus-angoisse-inquietude-temoignage-960x640-1.jpg?fit=960%2C640&ssl=1","jetpack_sharing_enabled":true,"_links":{"self":[{"href":"https:\/\/www.iceagetv.com\/radiosite\/wp-json\/wp\/v2\/posts\/41254","targetHints":{"allow":["GET"]}}],"collection":[{"href":"https:\/\/www.iceagetv.com\/radiosite\/wp-json\/wp\/v2\/posts"}],"about":[{"href":"https:\/\/www.iceagetv.com\/radiosite\/wp-json\/wp\/v2\/types\/post"}],"author":[{"embeddable":true,"href":"https:\/\/www.iceagetv.com\/radiosite\/wp-json\/wp\/v2\/users\/2"}],"replies":[{"embeddable":true,"href":"https:\/\/www.iceagetv.com\/radiosite\/wp-json\/wp\/v2\/comments?post=41254"}],"version-history":[{"count":1,"href":"https:\/\/www.iceagetv.com\/radiosite\/wp-json\/wp\/v2\/posts\/41254\/revisions"}],"predecessor-version":[{"id":41256,"href":"https:\/\/www.iceagetv.com\/radiosite\/wp-json\/wp\/v2\/posts\/41254\/revisions\/41256"}],"wp:featuredmedia":[{"embeddable":true,"href":"https:\/\/www.iceagetv.com\/radiosite\/wp-json\/wp\/v2\/media\/41255"}],"wp:attachment":[{"href":"https:\/\/www.iceagetv.com\/radiosite\/wp-json\/wp\/v2\/media?parent=41254"}],"wp:term":[{"taxonomy":"category","embeddable":true,"href":"https:\/\/www.iceagetv.com\/radiosite\/wp-json\/wp\/v2\/categories?post=41254"},{"taxonomy":"post_tag","embeddable":true,"href":"https:\/\/www.iceagetv.com\/radiosite\/wp-json\/wp\/v2\/tags?post=41254"}],"curies":[{"name":"wp","href":"https:\/\/api.w.org\/{rel}","templated":true}]}}