{"id":41270,"date":"2026-01-02T17:39:04","date_gmt":"2026-01-02T16:39:04","guid":{"rendered":"https:\/\/www.iceagetv.com\/radiosite\/?p=41270"},"modified":"2026-01-02T17:39:06","modified_gmt":"2026-01-02T16:39:06","slug":"incendie-dun-bar-a-crans-montana-bilan-humain-causes-ce-que-lon-sait-deux-jours-apres-le-drame-en-suisse","status":"publish","type":"post","link":"https:\/\/www.iceagetv.com\/radiosite\/incendie-dun-bar-a-crans-montana-bilan-humain-causes-ce-que-lon-sait-deux-jours-apres-le-drame-en-suisse\/","title":{"rendered":"Incendie d&rsquo;un bar \u00e0 Crans-Montana : bilan humain, causes\u2026 ce que l&rsquo;on sait deux jours apr\u00e8s le drame en Suisse"},"content":{"rendered":"\n<p class=\"\">L&rsquo;incendie meurtrier dans la station de Crans-Montana aurait \u00e9t\u00e9 caus\u00e9 par des bougies incandescentes. Le nouveau bilan communiqu\u00e9 fait \u00e9tat de 40 morts et de 119 bless\u00e9s.\u00a0L\u2019incendie meurtrier dans la station de ski suisse de Crans-Montana aurait \u00e9t\u00e9 caus\u00e9 par des\u00a0<strong>bougies incandescentes ou des feux de Bengale<\/strong>, a annonc\u00e9 la procureure lors d\u2019une conf\u00e9rence de presse ce vendredi 2\u00a0janvier 2026. Le nouveau bilan communiqu\u00e9 fait \u00e9tat de\u00a0<a href=\"https:\/\/actu.fr\/occitanie\/saint-julien-de-peyrolas_30273\/incendie-mortel-a-crans-montana-un-habitant-du-gard-parmi-les-victimes_63644857.html\">40 morts<\/a>\u00a0et de 119 bless\u00e9s.Les deux g\u00e9rants du bar auditionn\u00e9s<\/p>\n\n\n\n<p class=\"\">Les&nbsp;<a href=\"https:\/\/actu.fr\/faits-divers\/drame-de-crans-montana-qui-sont-les-gerants-bien-connus-dans-les-alpes-maritimes_63643195.html\">deux g\u00e9rants fran\u00e7ais du bar<\/a>&nbsp;qui a \u00e9t\u00e9 ravag\u00e9 la nuit du nouvel an par l\u2019incendie meurtrie ont \u00e9t\u00e9 auditionn\u00e9s, a annonc\u00e9 la procureure du canton du Valais vendredi.<\/p>\n\n\n\n<p class=\"\">Lors d\u2019une conf\u00e9rence de presse \u00e0 Sion, B\u00e9atrice Pilloud a indiqu\u00e9 que plusieurs personnes avaient \u00e9t\u00e9 entendues et que des constatations ont \u00e9t\u00e9 faites sur place.<\/p>\n\n\n\n<p class=\"\">\u00ab\u2009Dans les auditions qui ont \u00e9t\u00e9 men\u00e9es, il y a notamment les deux g\u00e9rants fran\u00e7ais et des personnes rescap\u00e9es\u2009\u00bb, a d\u00e9taill\u00e9 B\u00e9atrice Pilloud.<\/p>\n\n\n\n<p class=\"\">Des sources concordantes ont indiqu\u00e9 jeudi \u00e0&nbsp;<em>l\u2019AFP<\/em>&nbsp;que les propri\u00e9taires du bar sont un couple originaire de Corse.<\/p>\n\n\n\n<p class=\"\">B\u00e9atrice Pilloud a pr\u00e9cis\u00e9 vendredi que les deux g\u00e9rants avaient \u00e9t\u00e9 entendus \u00ab\u2009\u00e0 titre de personnes appel\u00e9es \u00e0 donner des renseignements\u2009\u00bb.Ces auditions ont permis d\u2019aider \u00e0 \u00e9tablir des listes de personnes qui \u00e9taient pr\u00e9sentes<a href=\"https:\/\/actu.fr\/monde\/une-explosion-dans-un-bar-de-nuit-fait-plusieurs-morts-dans-une-station-de-ski-en-suisse_63642153.html\">\u00a0lors de la soir\u00e9e<\/a>\u00a0et ont \u00ab\u2009\u00e9galement permis d\u2019expliquer la configuration int\u00e9rieure des lieux, les travaux r\u00e9alis\u00e9s et la capacit\u00e9 d\u2019accueil\u2009\u00bb, a-t-elle ajout\u00e9.Des feux de Bengale \u00e0 l\u2019origine de l\u2019incendie<\/p>\n\n\n\n<p class=\"\">Par ailleurs, \u00ab\u2009tout laisse \u00e0 penser que le feu est parti\u00a0<strong>des bougies incandescentes ou des feux de Bengale<\/strong>\u00a0qui ont \u00e9t\u00e9 mis sur les bouteilles de champagne et le tout a \u00e9t\u00e9 approch\u00e9 de trop pr\u00e8s du plafond. De l\u00e0, il s\u2019est produit un embrasement rapide, tr\u00e8s rapide et g\u00e9n\u00e9ral\u2009\u00bb, a-t-elle poursuivi.La procureure a indiqu\u00e9 que la suite de l\u2019enqu\u00eate portera notamment \u00ab\u2009sur les travaux effectu\u00e9s au sein du bar, les mat\u00e9riaux qui sont utilis\u00e9s, les autorisations d\u2019exploiter, les mesures de s\u00e9curit\u00e9\u2009\u00bb ou encore le respect des normes incendie.<\/p>\n\n\n\n<p class=\"\">Pr\u00e9sent \u00e0 ses c\u00f4t\u00e9s, St\u00e9phane Ganzer, chef du d\u00e9partement de la s\u00e9curit\u00e9, des institutions et du sport du canton du Valais, a lui indiqu\u00e9 que le \u00ab\u2009b\u00e2timent \u00e9tait<strong>&nbsp;\u00e9quip\u00e9 d\u2019une sortie de secours\u2009\u00bb.<\/strong><\/p>\n\n\n\n<blockquote class=\"wp-block-quote is-layout-flow wp-block-quote-is-layout-flow\">\n<p class=\"\">Mais il faut imaginer lors d&rsquo;un embrasement g\u00e9n\u00e9ralis\u00e9 (&#8230;), peu de personnes ont peut-\u00eatre trouv\u00e9 cette sortie.<strong>St\u00e9phane Ganzer<\/strong>Chef du d\u00e9partement de la s\u00e9curit\u00e9, des institutions et du sport du canton du Valais<\/p>\n<\/blockquote>\n\n\n\n<p class=\"\">Le bilan officiel de l\u2019incendie est, \u00e0 ce stade,<strong>&nbsp;de 40 morts et de 119 bless\u00e9s<\/strong>, a indiqu\u00e9 vendredi Fr\u00e9d\u00e9ric Gisler, commandant de la police cantonale valaisanne.<\/p>\n\n\n\n<p class=\"\">B\u00e9atrice Pilloud a ajout\u00e9 que certaines personnes, qui dans un premier temps ne pensaient pas \u00eatre bless\u00e9es, se sont rendues dans des h\u00f4pitaux dans les heures suivantes.<\/p>\n","protected":false},"excerpt":{"rendered":"<p>L&rsquo;incendie meurtrier dans la station de Crans-Montana aurait \u00e9t\u00e9 caus\u00e9 par des bougies incandescentes. Le nouveau bilan communiqu\u00e9 fait \u00e9tat de 40 morts et de 119 bless\u00e9s.\u00a0L\u2019incendie meurtrier dans la station de ski suisse de Crans-Montana aurait \u00e9t\u00e9 caus\u00e9 par des\u00a0bougies incandescentes ou des feux de Bengale, a annonc\u00e9 la procureure lors d\u2019une conf\u00e9rence de [&hellip;]<\/p>\n","protected":false},"author":2,"featured_media":41271,"comment_status":"open","ping_status":"open","sticky":false,"template":"","format":"standard","meta":{"_jetpack_memberships_contains_paid_content":false,"footnotes":"","jetpack_publicize_message":"","jetpack_publicize_feature_enabled":true,"jetpack_social_post_already_shared":true,"jetpack_social_options":{"image_generator_settings":{"template":"highway","default_image_id":0,"font":"","enabled":false},"version":2},"_wpas_customize_per_network":false},"categories":[405],"tags":[],"class_list":["post-41270","post","type-post","status-publish","format-standard","has-post-thumbnail","hentry","category-actu-france-monde"],"jetpack_publicize_connections":[],"jetpack_featured_media_url":"https:\/\/i0.wp.com\/www.iceagetv.com\/radiosite\/wp-content\/uploads\/2026\/01\/newsmlafp-com-20260101t164723zdoc-89ed967-960x640-1.jpg?fit=960%2C640&ssl=1","jetpack_sharing_enabled":true,"_links":{"self":[{"href":"https:\/\/www.iceagetv.com\/radiosite\/wp-json\/wp\/v2\/posts\/41270","targetHints":{"allow":["GET"]}}],"collection":[{"href":"https:\/\/www.iceagetv.com\/radiosite\/wp-json\/wp\/v2\/posts"}],"about":[{"href":"https:\/\/www.iceagetv.com\/radiosite\/wp-json\/wp\/v2\/types\/post"}],"author":[{"embeddable":true,"href":"https:\/\/www.iceagetv.com\/radiosite\/wp-json\/wp\/v2\/users\/2"}],"replies":[{"embeddable":true,"href":"https:\/\/www.iceagetv.com\/radiosite\/wp-json\/wp\/v2\/comments?post=41270"}],"version-history":[{"count":1,"href":"https:\/\/www.iceagetv.com\/radiosite\/wp-json\/wp\/v2\/posts\/41270\/revisions"}],"predecessor-version":[{"id":41272,"href":"https:\/\/www.iceagetv.com\/radiosite\/wp-json\/wp\/v2\/posts\/41270\/revisions\/41272"}],"wp:featuredmedia":[{"embeddable":true,"href":"https:\/\/www.iceagetv.com\/radiosite\/wp-json\/wp\/v2\/media\/41271"}],"wp:attachment":[{"href":"https:\/\/www.iceagetv.com\/radiosite\/wp-json\/wp\/v2\/media?parent=41270"}],"wp:term":[{"taxonomy":"category","embeddable":true,"href":"https:\/\/www.iceagetv.com\/radiosite\/wp-json\/wp\/v2\/categories?post=41270"},{"taxonomy":"post_tag","embeddable":true,"href":"https:\/\/www.iceagetv.com\/radiosite\/wp-json\/wp\/v2\/tags?post=41270"}],"curies":[{"name":"wp","href":"https:\/\/api.w.org\/{rel}","templated":true}]}}