{"id":41279,"date":"2026-01-03T05:43:45","date_gmt":"2026-01-03T04:43:45","guid":{"rendered":"https:\/\/www.iceagetv.com\/radiosite\/?p=41279"},"modified":"2026-01-03T05:43:48","modified_gmt":"2026-01-03T04:43:48","slug":"tragique-accident-dans-les-alpes-italiennes-trois-skieurs-decedent-dans-des-avalanches-dont-un-francais-et-une-allemande","status":"publish","type":"post","link":"https:\/\/www.iceagetv.com\/radiosite\/tragique-accident-dans-les-alpes-italiennes-trois-skieurs-decedent-dans-des-avalanches-dont-un-francais-et-une-allemande\/","title":{"rendered":"Tragique accident dans les Alpes italiennes : trois skieurs d\u00e9c\u00e8dent dans des avalanches, dont un Fran\u00e7ais et une Allemande"},"content":{"rendered":"\n<p class=\"\">Trois personnes sont mortes dans des avalanches vendredi en Italie dont un Fran\u00e7ais et une Allemande, ont indiqu\u00e9 les secours alpins italiensVers midi, deux skieurs ont \u00e9t\u00e9 pris dans une avalanche \u00e0 Val Maira dans le Pi\u00e9mont (nord-ouest), pr\u00e8s de la fronti\u00e8re fran\u00e7aise, \u00e0 2.300 m\u00e8tres d&rsquo;altitude. Ils ont \u00e9t\u00e9 d\u00e9gag\u00e9s par d&rsquo;autres skieurs mais l&rsquo;un des deux, une Allemande, \u00e9tait d\u00e9c\u00e9d\u00e9e quand l&rsquo;h\u00e9licopt\u00e8re des secours est arriv\u00e9.Un alpiniste italien de 50 ans est \u00e9galement mort vendredi matin dans les Dolomites (nord-est), emport\u00e9 par une avalanche alors qu&rsquo;il randonnait avec un ami.<\/p>\n","protected":false},"excerpt":{"rendered":"<p>Trois personnes sont mortes dans des avalanches vendredi en Italie dont un Fran\u00e7ais et une Allemande, ont indiqu\u00e9 les secours alpins italiensVers midi, deux skieurs ont \u00e9t\u00e9 pris dans une avalanche \u00e0 Val Maira dans le Pi\u00e9mont (nord-ouest), pr\u00e8s de la fronti\u00e8re fran\u00e7aise, \u00e0 2.300 m\u00e8tres d&rsquo;altitude. Ils ont \u00e9t\u00e9 d\u00e9gag\u00e9s par d&rsquo;autres skieurs mais [&hellip;]<\/p>\n","protected":false},"author":2,"featured_media":41280,"comment_status":"open","ping_status":"open","sticky":false,"template":"","format":"standard","meta":{"_jetpack_memberships_contains_paid_content":false,"footnotes":"","jetpack_publicize_message":"","jetpack_publicize_feature_enabled":true,"jetpack_social_post_already_shared":true,"jetpack_social_options":{"image_generator_settings":{"template":"highway","default_image_id":0,"font":"","enabled":false},"version":2},"_wpas_customize_per_network":false},"categories":[405],"tags":[],"class_list":["post-41279","post","type-post","status-publish","format-standard","has-post-thumbnail","hentry","category-actu-france-monde"],"jetpack_publicize_connections":[],"jetpack_featured_media_url":"https:\/\/i0.wp.com\/www.iceagetv.com\/radiosite\/wp-content\/uploads\/2026\/01\/image-1.jpg?fit=435%2C325&ssl=1","jetpack_sharing_enabled":true,"_links":{"self":[{"href":"https:\/\/www.iceagetv.com\/radiosite\/wp-json\/wp\/v2\/posts\/41279","targetHints":{"allow":["GET"]}}],"collection":[{"href":"https:\/\/www.iceagetv.com\/radiosite\/wp-json\/wp\/v2\/posts"}],"about":[{"href":"https:\/\/www.iceagetv.com\/radiosite\/wp-json\/wp\/v2\/types\/post"}],"author":[{"embeddable":true,"href":"https:\/\/www.iceagetv.com\/radiosite\/wp-json\/wp\/v2\/users\/2"}],"replies":[{"embeddable":true,"href":"https:\/\/www.iceagetv.com\/radiosite\/wp-json\/wp\/v2\/comments?post=41279"}],"version-history":[{"count":1,"href":"https:\/\/www.iceagetv.com\/radiosite\/wp-json\/wp\/v2\/posts\/41279\/revisions"}],"predecessor-version":[{"id":41281,"href":"https:\/\/www.iceagetv.com\/radiosite\/wp-json\/wp\/v2\/posts\/41279\/revisions\/41281"}],"wp:featuredmedia":[{"embeddable":true,"href":"https:\/\/www.iceagetv.com\/radiosite\/wp-json\/wp\/v2\/media\/41280"}],"wp:attachment":[{"href":"https:\/\/www.iceagetv.com\/radiosite\/wp-json\/wp\/v2\/media?parent=41279"}],"wp:term":[{"taxonomy":"category","embeddable":true,"href":"https:\/\/www.iceagetv.com\/radiosite\/wp-json\/wp\/v2\/categories?post=41279"},{"taxonomy":"post_tag","embeddable":true,"href":"https:\/\/www.iceagetv.com\/radiosite\/wp-json\/wp\/v2\/tags?post=41279"}],"curies":[{"name":"wp","href":"https:\/\/api.w.org\/{rel}","templated":true}]}}