{"id":41295,"date":"2026-01-03T15:29:43","date_gmt":"2026-01-03T14:29:43","guid":{"rendered":"https:\/\/www.iceagetv.com\/radiosite\/?p=41295"},"modified":"2026-01-03T15:29:45","modified_gmt":"2026-01-03T14:29:45","slug":"a-berlin-un-incendie-de-cables-presume-criminel-engendre-une-importante-coupure-delectricite","status":"publish","type":"post","link":"https:\/\/www.iceagetv.com\/radiosite\/a-berlin-un-incendie-de-cables-presume-criminel-engendre-une-importante-coupure-delectricite\/","title":{"rendered":"A Berlin, un incendie de c\u00e2bles pr\u00e9sum\u00e9 criminel engendre une importante coupure d&rsquo;\u00e9lectricit\u00e9"},"content":{"rendered":"\n<p class=\"\">Les pompiers ont rapidement \u00e9teint le feu, mais environ 45\u00a0000 foyers et 2\u00a0200 entreprises du sud-ouest de Berlin se sont retrouv\u00e9s sans courant.Des dizaines de milliers de foyers ont \u00e9t\u00e9 priv\u00e9s d&rsquo;\u00e9lectricit\u00e9, samedi 3 janvier, \u00e0 Berlin, apr\u00e8s l&rsquo;incendie de c\u00e2bles \u00e9lectriques que la police soup\u00e7onne d&rsquo;\u00eatre d&rsquo;origine criminelle. Les services de secours ont \u00e9t\u00e9 alert\u00e9s \u00e0 6h45 et les pompiers ont rapidement \u00e9teint le feu situ\u00e9 sur un pont pr\u00e8s d&rsquo;une centrale \u00e9lectrique de la capitale allemande. Mais environ 45&nbsp;000 foyers et 2&nbsp;200&nbsp;entreprises du sud-ouest de Berlin se sont retrouv\u00e9s sans courant, selon l&rsquo;op\u00e9rateur Stromnetz Berlin. Son porte-parole a d\u00e9clar\u00e9 que l&rsquo;op\u00e9rateur&nbsp;<em>\u00ab\u00a0s&rsquo;effor\u00e7ait de r\u00e9tablir progressivement l&rsquo;\u00e9lectricit\u00e9\u00a0\u00bb<\/em>.<\/p>\n\n\n\n<p class=\"\">La police a rapport\u00e9, dans un message&nbsp;<a href=\"https:\/\/x.com\/polizeiberlin\/status\/2007375790564864257\" target=\"_blank\" rel=\"noreferrer noopener\">sur X(Nouvelle fen\u00eatre)<\/a>, avoir d\u00e9ploy\u00e9 environ 160 agents sur site, dans le quartier de Lichterfelde, pour&nbsp;<em>\u00ab\u00a0enqu\u00eater sur des soup\u00e7ons d&rsquo;incendie criminel\u00a0\u00bb<\/em>. Elle a averti les r\u00e9sidents concern\u00e9s par la coupure d&rsquo;\u00e9lectricit\u00e9 que les syst\u00e8mes de chauffage pourraient ne pas fonctionner en raison de la panne, les a exhort\u00e9s \u00e0 utiliser leurs t\u00e9l\u00e9phones portables avec parcimonie et \u00e0 s&rsquo;assurer qu&rsquo;ils disposent de lampes de poche.<\/p>\n\n\n\n<p class=\"\">Les autorit\u00e9s avaient \u00e9galement suspect\u00e9 un acte criminel lorsqu&rsquo;un incendie avait touch\u00e9 des pyl\u00f4nes \u00e9lectriques \u00e0 Berlin en septembre, provoquant une importante coupure. Un groupe se disant antimilitariste avait alors revendiqu\u00e9 en ligne la responsabilit\u00e9 de l&rsquo;incendie.<\/p>\n","protected":false},"excerpt":{"rendered":"<p>Les pompiers ont rapidement \u00e9teint le feu, mais environ 45\u00a0000 foyers et 2\u00a0200 entreprises du sud-ouest de Berlin se sont retrouv\u00e9s sans courant.Des dizaines de milliers de foyers ont \u00e9t\u00e9 priv\u00e9s d&rsquo;\u00e9lectricit\u00e9, samedi 3 janvier, \u00e0 Berlin, apr\u00e8s l&rsquo;incendie de c\u00e2bles \u00e9lectriques que la police soup\u00e7onne d&rsquo;\u00eatre d&rsquo;origine criminelle. Les services de secours ont \u00e9t\u00e9 [&hellip;]<\/p>\n","protected":false},"author":2,"featured_media":41296,"comment_status":"open","ping_status":"open","sticky":false,"template":"","format":"standard","meta":{"_jetpack_memberships_contains_paid_content":false,"footnotes":"","jetpack_publicize_message":"","jetpack_publicize_feature_enabled":true,"jetpack_social_post_already_shared":true,"jetpack_social_options":{"image_generator_settings":{"template":"highway","default_image_id":0,"font":"","enabled":false},"version":2},"_wpas_customize_per_network":false},"categories":[405],"tags":[],"class_list":["post-41295","post","type-post","status-publish","format-standard","has-post-thumbnail","hentry","category-actu-france-monde"],"jetpack_publicize_connections":[],"jetpack_featured_media_url":"https:\/\/i0.wp.com\/www.iceagetv.com\/radiosite\/wp-content\/uploads\/2026\/01\/un-incendie-de-cables-presume-criminel.jpg?fit=803%2C373&ssl=1","jetpack_sharing_enabled":true,"_links":{"self":[{"href":"https:\/\/www.iceagetv.com\/radiosite\/wp-json\/wp\/v2\/posts\/41295","targetHints":{"allow":["GET"]}}],"collection":[{"href":"https:\/\/www.iceagetv.com\/radiosite\/wp-json\/wp\/v2\/posts"}],"about":[{"href":"https:\/\/www.iceagetv.com\/radiosite\/wp-json\/wp\/v2\/types\/post"}],"author":[{"embeddable":true,"href":"https:\/\/www.iceagetv.com\/radiosite\/wp-json\/wp\/v2\/users\/2"}],"replies":[{"embeddable":true,"href":"https:\/\/www.iceagetv.com\/radiosite\/wp-json\/wp\/v2\/comments?post=41295"}],"version-history":[{"count":1,"href":"https:\/\/www.iceagetv.com\/radiosite\/wp-json\/wp\/v2\/posts\/41295\/revisions"}],"predecessor-version":[{"id":41297,"href":"https:\/\/www.iceagetv.com\/radiosite\/wp-json\/wp\/v2\/posts\/41295\/revisions\/41297"}],"wp:featuredmedia":[{"embeddable":true,"href":"https:\/\/www.iceagetv.com\/radiosite\/wp-json\/wp\/v2\/media\/41296"}],"wp:attachment":[{"href":"https:\/\/www.iceagetv.com\/radiosite\/wp-json\/wp\/v2\/media?parent=41295"}],"wp:term":[{"taxonomy":"category","embeddable":true,"href":"https:\/\/www.iceagetv.com\/radiosite\/wp-json\/wp\/v2\/categories?post=41295"},{"taxonomy":"post_tag","embeddable":true,"href":"https:\/\/www.iceagetv.com\/radiosite\/wp-json\/wp\/v2\/tags?post=41295"}],"curies":[{"name":"wp","href":"https:\/\/api.w.org\/{rel}","templated":true}]}}