{"id":41329,"date":"2026-01-04T15:39:39","date_gmt":"2026-01-04T14:39:39","guid":{"rendered":"https:\/\/www.iceagetv.com\/radiosite\/?p=41329"},"modified":"2026-01-04T15:39:41","modified_gmt":"2026-01-04T14:39:41","slug":"greve-des-medecins-des-ce-lundi-en-pleine-epidemie-de-grippe-que-faire-si-votre-generaliste-est-absent","status":"publish","type":"post","link":"https:\/\/www.iceagetv.com\/radiosite\/greve-des-medecins-des-ce-lundi-en-pleine-epidemie-de-grippe-que-faire-si-votre-generaliste-est-absent\/","title":{"rendered":"Gr\u00e8ve des m\u00e9decins d\u00e8s ce lundi : en pleine \u00e9pid\u00e9mie de grippe, que faire si votre g\u00e9n\u00e9raliste est absent\u00a0?"},"content":{"rendered":"\n<p class=\"\">Un mouvement de gr\u00e8ve s&rsquo;organise parmi plusieurs professions m\u00e9dicales. La ministre de la Sant\u00e9 a pr\u00e9venu que des r\u00e9quisitions seraient possibles, en cas de besoin.La gronde monte chez les m\u00e9decins de ville et dans les cliniques. \u00c0 partir de ce lundi 5 janvier 2026, et pour dix jours,&nbsp;<a href=\"https:\/\/actu.fr\/societe\/un-mouvement-excessivement-suivi-les-medecins-appeles-a-une-greve-massive-des-ce-lundi-et-pour-dix-jours_63647451.html\">les m\u00e9decins lib\u00e9raux sont appel\u00e9s \u00e0 faire gr\u00e8ve<\/a>&nbsp;contre \u00ab des politiques qui les pi\u00e9tinent \u00bb, mouvement que leurs syndicats esp\u00e8rent \u00ab massif \u00bb, au risque de mettre en difficult\u00e9 l\u2019h\u00f4pital public.&nbsp;<\/p>\n\n\n\n<p class=\"\">Mais alors que la\u00a0<a href=\"https:\/\/actu.fr\/tag\/grippe\">grippe<\/a>\u00a0n\u2019en finit pas de toucher les Fran\u00e7ais, que faire si vous avez besoin de consulter votre m\u00e9decin et qu\u2019il fait gr\u00e8ve ?Quelles cons\u00e9quences ?<\/p>\n\n\n\n<p class=\"\">D\u2019abord, rappelons que pendant cette p\u00e9riode, les syndicats annoncent de tr\u00e8s nombreux cabinets ferm\u00e9s, des blocs op\u00e9ratoires \u00e0 l\u2019arr\u00eat, et des manifestations. Difficile de pr\u00e9dire quelle part des cabinets de ville seront ferm\u00e9s. Mais l\u2019ensemble des syndicats repr\u00e9sentatifs sont mobilis\u00e9s (Avenir Sp\u00e9\/Le Bloc, CSMF, FMF, MG France, SML, UFML), tout comme les \u00e9tudiants (Isni, Isnar-Img, Anemf) et la jeune g\u00e9n\u00e9ration (Jeunes M\u00e9decins, M\u00e9decins pour Demain).<\/p>\n\n\n\n<p class=\"\">Certains fermeront totalement leur cabinet. D\u2019autres se cantonneront aux seules urgences ou feront une \u00ab\u00a0gr\u00e8ve administrative\u00a0\u00bb, refusant par exemple de transmettre des donn\u00e9es \u00e0 l\u2019Assurance maladie.Comment faire en cas de besoin de consultation ?<\/p>\n\n\n\n<p class=\"\">D\u2019abord, m\u00eame si votre m\u00e9decin g\u00e9n\u00e9raliste a annonc\u00e9 faire gr\u00e8ve, il convient d\u2019appeler son secr\u00e9tariat quand m\u00eame, en cas d\u2019urgence par exemple. Car comme nous l\u2019expliquions plus haut, certains m\u00e9decins feront simplement une \u00ab&nbsp;gr\u00e8ve administrative&nbsp;\u00bb, mais donneront tout de m\u00eame des consultations, pour ne pas trop impacter les patients.&nbsp;<\/p>\n\n\n\n<p class=\"\"><a href=\"https:\/\/www.lareunion.ars.sante.fr\/greve-des-medecins-liberaux-du-5-au-15-janvier-2026-conseils-la-population#:~:text=En%20cas%20d'absence%20ou,besoin%2C%20vers%20un%20autre%20m%C3%A9decin.\">L\u2019Agence R\u00e9gionale de Sant\u00e9 de La R\u00e9union rappelle d\u2019ailleurs<\/a>\u00a0bien qu\u2019il convient de contacte le cabinet m\u00e9dical \u00ab\u00a0pour vous assurer de sa disponibilit\u00e9\u00a0\u00bb. Les maisons m\u00e9dicales de garde, normalement, ne font pas gr\u00e8ve et peuvent \u00eatre concern\u00e9es par des r\u00e9quisitions.Si le m\u00e9decin g\u00e9n\u00e9raliste n\u2019est pas disponible, il convient de \u00ab&nbsp;prendre conseil aupr\u00e8s d\u2019un pharmacien, ou d\u2019un professionnel de sant\u00e9 de proximit\u00e9&nbsp;\u00bb, rappelle aussi l\u2019ARS Pays de la Loire.<\/p>\n\n\n\n<blockquote class=\"wp-block-quote is-layout-flow wp-block-quote-is-layout-flow\">\n<p class=\"\">En cas d\u2019absence ou d\u2019indisponibilit\u00e9 de votre m\u00e9decin, et&nbsp;uniquement si vous estimez que votre \u00e9tat de sant\u00e9 n\u00e9cessite une consultation qui ne peut \u00eatre diff\u00e9r\u00e9e, appelez le 15 pour disposer d\u2019un avis m\u00e9dical et de l\u2019orientation, au besoin, vers un autre m\u00e9decin<strong>ARS La R\u00e9union<\/strong><\/p>\n<\/blockquote>\n\n\n\n<p class=\"\">Si vous avez une ordonnance \u00e0 faire renouveler, \u00ab&nbsp;anticipez en contactant votre m\u00e9decin traitant pour convenir avec lui de la n\u00e9cessit\u00e9 d\u2019avancer votre rendez-vous. A d\u00e9faut, vous pouvez aussi vous rapprocher de votre pharmacien qui pourra vous conseiller&nbsp;\u00bb, conseille encore l\u2019agence de sant\u00e9.<\/p>\n\n\n\n<p class=\"\">Par ailleurs, les patients arrivant aux urgences ou \u00e0 la maternit\u00e9 priv\u00e9s (les cliniques en gr\u00e8ve donc) seront \u2013 sauf urgence vitale \u2013 \u00ab\u00a0transf\u00e9r\u00e9s \u00e0 l\u2019h\u00f4pital public\u00a0\u00bb, d\u00e9j\u00e0 sous tension.Des r\u00e9quisitions au besoin ?<\/p>\n\n\n\n<p class=\"\">Dans un entretien \u00e0&nbsp;<em>la R\u00e9publique du Centre<\/em>&nbsp;publi\u00e9 ce dimanche 4 janvier, la ministre indique avoir \u00ab&nbsp;depuis plusieurs jours&nbsp;\u00bb, \u00ab&nbsp;pris des mesures pour organiser la permanence des soins avec les Agences r\u00e9gionales de sant\u00e9 (ARS), les \u00e9tablissements, les professionnels eux-m\u00eames pour que nos concitoyens ne soient pas en danger pendant cette mobilisation&nbsp;\u00bb.<\/p>\n\n\n\n<p class=\"\"><strong>\u00ab&nbsp;On peut \u00e9galement avoir recours aux r\u00e9quisitions, en cas de besoin&nbsp;\u00bb,<\/strong>&nbsp;ajoute St\u00e9phanie Rist expliquant qu\u2019elle prendra ses \u00ab&nbsp;responsabilit\u00e9s pour que nos concitoyens puissent \u00eatre soign\u00e9s, tout en respectant la possibilit\u00e9 de faire gr\u00e8ve pour les professionnels&nbsp;\u00bb.<\/p>\n\n\n\n<h2 class=\"wp-block-heading\">Activit\u00e9 \u00ab&nbsp;d\u2019intensit\u00e9 \u00e9lev\u00e9e&nbsp;\u00bb \u00e0 l\u2019h\u00f4pital \u00e0 cause de la grippe<\/h2>\n\n\n\n<p class=\"\">Pour rappel, la grippe continue de faire des ravages,<a href=\"https:\/\/actu.fr\/societe\/la-grippe-continue-de-faire-des-ravages-en-france-voici-les-departements-ou-l-epidemie-sevit-le-plus_63647754.html\">&nbsp;comme nous l\u2019expliquions dans un pr\u00e9c\u00e9dent article.<\/a>&nbsp;Lors de la semaine achev\u00e9e le 28 d\u00e9cembre 2025, la grippe a progress\u00e9 \u00ab&nbsp;dans l\u2019ensemble des r\u00e9gions, toutes en \u00e9pid\u00e9mie&nbsp;\u00bb, sauf La R\u00e9union, selon Sant\u00e9 publique France.<\/p>\n\n\n\n<p class=\"\">Cette aggravation de l\u2019\u00e9pid\u00e9mie a entra\u00een\u00e9 une activit\u00e9 \u00ab&nbsp;d\u2019intensit\u00e9 \u00e9lev\u00e9e&nbsp;\u00bb \u00e0 l\u2019h\u00f4pital avec 18 552 passages aux urgences (soit 5,2% du total, contre 4% la semaine d\u2019avant), notamment pour prendre en charge des enfants de moins de 15 ans et des personnes de plus de 65 ans. La grippe a \u00e9t\u00e9 \u00e0 l\u2019origine de 3 606 hospitalisations (soit 4,8% de l\u2019ensemble, contre 3,4% la semaine pr\u00e9c\u00e9dente).<\/p>\n\n\n\n<p class=\"\">En ville, l\u2019\u00e9pid\u00e9mie grippale est en revanche globalement \u00ab mod\u00e9r\u00e9e \u00bb, avec des \u00e9volutions divergentes selon l\u2019\u00e2ge.<\/p>\n","protected":false},"excerpt":{"rendered":"<p>Un mouvement de gr\u00e8ve s&rsquo;organise parmi plusieurs professions m\u00e9dicales. La ministre de la Sant\u00e9 a pr\u00e9venu que des r\u00e9quisitions seraient possibles, en cas de besoin.La gronde monte chez les m\u00e9decins de ville et dans les cliniques. \u00c0 partir de ce lundi 5 janvier 2026, et pour dix jours,&nbsp;les m\u00e9decins lib\u00e9raux sont appel\u00e9s \u00e0 faire gr\u00e8ve&nbsp;contre [&hellip;]<\/p>\n","protected":false},"author":2,"featured_media":41330,"comment_status":"open","ping_status":"open","sticky":false,"template":"","format":"standard","meta":{"_jetpack_memberships_contains_paid_content":false,"footnotes":"","jetpack_publicize_message":"","jetpack_publicize_feature_enabled":true,"jetpack_social_post_already_shared":true,"jetpack_social_options":{"image_generator_settings":{"template":"highway","default_image_id":0,"font":"","enabled":false},"version":2},"_wpas_customize_per_network":false},"categories":[405],"tags":[],"class_list":["post-41329","post","type-post","status-publish","format-standard","has-post-thumbnail","hentry","category-actu-france-monde"],"jetpack_publicize_connections":[],"jetpack_featured_media_url":"https:\/\/i0.wp.com\/www.iceagetv.com\/radiosite\/wp-content\/uploads\/2026\/01\/newsmlafp-com-20230320t105659zpartners-080-hl-mthomasset-2007044-960x640-1.jpg?fit=960%2C640&ssl=1","jetpack_sharing_enabled":true,"_links":{"self":[{"href":"https:\/\/www.iceagetv.com\/radiosite\/wp-json\/wp\/v2\/posts\/41329","targetHints":{"allow":["GET"]}}],"collection":[{"href":"https:\/\/www.iceagetv.com\/radiosite\/wp-json\/wp\/v2\/posts"}],"about":[{"href":"https:\/\/www.iceagetv.com\/radiosite\/wp-json\/wp\/v2\/types\/post"}],"author":[{"embeddable":true,"href":"https:\/\/www.iceagetv.com\/radiosite\/wp-json\/wp\/v2\/users\/2"}],"replies":[{"embeddable":true,"href":"https:\/\/www.iceagetv.com\/radiosite\/wp-json\/wp\/v2\/comments?post=41329"}],"version-history":[{"count":1,"href":"https:\/\/www.iceagetv.com\/radiosite\/wp-json\/wp\/v2\/posts\/41329\/revisions"}],"predecessor-version":[{"id":41331,"href":"https:\/\/www.iceagetv.com\/radiosite\/wp-json\/wp\/v2\/posts\/41329\/revisions\/41331"}],"wp:featuredmedia":[{"embeddable":true,"href":"https:\/\/www.iceagetv.com\/radiosite\/wp-json\/wp\/v2\/media\/41330"}],"wp:attachment":[{"href":"https:\/\/www.iceagetv.com\/radiosite\/wp-json\/wp\/v2\/media?parent=41329"}],"wp:term":[{"taxonomy":"category","embeddable":true,"href":"https:\/\/www.iceagetv.com\/radiosite\/wp-json\/wp\/v2\/categories?post=41329"},{"taxonomy":"post_tag","embeddable":true,"href":"https:\/\/www.iceagetv.com\/radiosite\/wp-json\/wp\/v2\/tags?post=41329"}],"curies":[{"name":"wp","href":"https:\/\/api.w.org\/{rel}","templated":true}]}}