{"id":41384,"date":"2026-01-05T21:41:31","date_gmt":"2026-01-05T20:41:31","guid":{"rendered":"https:\/\/www.iceagetv.com\/radiosite\/?p=41384"},"modified":"2026-01-05T21:41:34","modified_gmt":"2026-01-05T20:41:34","slug":"litalie-prevoit-de-soutenir-laccord-avec-le-mercosur-la-france-ne-serait-donc-plus-en-mesure-de-le-bloquer-a-bruxelles","status":"publish","type":"post","link":"https:\/\/www.iceagetv.com\/radiosite\/litalie-prevoit-de-soutenir-laccord-avec-le-mercosur-la-france-ne-serait-donc-plus-en-mesure-de-le-bloquer-a-bruxelles\/","title":{"rendered":"L&rsquo;Italie pr\u00e9voit de soutenir l&rsquo;accord avec le Mercosur, la France ne serait donc plus en mesure de le bloquer \u00e0 Bruxelles"},"content":{"rendered":"\n<p class=\"\">L&rsquo;Italie pr\u00e9voit de soutenir l&rsquo;accord commercial entre l&rsquo;Union europ\u00e9enne (UE) et les pays du Mercosur, rapporte lundi l&rsquo;agence Bloomberg. Un feu vert de Rome ouvrirait la voie \u00e0 une ratification de cet accord commercial controvers\u00e9, auquel la France est notamment oppos\u00e9e.La Commission europ\u00e9enne esp\u00e8re de son c\u00f4t\u00e9 \u00ab\u00a0bient\u00f4t\u00a0\u00bb signer l&rsquo;accord commercial avec les pays latino-am\u00e9ricains du Mercosur, gr\u00e2ce \u00e0 des \u00ab\u00a0progr\u00e8s\u00a0\u00bb dans les discussions entre Europ\u00e9ens, malgr\u00e9 la col\u00e8re des agriculteurs.<\/p>\n\n\n\n<p class=\"\">Ce lundi, la porte-parole de la Commission, Paula Pinho, n&rsquo;a pas confirm\u00e9 la date du 12 janvier envisag\u00e9e pour approuver ce trait\u00e9 de libre-\u00e9change avec l&rsquo;Am\u00e9rique latine.Mais l&rsquo;Union europ\u00e9enne est sur la \u00ab\u00a0bonne route\u00a0\u00bb pour cette signature, a-t-elle affirm\u00e9, gr\u00e2ce \u00e0 des \u00ab\u00a0discussions\u00a0\u00bb au sein des Vingt-Sept, du \u00ab\u00a0travail\u00a0\u00bb et des \u00ab\u00a0progr\u00e8s\u00a0\u00bb.Avant de s&rsquo;envoler pour l&rsquo;Am\u00e9rique latine, la pr\u00e9sidente de la Commission Ursula von der Leyen doit d&rsquo;abord obtenir le feu vert des \u00c9tats membres \u00e0 la majorit\u00e9 qualifi\u00e9e<\/p>\n\n\n\n<p class=\"\">Pesticides interditsCe trait\u00e9 est ardemment soutenu par l&rsquo;Espagne et par l&rsquo;Allemagne, qui veut relancer son industrie, bouscul\u00e9e par la concurrence chinoise et les droits de douane aux \u00c9tats-UnisL&rsquo;Italie a quant \u00e0 elle souffl\u00e9 le chaud et le froid. Tout en demandant un report, la cheffe du gouvernement Giorgia Meloni avait assur\u00e9 qu&rsquo;elle finirait par soutenir l&rsquo;accord.Ce lundi, l&rsquo;agence Bloomberg confirme donc que Rome pr\u00e9voit bel et bien de soutenir l&rsquo;accord.Sans les Italiens, la Hongrie, la Pologne et la France ne seront pas en mesure de former une minorit\u00e9 de blocage pour barrer la route \u00e0 ce trait\u00e9, qui suscite toujours la col\u00e8re du monde agricole.A Paris, le Premier ministre S\u00e9bastien Lecornu devait recevoir ce lundi et mardi les syndicats d&rsquo;agriculteurs pour tenter de d\u00e9samorcer les tensions.Le monde agricole fran\u00e7ais est secou\u00e9 par une s\u00e9rie de crises: \u00e9pizootie de dermatose nodulaire contagieuse (DNC) qui frappe les bovins; faible cours du bl\u00e9 et prix \u00e9lev\u00e9 des engrais qui plombent les c\u00e9r\u00e9aliers et menace d&rsquo;une concurrence accrue des pays du Mercosur.<\/p>\n\n\n\n<p class=\"\"><\/p>\n","protected":false},"excerpt":{"rendered":"<p>L&rsquo;Italie pr\u00e9voit de soutenir l&rsquo;accord commercial entre l&rsquo;Union europ\u00e9enne (UE) et les pays du Mercosur, rapporte lundi l&rsquo;agence Bloomberg. Un feu vert de Rome ouvrirait la voie \u00e0 une ratification de cet accord commercial controvers\u00e9, auquel la France est notamment oppos\u00e9e.La Commission europ\u00e9enne esp\u00e8re de son c\u00f4t\u00e9 \u00ab\u00a0bient\u00f4t\u00a0\u00bb signer l&rsquo;accord commercial avec les pays latino-am\u00e9ricains [&hellip;]<\/p>\n","protected":false},"author":2,"featured_media":41385,"comment_status":"open","ping_status":"open","sticky":false,"template":"","format":"standard","meta":{"_jetpack_memberships_contains_paid_content":false,"footnotes":"","jetpack_publicize_message":"","jetpack_publicize_feature_enabled":true,"jetpack_social_post_already_shared":true,"jetpack_social_options":{"image_generator_settings":{"template":"highway","default_image_id":0,"font":"","enabled":false},"version":2},"_wpas_customize_per_network":false},"categories":[405],"tags":[],"class_list":["post-41384","post","type-post","status-publish","format-standard","has-post-thumbnail","hentry","category-actu-france-monde"],"jetpack_publicize_connections":[],"jetpack_featured_media_url":"https:\/\/i0.wp.com\/www.iceagetv.com\/radiosite\/wp-content\/uploads\/2026\/01\/Des-agriculteurs-manifestent-a-Paris-contre-l-accord-Mercosur-de-libre-echange-entre-l-Union-europeenne-et-les-pays-d-Amerique-latine-le-14-octobre-2025-2154910.webp?fit=1200%2C811&ssl=1","jetpack_sharing_enabled":true,"_links":{"self":[{"href":"https:\/\/www.iceagetv.com\/radiosite\/wp-json\/wp\/v2\/posts\/41384","targetHints":{"allow":["GET"]}}],"collection":[{"href":"https:\/\/www.iceagetv.com\/radiosite\/wp-json\/wp\/v2\/posts"}],"about":[{"href":"https:\/\/www.iceagetv.com\/radiosite\/wp-json\/wp\/v2\/types\/post"}],"author":[{"embeddable":true,"href":"https:\/\/www.iceagetv.com\/radiosite\/wp-json\/wp\/v2\/users\/2"}],"replies":[{"embeddable":true,"href":"https:\/\/www.iceagetv.com\/radiosite\/wp-json\/wp\/v2\/comments?post=41384"}],"version-history":[{"count":1,"href":"https:\/\/www.iceagetv.com\/radiosite\/wp-json\/wp\/v2\/posts\/41384\/revisions"}],"predecessor-version":[{"id":41386,"href":"https:\/\/www.iceagetv.com\/radiosite\/wp-json\/wp\/v2\/posts\/41384\/revisions\/41386"}],"wp:featuredmedia":[{"embeddable":true,"href":"https:\/\/www.iceagetv.com\/radiosite\/wp-json\/wp\/v2\/media\/41385"}],"wp:attachment":[{"href":"https:\/\/www.iceagetv.com\/radiosite\/wp-json\/wp\/v2\/media?parent=41384"}],"wp:term":[{"taxonomy":"category","embeddable":true,"href":"https:\/\/www.iceagetv.com\/radiosite\/wp-json\/wp\/v2\/categories?post=41384"},{"taxonomy":"post_tag","embeddable":true,"href":"https:\/\/www.iceagetv.com\/radiosite\/wp-json\/wp\/v2\/tags?post=41384"}],"curies":[{"name":"wp","href":"https:\/\/api.w.org\/{rel}","templated":true}]}}