{"id":41405,"date":"2026-01-06T17:45:26","date_gmt":"2026-01-06T16:45:26","guid":{"rendered":"https:\/\/www.iceagetv.com\/radiosite\/?p=41405"},"modified":"2026-01-06T17:45:29","modified_gmt":"2026-01-06T16:45:29","slug":"obseques-de-brigitte-bardot-tout-savoir-sur-la-journee-hommage-a-saint-tropez","status":"publish","type":"post","link":"https:\/\/www.iceagetv.com\/radiosite\/obseques-de-brigitte-bardot-tout-savoir-sur-la-journee-hommage-a-saint-tropez\/","title":{"rendered":"Obs\u00e8ques de Brigitte Bardot\u00a0: tout savoir sur la journ\u00e9e hommage \u00e0 Saint-Tropez"},"content":{"rendered":"\n<p class=\"\">Saint-Tropez (Var) va dire adieu mercredi \u00e0 Brigitte Bardot d\u00e9c\u00e9d\u00e9e le 28 d\u00e9cembre 2025 dans sa maison de La Madrague. L&rsquo;ic\u00f4ne mondiale du cin\u00e9ma des ann\u00e9es 50 et 60, reposera au cimeti\u00e8re marin de la commune, apr\u00e8s une messe dans l&rsquo;intimit\u00e9 des proches et un hommage public organis\u00e9 par la Ville.<\/p>\n\n\n\n<p class=\"\"><a href=\"https:\/\/www.francebleu.fr\/infos\/medias-people\/saint-tropez-se-prepare-a-dire-au-revoir-a-brigitte-bardot-1245922\">Saint-Tropez dit adieu \u00e0 Brigitte Bardot<\/a>\u00a0ce mercredi 7 janvier 2026. La commune varoise organise\u00a0<a href=\"https:\/\/www.francebleu.fr\/infos\/medias-people\/les-obseques-de-brigitte-bardot-placees-sous-le-signe-de-la-simplicite-et-sans-chi-chi-3532805\">les obs\u00e8ques<\/a>\u00a0de la star mondiale du cin\u00e9ma des ann\u00e9es 50 et 60 et ic\u00f4ne de la protection animale,\u00a0<a href=\"https:\/\/www.francebleu.fr\/infos\/medias-people\/brigitte-bardot-est-morte-a-l-age-de-91-ans-8575817\">d\u00e9c\u00e9d\u00e9e au petit matin du 28 d\u00e9cembre 2025 \u00e0 l&rsquo;\u00e2ge de 91 ans<\/a>.Une journ\u00e9e, imagin\u00e9e avec les services de l\u2019\u00c9tat, la famille et la Fondation Brigitte Bardot, qui se d\u00e9roulera en fin de matin\u00e9e et d\u00e9but d&rsquo;apr\u00e8s-midi. La c\u00e9r\u00e9monie m\u00ealera&nbsp;<strong>respect de l\u2019intimit\u00e9<\/strong>&nbsp;selon la volont\u00e9 de la d\u00e9funte et des proches et&nbsp;<strong>hommage public<\/strong>. Un dernier adieu \u00e0 vivre sur ICI Provence.<\/p>\n\n\n\n<h2 class=\"wp-block-heading\">Convoi fun\u00e9raire, messe, inhumation, hommage public<\/h2>\n\n\n\n<p class=\"\"><em>\u00ab\u00a0La c\u00e9r\u00e9monie religieuse \u00e0 l\u2019\u00e9glise ainsi que l\u2019inhumation sont strictement priv\u00e9es et accessibles uniquement sur invitation de la famille et de la Fondation Brigitte Bardot\u00a0\u00bb<\/em>&nbsp;insiste la mairie de Saint-Tropez dans un communiqu\u00e9 qui pr\u00e9cise le d\u00e9roul\u00e9 de la journ\u00e9e.<\/p>\n\n\n\n<p class=\"\">Le&nbsp;<strong>convoi fun\u00e9raire<\/strong>&nbsp;traversera la ville, permettant \u00e0 la population de saluer Brigitte Bardot une derni\u00e8re fois. Le parcours empruntera le rond point de la Bouillabaisse en direction de la place des Lices puis la rue Sibilli et les quais du port. Le public est invit\u00e9 \u00e0 accompagner le convoi par un hommage respectueux tout au long de son trajet.<\/p>\n\n\n\n<p class=\"\"><strong>La c\u00e9r\u00e9monie religieuse d\u00e9butera \u00e0 11 heures.<\/strong>&nbsp;La messe en l&rsquo;\u00e9glise de Notre-Dame de l&rsquo;Assomption, est strictement r\u00e9serv\u00e9e aux personnes invit\u00e9es par la famille et la Fondation Brigitte Bardot. La Ville de Saint-Tropez fait savoir&nbsp;<em>\u00ab\u00a0qu&rsquo;aucune communication ne sera faite concernant la liste des invit\u00e9s\u00a0\u00bb.<\/em><\/p>\n\n\n\n<p class=\"\">La commune organise la retransmission de la c\u00e9r\u00e9monie&nbsp;<strong>en direct sur grands \u00e9crans<\/strong>&nbsp;install\u00e9s \u00e0 trois endroits&nbsp;: le Port, la place de la Mairie et la place des Lices. Afin d\u2019accompagner le public avant le d\u00e9but de la messe, trois vid\u00e9os (d\u2019une dur\u00e9e totale d\u2019environ 15 minutes) seront diffus\u00e9es.<\/p>\n\n\n\n<h2 class=\"wp-block-heading\">Des vid\u00e9os diffus\u00e9es sur \u00e9crans g\u00e9ants<\/h2>\n\n\n\n<p class=\"\">\u00c0 l&rsquo;issue de la c\u00e9r\u00e9monie religieuse,&nbsp;<strong>le cercueil de Brigitte Bardot<\/strong>&nbsp;prendra la direction du&nbsp;<a href=\"https:\/\/www.francebleu.fr\/infos\/medias-people\/info-ici-provence-brigitte-bardot-sera-inhumee-au-cimetiere-marin-de-saint-tropez-9718941\">cimeti\u00e8re marin<\/a>&nbsp;de la commune. L&rsquo;inhumation dans le caveau o\u00f9 reposent les parents de la star d\u00e9funte, est r\u00e9serv\u00e9e \u00e0 la famille, proches et intimes ayant re\u00e7us une invitation. Le public n&rsquo;est pas autoris\u00e9.<\/p>\n\n\n\n<p class=\"\">\u00c0 l\u2019issue de l\u2019inhumation pr\u00e9vue vers 14 heures,&nbsp;<em>\u00ab\u00a0un moment de partage, d\u2019amiti\u00e9 et d\u2019hommage public\u00a0\u00bb<\/em>&nbsp;est propos\u00e9 au Pr\u00e9 des P\u00eacheurs. Ce rassemblement, ouvert \u00e0 tous et organis\u00e9 par la Ville de Saint-Tropez, se d\u00e9roulera en pr\u00e9sence de Bernard d\u2019Ormale, son \u00e9poux et de la Directrice g\u00e9n\u00e9rale de la Fondation Brigitte Bardot.<\/p>\n\n\n\n<p class=\"\">Une vid\u00e9o hommage y sera projet\u00e9e et des t\u00e9moignages spontan\u00e9s pourront \u00eatre partag\u00e9s. Afin d\u2019accompagner le public et d\u2019\u00e9viter toute confusion, une signal\u00e9tique claire, visible et homog\u00e8ne est d\u00e9ploy\u00e9e sur l\u2019ensemble des sites concern\u00e9s d\u00e8s le mardi 6 janvier 2026.<\/p>\n\n\n\n<p class=\"\">En conclusion,&nbsp;<em>\u00ab\u00a0la Ville de Saint-Tropez remercie par avance l\u2019ensemble des participants, riverains et m\u00e9dias pour le respect du caract\u00e8re solennel de ces moments\u00a0\u00bb.<\/em><\/p>\n","protected":false},"excerpt":{"rendered":"<p>Saint-Tropez (Var) va dire adieu mercredi \u00e0 Brigitte Bardot d\u00e9c\u00e9d\u00e9e le 28 d\u00e9cembre 2025 dans sa maison de La Madrague. L&rsquo;ic\u00f4ne mondiale du cin\u00e9ma des ann\u00e9es 50 et 60, reposera au cimeti\u00e8re marin de la commune, apr\u00e8s une messe dans l&rsquo;intimit\u00e9 des proches et un hommage public organis\u00e9 par la Ville. Saint-Tropez dit adieu \u00e0 [&hellip;]<\/p>\n","protected":false},"author":2,"featured_media":41406,"comment_status":"open","ping_status":"open","sticky":false,"template":"","format":"standard","meta":{"_jetpack_memberships_contains_paid_content":false,"footnotes":"","jetpack_publicize_message":"","jetpack_publicize_feature_enabled":true,"jetpack_social_post_already_shared":true,"jetpack_social_options":{"image_generator_settings":{"template":"highway","default_image_id":0,"font":"","enabled":false},"version":2},"_wpas_customize_per_network":false},"categories":[68],"tags":[],"class_list":["post-41405","post","type-post","status-publish","format-standard","has-post-thumbnail","hentry","category-actu-culturelle"],"jetpack_publicize_connections":[],"jetpack_featured_media_url":"https:\/\/i0.wp.com\/www.iceagetv.com\/radiosite\/wp-content\/uploads\/2026\/01\/Obseques-de-Brigitte-Bardot.jpg?fit=782%2C469&ssl=1","jetpack_sharing_enabled":true,"_links":{"self":[{"href":"https:\/\/www.iceagetv.com\/radiosite\/wp-json\/wp\/v2\/posts\/41405","targetHints":{"allow":["GET"]}}],"collection":[{"href":"https:\/\/www.iceagetv.com\/radiosite\/wp-json\/wp\/v2\/posts"}],"about":[{"href":"https:\/\/www.iceagetv.com\/radiosite\/wp-json\/wp\/v2\/types\/post"}],"author":[{"embeddable":true,"href":"https:\/\/www.iceagetv.com\/radiosite\/wp-json\/wp\/v2\/users\/2"}],"replies":[{"embeddable":true,"href":"https:\/\/www.iceagetv.com\/radiosite\/wp-json\/wp\/v2\/comments?post=41405"}],"version-history":[{"count":1,"href":"https:\/\/www.iceagetv.com\/radiosite\/wp-json\/wp\/v2\/posts\/41405\/revisions"}],"predecessor-version":[{"id":41407,"href":"https:\/\/www.iceagetv.com\/radiosite\/wp-json\/wp\/v2\/posts\/41405\/revisions\/41407"}],"wp:featuredmedia":[{"embeddable":true,"href":"https:\/\/www.iceagetv.com\/radiosite\/wp-json\/wp\/v2\/media\/41406"}],"wp:attachment":[{"href":"https:\/\/www.iceagetv.com\/radiosite\/wp-json\/wp\/v2\/media?parent=41405"}],"wp:term":[{"taxonomy":"category","embeddable":true,"href":"https:\/\/www.iceagetv.com\/radiosite\/wp-json\/wp\/v2\/categories?post=41405"},{"taxonomy":"post_tag","embeddable":true,"href":"https:\/\/www.iceagetv.com\/radiosite\/wp-json\/wp\/v2\/tags?post=41405"}],"curies":[{"name":"wp","href":"https:\/\/api.w.org\/{rel}","templated":true}]}}