{"id":41419,"date":"2026-01-07T14:29:42","date_gmt":"2026-01-07T13:29:42","guid":{"rendered":"https:\/\/www.iceagetv.com\/radiosite\/?p=41419"},"modified":"2026-01-07T14:29:44","modified_gmt":"2026-01-07T13:29:44","slug":"salon-de-lagriculture-pourquoi-il-ny-aura-pas-de-vaches-presentes-a-cette-edition-2026","status":"publish","type":"post","link":"https:\/\/www.iceagetv.com\/radiosite\/salon-de-lagriculture-pourquoi-il-ny-aura-pas-de-vaches-presentes-a-cette-edition-2026\/","title":{"rendered":"Salon de l&rsquo;agriculture : pourquoi il n&rsquo;y aura pas de vaches pr\u00e9sentes \u00e0 cette \u00e9dition 2026"},"content":{"rendered":"\n<p class=\"\">Une annonce sur fond d\u2019\u00e9pid\u00e9mie de&nbsp;<a href=\"https:\/\/actu.fr\/tag\/dermatose-nodulaire\">dermatose nodulaire bovine<\/a>&nbsp;(DNC).&nbsp;<strong>Les vaches seront absentes du Salon de l\u2019agriculture 2026<\/strong>&nbsp;et des concours sur d\u00e9cision des organismes de s\u00e9lection, ont annonc\u00e9 les organisateurs ce mercredi 7 janvier 2026.<\/p>\n\n\n\n<p class=\"\">Dans un communiqu\u00e9, les organisateurs esp\u00e8rent encore une pr\u00e9sence \u00ab\u00a0limit\u00e9e et symbolique\u00a0\u00bb de bovins lors du\u00a0<a href=\"https:\/\/actu.fr\/tag\/salon-international-de-l-agriculture\">Concours g\u00e9n\u00e9ral agricole<\/a>, qui se tient\u00a0<strong>du 21 f\u00e9vrier au 1er mars prochain<\/strong>,\u00a0Porte de Versailles, \u00e0\u00a0<a href=\"https:\/\/actu.fr\/paris\/\">Paris<\/a>.Les volailles aussi parmi les animaux absents<\/p>\n\n\n\n<p class=\"\">Les organismes qui pr\u00e9sentent habituellement les races bovines comme les c\u00e9l\u00e8bres charolaises, limousines et&nbsp;<a href=\"https:\/\/actu.fr\/societe\/salon-international-de-lagriculture-le-concours-de-la-race-bovine-holstein-annule_63626321.html\">Prim\u2019Holstein<\/a>, ont renonc\u00e9 au Concours g\u00e9n\u00e9ral agricole, principal pourvoyeur de bovins du salon.<\/p>\n\n\n\n<p class=\"\">\u00ab&nbsp;Les autres&nbsp;<a href=\"https:\/\/actu.fr\/tag\/animaux\">animaux<\/a>&nbsp;seront bien pr\u00e9sents&nbsp;\u00bb, ont indiqu\u00e9 mercredi dans un communiqu\u00e9 les organisateurs. Cela inclut les&nbsp;<strong>cochons, moutons, brebis et lapins<\/strong>&nbsp;mais aussi de nombreux&nbsp;<strong>chats, chiens, chevaux et \u00e2nes<\/strong>.<\/p>\n\n\n\n<p class=\"\">Ce n\u2019est en revanche pas le cas des volailles,\u00a0<strong>absentes depuis plusieurs ann\u00e9es<\/strong>\u00a0en raison de la\u00a0<a href=\"https:\/\/actu.fr\/societe\/grippe-aviaire-des-villes-du-nord-placees-sous-surveillance-apres-la-detection-du-virus-dans-un-elevage_63640544.html\">grippe aviaire<\/a>.Une pr\u00e9sence \u00ab&nbsp;symbolique&nbsp;\u00bb esp\u00e9r\u00e9e<\/p>\n\n\n\n<p class=\"\">Des \u00e9changes sont en cours \u00ab\u00a0afin d\u2019\u00e9tudier les conditions dans lesquelles une pr\u00e9sence de bovins, m\u00eame\u00a0<strong>limit\u00e9e et symbolique<\/strong>, pourrait n\u00e9anmoins \u00eatre envisag\u00e9e,\u00a0<em>via<\/em>\u00a0<strong>un nombre restreint d\u2019animaux<\/strong>, dans une logique de souplesse adapt\u00e9e, pleinement compatible avec les imp\u00e9ratifs sanitaires\u00a0\u00bb. Une d\u00e9cision sera annonc\u00e9e mi-janvier.La dermatose nodulaire contagieuse (DNC) est&nbsp;<strong>arriv\u00e9e pour la premi\u00e8re fois en France en juin dernier<\/strong>, d\u2019abord en&nbsp;<a href=\"https:\/\/actu.fr\/savoie\/dernieres-actus\">Savoie<\/a>&nbsp;o\u00f9 elle a s\u00e9vi tout l\u2019\u00e9t\u00e9, puis dans le Sud-Ouest&nbsp;<a href=\"https:\/\/actu.fr\/faits-divers\/dermatose-nodulaire-heurts-entre-gendarmes-et-manifestants-dans-une-ferme-du-doubs-que-s-est-il-passe_63518105.html\">o\u00f9 les abattages de troupeaux infect\u00e9s ont raviv\u00e9 la col\u00e8re des agriculteurs.<\/a><\/p>\n\n\n\n<p class=\"\">Les mouvements d\u2019animaux sont interdits depuis les zones touch\u00e9es par la maladie mais encore autoris\u00e9s depuis les zones indemnes ou des zones vaccin\u00e9es et n\u2019ayant plus d\u00e9clar\u00e9 de cas depuis 45 jours (comme la Savoie). Mais ces derniers jours,\u00a0<a href=\"https:\/\/actu.fr\/societe\/comme-les-primholstein-il-ny-aura-pas-non-plus-de-vaches-de-race-normande-au-salon-de-lagriculture-2026_63654621.html\">plusieurs organismes de s\u00e9lection ont annonc\u00e9 renoncer<\/a>\u00a0au salon\u00a0<strong>par pr\u00e9caution<\/strong>.\u00a0&nbsp;Il n\u2019y a pas que les vaches&nbsp;\u00bb<\/p>\n\n\n\n<p class=\"\">Le Sommet de l\u2019\u00e9levage de&nbsp;<a href=\"https:\/\/actu.fr\/auvergne-rhone-alpes\/cournon-d-auvergne_63124\">Cournon (Auvergne)<\/a>&nbsp;en octobre avait pris la m\u00eame d\u00e9cision, mais ce dernier est&nbsp;<strong>un salon surtout destin\u00e9 aux professionnels<\/strong>&nbsp;\u2013 l\u00e0 o\u00f9 les vaches sont un argument fort pour attirer le grand public au&nbsp;<a href=\"https:\/\/actu.fr\/tag\/salon-international-de-l-agriculture\">Salon international de l\u2019agriculture de Paris<\/a>.<\/p>\n\n\n\n<blockquote class=\"wp-block-quote is-layout-flow wp-block-quote-is-layout-flow\">\n<p class=\"\">Dans un contexte particuli\u00e8rement difficile pour l&rsquo;\u00e9levage fran\u00e7ais, la responsabilit\u00e9 collective est de continuer \u00e0 offrir aux fili\u00e8res un espace de visibilit\u00e9, de dialogue avec les Fran\u00e7ais.<strong>Organisateurs du Salon de l&rsquo;agriculture<\/strong><\/p>\n<\/blockquote>\n\n\n\n<p class=\"\">Il y aura s\u00fbrement des d\u00e9\u00e7us, a reconnu la&nbsp;<a href=\"https:\/\/actu.fr\/politique\/gouvernement-barnier-qui-est-annie-genevard-nouvelle-ministre-de-l-agriculture_61629982.html\">ministre de l\u2019Agriculture<\/a>&nbsp;<strong>Annie Genevard<\/strong>&nbsp;<a href=\"https:\/\/x.com\/franceinfo\/status\/2008841875839455331\">sur&nbsp;<em>franceinfo<\/em><\/a>, ce mercredi 7 janvier 2026 matin. Avant de rappeler que \u00ab&nbsp;les vaches sont les stars du salon, mais<strong>&nbsp;il n\u2019y a pas que les vaches<\/strong>\u00ab&nbsp;.<\/p>\n\n\n\n<p class=\"\">La question sera de savoir si Biguine,&nbsp;<a href=\"https:\/\/actu.fr\/loisirs-culture\/qui-est-biguine-la-vache-martiniquaise-choisie-pour-etre-l-egerie-du-salon-de-l-agriculture-2026_63490663.html\">vache brahman \u00e9g\u00e9rie de l\u2019\u00e9dition 2026<\/a>, venue sp\u00e9cialement de Martinique, pourra quand m\u00eame \u00eatre pr\u00e9sente.<\/p>\n","protected":false},"excerpt":{"rendered":"<p>Une annonce sur fond d\u2019\u00e9pid\u00e9mie de&nbsp;dermatose nodulaire bovine&nbsp;(DNC).&nbsp;Les vaches seront absentes du Salon de l\u2019agriculture 2026&nbsp;et des concours sur d\u00e9cision des organismes de s\u00e9lection, ont annonc\u00e9 les organisateurs ce mercredi 7 janvier 2026. Dans un communiqu\u00e9, les organisateurs esp\u00e8rent encore une pr\u00e9sence \u00ab\u00a0limit\u00e9e et symbolique\u00a0\u00bb de bovins lors du\u00a0Concours g\u00e9n\u00e9ral agricole, qui se tient\u00a0du 21 [&hellip;]<\/p>\n","protected":false},"author":2,"featured_media":41420,"comment_status":"open","ping_status":"open","sticky":false,"template":"","format":"standard","meta":{"_jetpack_memberships_contains_paid_content":false,"footnotes":"","jetpack_publicize_message":"","jetpack_publicize_feature_enabled":true,"jetpack_social_post_already_shared":true,"jetpack_social_options":{"image_generator_settings":{"template":"highway","default_image_id":0,"font":"","enabled":false},"version":2},"_wpas_customize_per_network":false},"categories":[405],"tags":[],"class_list":["post-41419","post","type-post","status-publish","format-standard","has-post-thumbnail","hentry","category-actu-france-monde"],"jetpack_publicize_connections":[],"jetpack_featured_media_url":"https:\/\/i0.wp.com\/www.iceagetv.com\/radiosite\/wp-content\/uploads\/2026\/01\/adobestock-265321851-960x640-1.jpeg?fit=960%2C640&ssl=1","jetpack_sharing_enabled":true,"_links":{"self":[{"href":"https:\/\/www.iceagetv.com\/radiosite\/wp-json\/wp\/v2\/posts\/41419","targetHints":{"allow":["GET"]}}],"collection":[{"href":"https:\/\/www.iceagetv.com\/radiosite\/wp-json\/wp\/v2\/posts"}],"about":[{"href":"https:\/\/www.iceagetv.com\/radiosite\/wp-json\/wp\/v2\/types\/post"}],"author":[{"embeddable":true,"href":"https:\/\/www.iceagetv.com\/radiosite\/wp-json\/wp\/v2\/users\/2"}],"replies":[{"embeddable":true,"href":"https:\/\/www.iceagetv.com\/radiosite\/wp-json\/wp\/v2\/comments?post=41419"}],"version-history":[{"count":1,"href":"https:\/\/www.iceagetv.com\/radiosite\/wp-json\/wp\/v2\/posts\/41419\/revisions"}],"predecessor-version":[{"id":41421,"href":"https:\/\/www.iceagetv.com\/radiosite\/wp-json\/wp\/v2\/posts\/41419\/revisions\/41421"}],"wp:featuredmedia":[{"embeddable":true,"href":"https:\/\/www.iceagetv.com\/radiosite\/wp-json\/wp\/v2\/media\/41420"}],"wp:attachment":[{"href":"https:\/\/www.iceagetv.com\/radiosite\/wp-json\/wp\/v2\/media?parent=41419"}],"wp:term":[{"taxonomy":"category","embeddable":true,"href":"https:\/\/www.iceagetv.com\/radiosite\/wp-json\/wp\/v2\/categories?post=41419"},{"taxonomy":"post_tag","embeddable":true,"href":"https:\/\/www.iceagetv.com\/radiosite\/wp-json\/wp\/v2\/tags?post=41419"}],"curies":[{"name":"wp","href":"https:\/\/api.w.org\/{rel}","templated":true}]}}