{"id":41429,"date":"2026-01-07T17:47:11","date_gmt":"2026-01-07T16:47:11","guid":{"rendered":"https:\/\/www.iceagetv.com\/radiosite\/?p=41429"},"modified":"2026-01-07T17:47:14","modified_gmt":"2026-01-07T16:47:14","slug":"mises-a-mal-par-un-calendrier-commercial-sature-de-promotions-les-soldes-dhiver-debutent-aujourdhui-dans-une-france-perturbee-par-la-neige-et-le-froid","status":"publish","type":"post","link":"https:\/\/www.iceagetv.com\/radiosite\/mises-a-mal-par-un-calendrier-commercial-sature-de-promotions-les-soldes-dhiver-debutent-aujourdhui-dans-une-france-perturbee-par-la-neige-et-le-froid\/","title":{"rendered":"Mises \u00e0 mal par un calendrier commercial satur\u00e9 de promotions, les soldes d&rsquo;hiver d\u00e9butent aujourd&rsquo;hui dans une France perturb\u00e9e par la neige et le froid"},"content":{"rendered":"\n<p class=\"\">Mises \u00e0 mal par un calendrier commercial satur\u00e9 de promotions, les soldes d&rsquo;hiver d\u00e9butent aujourd&rsquo;hui dans une France perturb\u00e9e par la neige et le froid. Un contexte m\u00e9t\u00e9o qui menace la fr\u00e9quentation pour de nombreux commer\u00e7ants d\u00e9j\u00e0 \u00e0 la peine.<\/p>\n\n\n\n<p class=\"\">Le froid arrive-t-il trop tard, ou les soldes trop t\u00f4t? Apr\u00e8s un d\u00e9but de saison tr\u00e8s doux et un mois de d\u00e9cembre d\u00e9cevant, les commer\u00e7ants comptent sur cette p\u00e9riode de promos qui court jusqu&rsquo;au 3 f\u00e9vrier pour limiter la casse. M\u00eame s&rsquo;ils ne se font pas d&rsquo;illusion: les soldes ne font plus recette.<\/p>\n\n\n\n<p class=\"\">\u00ab\u00a0Il ne faut pas que la premi\u00e8re semaine soit trop perturb\u00e9e, mais d\u00e8s qu&rsquo;il y a un peu de neige, plus personne ne sort pour faire du shopping\u00a0\u00bb, rel\u00e8ve pour l&rsquo;AFP Yohann Petiot, directeur g\u00e9n\u00e9ral de l&rsquo;Alliance du commerce, qui repr\u00e9sente les grandes enseignes.<\/p>\n\n\n\n<p class=\"\">M\u00e9t\u00e9o-France a plac\u00e9 38 d\u00e9partements d&rsquo;une large partie nord-ouest en vigilance orange neige-verglas mercredi. Des conditions qui perturbent fortement les transports et qui devraient \u00eatre d\u00e9favorables aux commer\u00e7ants.<\/p>\n\n\n\n<p class=\"\">Des commerces qui sortent d&rsquo;un mois de d\u00e9cembre morose en raison notamment de temp\u00e9ratures cl\u00e9mentes qui ont frein\u00e9 les achats de v\u00eatements de saison. En raison \u00e9galement du Black Friday, qui siphonne une bonne partie des achats de No\u00ebl, les enseignes du Panel Retail Int. pour l&rsquo;Alliance du commerce enregistrent en d\u00e9cembre une baisse de leur chiffre d&rsquo;affaires en magasin de 4,5% par rapport \u00e0 d\u00e9cembre 2024.<\/p>\n","protected":false},"excerpt":{"rendered":"<p>Mises \u00e0 mal par un calendrier commercial satur\u00e9 de promotions, les soldes d&rsquo;hiver d\u00e9butent aujourd&rsquo;hui dans une France perturb\u00e9e par la neige et le froid. Un contexte m\u00e9t\u00e9o qui menace la fr\u00e9quentation pour de nombreux commer\u00e7ants d\u00e9j\u00e0 \u00e0 la peine. Le froid arrive-t-il trop tard, ou les soldes trop t\u00f4t? Apr\u00e8s un d\u00e9but de saison [&hellip;]<\/p>\n","protected":false},"author":2,"featured_media":41430,"comment_status":"open","ping_status":"open","sticky":false,"template":"","format":"standard","meta":{"_jetpack_memberships_contains_paid_content":false,"footnotes":"","jetpack_publicize_message":"","jetpack_publicize_feature_enabled":true,"jetpack_social_post_already_shared":true,"jetpack_social_options":{"image_generator_settings":{"template":"highway","default_image_id":0,"font":"","enabled":false},"version":2},"_wpas_customize_per_network":false},"categories":[405],"tags":[],"class_list":["post-41429","post","type-post","status-publish","format-standard","has-post-thumbnail","hentry","category-actu-france-monde"],"jetpack_publicize_connections":[],"jetpack_featured_media_url":"https:\/\/i0.wp.com\/www.iceagetv.com\/radiosite\/wp-content\/uploads\/2026\/01\/e6oHzi2W.jpg?fit=679%2C293&ssl=1","jetpack_sharing_enabled":true,"_links":{"self":[{"href":"https:\/\/www.iceagetv.com\/radiosite\/wp-json\/wp\/v2\/posts\/41429","targetHints":{"allow":["GET"]}}],"collection":[{"href":"https:\/\/www.iceagetv.com\/radiosite\/wp-json\/wp\/v2\/posts"}],"about":[{"href":"https:\/\/www.iceagetv.com\/radiosite\/wp-json\/wp\/v2\/types\/post"}],"author":[{"embeddable":true,"href":"https:\/\/www.iceagetv.com\/radiosite\/wp-json\/wp\/v2\/users\/2"}],"replies":[{"embeddable":true,"href":"https:\/\/www.iceagetv.com\/radiosite\/wp-json\/wp\/v2\/comments?post=41429"}],"version-history":[{"count":1,"href":"https:\/\/www.iceagetv.com\/radiosite\/wp-json\/wp\/v2\/posts\/41429\/revisions"}],"predecessor-version":[{"id":41431,"href":"https:\/\/www.iceagetv.com\/radiosite\/wp-json\/wp\/v2\/posts\/41429\/revisions\/41431"}],"wp:featuredmedia":[{"embeddable":true,"href":"https:\/\/www.iceagetv.com\/radiosite\/wp-json\/wp\/v2\/media\/41430"}],"wp:attachment":[{"href":"https:\/\/www.iceagetv.com\/radiosite\/wp-json\/wp\/v2\/media?parent=41429"}],"wp:term":[{"taxonomy":"category","embeddable":true,"href":"https:\/\/www.iceagetv.com\/radiosite\/wp-json\/wp\/v2\/categories?post=41429"},{"taxonomy":"post_tag","embeddable":true,"href":"https:\/\/www.iceagetv.com\/radiosite\/wp-json\/wp\/v2\/tags?post=41429"}],"curies":[{"name":"wp","href":"https:\/\/api.w.org\/{rel}","templated":true}]}}