{"id":41465,"date":"2026-01-08T09:10:03","date_gmt":"2026-01-08T08:10:03","guid":{"rendered":"https:\/\/www.iceagetv.com\/radiosite\/?p=41465"},"modified":"2026-01-08T09:10:06","modified_gmt":"2026-01-08T08:10:06","slug":"greve-des-medecin-liberaux-depuis-lundi-le-premier-syndicat-des-urgentistes-alerte-sur-une-hausse-de-30-a-50-dappels-aux-samu","status":"publish","type":"post","link":"https:\/\/www.iceagetv.com\/radiosite\/greve-des-medecin-liberaux-depuis-lundi-le-premier-syndicat-des-urgentistes-alerte-sur-une-hausse-de-30-a-50-dappels-aux-samu\/","title":{"rendered":"Gr\u00e8ve des m\u00e9decin lib\u00e9raux depuis lundi : le premier syndicat des urgentistes alerte sur \u00ab\u00a0une hausse de 30% \u00e0 50% d&rsquo;appels\u00a0\u00bb aux Samu"},"content":{"rendered":"\n<p class=\"\">La ministre de la Sant\u00e9 St\u00e9phanie Rist a communiqu\u00e9 ces donn\u00e9es devant les s\u00e9nateurs lors de la s\u00e9ance de questions au gouvernement, puis de mani\u00e8re plus d\u00e9taill\u00e9e dans un message post\u00e9 sur le r\u00e9seau social \u00ab\u00a0X\u00a0\u00bb. Ces chiffres correspondent au volume de feuilles de soin \u00e9lectroniques t\u00e9l\u00e9transmises lundi \u00e0 l&rsquo;Assurance maladie par les m\u00e9decins, par rapport au m\u00eame lundi l&rsquo;ann\u00e9e derni\u00e8re, a pr\u00e9cis\u00e9 \u00e0 l&rsquo;AFP le minist\u00e8re de la sant\u00e9.<\/p>\n\n\n\n<p class=\"\">Les malades sans solution se tournent vers le Samu qui a \u00e9t\u00e9 particuli\u00e8rement sollicit\u00e9, \u00ab\u00a0dans un contexte de tension marqu\u00e9 par les \u00e9pid\u00e9mies hivernales et les intemp\u00e9ries\u00a0\u00bb avec une hausse de \u00ab\u00a024 % d&rsquo;appels enregistr\u00e9s cette semaine par rapport \u00e0 la semaine du 8 d\u00e9cembre\u00a0\u00bb, a aussi indiqu\u00e9 Mme Rist sur \u00ab\u00a0X\u00a0\u00bb.<\/p>\n\n\n\n<p class=\"\">Mardi, le premier syndicat des urgentistes, Samu urgences de France, avait lui alert\u00e9 sur \u00ab\u00a0une hausse de 30% \u00e0 50% d&rsquo;appels\u00a0\u00bb aux Samu-SAS (Service d&rsquo;acc\u00e8s aux soins, qui associe Samu et m\u00e9decine de ville pour r\u00e9pondre aux appels au 15).<\/p>\n\n\n\n<p class=\"\">Les m\u00e9decins lib\u00e9raux de ville et des cliniques, m\u00e9contents de certaines mesures contenues dans la loi de financement de la S\u00e9curit\u00e9 sociale et le projet de loi contre les fraudes, sont lanc\u00e9s dans une gr\u00e8ve de dix jours, pr\u00e9vue pour s&rsquo;intensifier progressivement et aller vers une \u00ab\u00a0fermeture totale\u00a0\u00bb des blocs op\u00e9ratoires priv\u00e9s ce week-end. Ils craignent aussi une remise en cause de leur libert\u00e9 d&rsquo;installation, objet de textes en cours d&rsquo;examen au parlement.<\/p>\n","protected":false},"excerpt":{"rendered":"<p>La ministre de la Sant\u00e9 St\u00e9phanie Rist a communiqu\u00e9 ces donn\u00e9es devant les s\u00e9nateurs lors de la s\u00e9ance de questions au gouvernement, puis de mani\u00e8re plus d\u00e9taill\u00e9e dans un message post\u00e9 sur le r\u00e9seau social \u00ab\u00a0X\u00a0\u00bb. Ces chiffres correspondent au volume de feuilles de soin \u00e9lectroniques t\u00e9l\u00e9transmises lundi \u00e0 l&rsquo;Assurance maladie par les m\u00e9decins, par [&hellip;]<\/p>\n","protected":false},"author":2,"featured_media":41466,"comment_status":"open","ping_status":"open","sticky":false,"template":"","format":"standard","meta":{"_jetpack_memberships_contains_paid_content":false,"footnotes":"","jetpack_publicize_message":"","jetpack_publicize_feature_enabled":true,"jetpack_social_post_already_shared":true,"jetpack_social_options":{"image_generator_settings":{"template":"highway","default_image_id":0,"font":"","enabled":false},"version":2},"_wpas_customize_per_network":false},"categories":[405],"tags":[],"class_list":["post-41465","post","type-post","status-publish","format-standard","has-post-thumbnail","hentry","category-actu-france-monde"],"jetpack_publicize_connections":[],"jetpack_featured_media_url":"https:\/\/i0.wp.com\/www.iceagetv.com\/radiosite\/wp-content\/uploads\/2026\/01\/3zA12Rbh.jpg?fit=679%2C293&ssl=1","jetpack_sharing_enabled":true,"_links":{"self":[{"href":"https:\/\/www.iceagetv.com\/radiosite\/wp-json\/wp\/v2\/posts\/41465","targetHints":{"allow":["GET"]}}],"collection":[{"href":"https:\/\/www.iceagetv.com\/radiosite\/wp-json\/wp\/v2\/posts"}],"about":[{"href":"https:\/\/www.iceagetv.com\/radiosite\/wp-json\/wp\/v2\/types\/post"}],"author":[{"embeddable":true,"href":"https:\/\/www.iceagetv.com\/radiosite\/wp-json\/wp\/v2\/users\/2"}],"replies":[{"embeddable":true,"href":"https:\/\/www.iceagetv.com\/radiosite\/wp-json\/wp\/v2\/comments?post=41465"}],"version-history":[{"count":1,"href":"https:\/\/www.iceagetv.com\/radiosite\/wp-json\/wp\/v2\/posts\/41465\/revisions"}],"predecessor-version":[{"id":41467,"href":"https:\/\/www.iceagetv.com\/radiosite\/wp-json\/wp\/v2\/posts\/41465\/revisions\/41467"}],"wp:featuredmedia":[{"embeddable":true,"href":"https:\/\/www.iceagetv.com\/radiosite\/wp-json\/wp\/v2\/media\/41466"}],"wp:attachment":[{"href":"https:\/\/www.iceagetv.com\/radiosite\/wp-json\/wp\/v2\/media?parent=41465"}],"wp:term":[{"taxonomy":"category","embeddable":true,"href":"https:\/\/www.iceagetv.com\/radiosite\/wp-json\/wp\/v2\/categories?post=41465"},{"taxonomy":"post_tag","embeddable":true,"href":"https:\/\/www.iceagetv.com\/radiosite\/wp-json\/wp\/v2\/tags?post=41465"}],"curies":[{"name":"wp","href":"https:\/\/api.w.org\/{rel}","templated":true}]}}