{"id":41479,"date":"2026-01-08T13:46:23","date_gmt":"2026-01-08T12:46:23","guid":{"rendered":"https:\/\/www.iceagetv.com\/radiosite\/?p=41479"},"modified":"2026-01-08T13:46:25","modified_gmt":"2026-01-08T12:46:25","slug":"etablissements-scolaires-fermes-dans-la-manche-transports-scolaires-suspendus-ponts-et-parcs-fermes-la-normandie-se-prepare-a-la-tempete-goretti","status":"publish","type":"post","link":"https:\/\/www.iceagetv.com\/radiosite\/etablissements-scolaires-fermes-dans-la-manche-transports-scolaires-suspendus-ponts-et-parcs-fermes-la-normandie-se-prepare-a-la-tempete-goretti\/","title":{"rendered":"\u00c9tablissements scolaires ferm\u00e9s dans la Manche, transports scolaires suspendus, ponts et parcs ferm\u00e9s&#8230; La Normandie se pr\u00e9pare \u00e0 la temp\u00eate Goretti"},"content":{"rendered":"\n<p class=\"\"><strong>La temp\u00eate Goretti soufflera sur la Normandie d\u00e8s cet apr\u00e8s-midi du 8 janvier 2025. La Manche est plac\u00e9e en vigilance rouge, les autres d\u00e9partements en vigilance orange. Des vents jusqu&rsquo;\u00e0 160km\/h sont \u00e0 redouter sur les c\u00f4tes. Arr\u00eat du trafic ferroviaire, fermetures de digues, jet\u00e9es, parcs publics sont annonc\u00e9s.<\/strong>Les premi\u00e8res bourrasques de la temp\u00eate Goretti sont annonc\u00e9es par M\u00e9t\u00e9o France aux alentours de 16&nbsp;heures en Normandie. La temp\u00eate Goretti soufflera jusqu&rsquo;\u00e0 vendredi matin. Le fait marquant est le placement en vigilance rouge de la Manche pour vents et risque vagues submersion. La temp\u00eate devrait y atteindre sont plus haut point entre 21&nbsp;heures et 3 heures dans la nuit de jeudi \u00e0 vendredi 9 janvier.<\/p>\n\n\n\n<p class=\"\">Les autres d\u00e9partements normands sont en vigilance orange jusqu&rsquo;\u00e0 vendredi matin. Des rafales jusqu&rsquo;\u00e0 160 km\/h sont annonc\u00e9es sur le littoral, jusqu&rsquo;\u00e0 140 km\/h dans les terres. La Seine-Maritime est plac\u00e9e en vigilance vague submersion de minuit \u00e0 midi vendredi.<\/p>\n\n\n\n<p class=\"\">La carte de vigilance de M\u00e9t\u00e9o France peut \u00e9voluer durant la journ\u00e9e de ce jeudi 8 janvier.Recommandations essentielles<\/p>\n\n\n\n<p class=\"\">Les pr\u00e9fectures de Normandie rappellent ces consignes vitales :<\/p>\n\n\n\n<ul class=\"wp-block-list\">\n<li class=\"\">Reporter ses d\u00e9placements<\/li>\n\n\n\n<li class=\"\">Ne pas marcher ou circuler sur le littoral ou en for\u00eat<\/li>\n\n\n\n<li class=\"\">Fermez portails, portes, fen\u00eatres et volets mais laissez un acc\u00e8s aux secours<\/li>\n\n\n\n<li class=\"\">Restez dans un lieu s\u00fbr<\/li>\n\n\n\n<li class=\"\">N&rsquo;intervenez pas sur les toitures et ne touchez en aucun cas aux fils \u00e9lectriques tomb\u00e9s au sol<\/li>\n\n\n\n<li class=\"\">N\u2019utilisez pas de groupe \u00e9lectrog\u00e8ne dans un espace clos en cas de coupure \u00e9lectrique<\/li>\n\n\n\n<li class=\"\">Utilisez votre kit 72h :\u00a0<a href=\"https:\/\/www.securite-civile.interieur.gouv.fr\/reagir\/comment-se-preparer-face-aux-risques\/kit-durgence?fbclid=IwZXh0bgNhZW0CMTAAYnJpZBEwdEdVNVRSNTBMMlpmVjRHcHNydGMGYXBwX2lkEDIyMjAzOTE3ODgyMDA4OTIAAR7Kc5TYmXrNqZquNbK7iHBugMDedhK43s2pHvDyeH_bJujkQbsAkyjgWY0zLw_aem_rvK1FbKmXzt5v_WMM2xDMw\" target=\"_blank\" rel=\"noreferrer noopener\"><strong>https:\/\/www.securite-civile.interieur.gouv.fr\/&#8230;\/kit&#8230;<\/strong><\/a><\/li>\n<\/ul>\n\n\n\n<h2 class=\"wp-block-heading\">Les \u00e9coles, coll\u00e8ges et lyc\u00e9es ferm\u00e9s dans la Manche<\/h2>\n\n\n\n<p class=\"\">Le Pr\u00e9fet de la Manche annonce la fermeture de tous les \u00e9tablissements scolaires demain toute la journ\u00e9e : \u00e9coles, coll\u00e8ges, lyc\u00e9es. Les cours se termineront plus t\u00f4t ce jeudi soir pour permettre aux externes et internes de rentrer chez eux. Il n\u2019y aura pas de transport scolaire demain.En Seine-Maritime, 3 ponts ferm\u00e9s et transports scolaires suspendus vendredi<\/p>\n\n\n\n<p class=\"\">La Direction des services d\u00e9partementaux de l\u2019\u00e9ducation nationale a d\u00e9cid\u00e9 du renvoi d\u00e8s ce jeudi apr\u00e8s-midi de tous les internes \u00e0 leur domicile, annonce \u00e9galement la pr\u00e9fecture de Seine-Maritime.<\/p>\n\n\n\n<p class=\"\">Les transports scolaires seront suspendus pour toute la journ\u00e9e du vendredi 9 janvier,<\/p>\n\n\n\n<p class=\"\">\u00c0 partir de 22&nbsp;heures, les ponts de Tancarville, de Brotonne et de Normandie seront ferm\u00e9s \u00e0 la circulation. Leur r\u00e9ouverture sera \u00e9tudi\u00e9e demain matin, selon les conditions m\u00e9t\u00e9orologiques.<\/p>\n\n\n\n<h2 class=\"wp-block-heading\">Circulation des trains normands<\/h2>\n\n\n\n<p class=\"\">Plus aucun train ne circulera sur l&rsquo;ensemble du r\u00e9seau normand \u00e0 partir de 22&nbsp;heures.<\/p>\n\n\n\n<p class=\"\">La suspension du trafic sera progressive \u00e0 partir de 19&nbsp;heures sur les lignes&nbsp;:<\/p>\n\n\n\n<ul class=\"wp-block-list\">\n<li class=\"\">Caen \/ Cherbourg<\/li>\n\n\n\n<li class=\"\">Argentan \/ Granville Caen<\/li>\n\n\n\n<li class=\"\">Granville \/ Rennes<\/li>\n<\/ul>\n\n\n\n<p class=\"\">Pour vendredi\u00a09\u00a0janvier, la reprise est envisag\u00e9e selon le<a href=\"https:\/\/www.ter.sncf.com\/normandie\" target=\"_blank\" rel=\"noreferrer noopener\">\u00a0r\u00e9seau Nomad<\/a>\u00a0de fa\u00e7on \u00ab\u00a0<em>tr\u00e8s progressive\u00a0\u00bb dans l&rsquo;apr\u00e8s-midi\u00a0\u00bb.<\/em>C\u00f4t\u00e9 transport, la ville de Saint-L\u00f4 annonce \u00e9galement suspendre le service des bus Slam \u00e0 compter de 18&nbsp;heures jeudi et vendredi.&nbsp;<em>\u00ab\u00a0Tous les \u00e9l\u00e8ves devant \u00eatre rentr\u00e9s chez eux pour 18 heures,<\/em>&nbsp;<em>l\u2019ensemble des circuits d\u00e9di\u00e9s aux coll\u00e8ges et aux lyc\u00e9es sont avanc\u00e9s de deux heures,<\/em>&nbsp;pr\u00e9cise la municipalit\u00e9.<em>&nbsp;Les retours en transports scolaires des \u00e9coles primaires sont suspendus jeudi 8 janvier, les parents sont invit\u00e9s \u00e0 r\u00e9cup\u00e9rer leurs enfants.\u00a0\u00bb<\/em><\/p>\n\n\n\n<h2 class=\"wp-block-heading\">En mer et sur le littoral<\/h2>\n\n\n\n<p class=\"\">La&nbsp;<a href=\"https:\/\/www.premar-manche.gouv.fr\/communiques-presse\/vigilance-conditions-meteorologiques-avis-de-grand-frais-a-violente-tempete\" target=\"_blank\" rel=\"noreferrer noopener\">pr\u00e9fecture de la Manche et mer du nord&nbsp;<\/a>met en garde sur les conditions de navigation. La mer sera&nbsp;<em>\u00ab\u00a0tr\u00e8s forte \u00e0 grosse\u00a0\u00bb.<\/em><\/p>\n\n\n\n<p class=\"\">Le vent soufflera de secteur sud \u00e0 sud-ouest force 7 \u00e0 8 (sur l\u2019\u00e9chelle Beaufort) puis secteur ouest \u00e0 sud-ouest force 9 \u00e0 10 (sur l\u2019\u00e9chelle Beaufort) en soir\u00e9e. Le vent virera ouest \u00e0 nord-ouest 8 \u00e0 9 (sur l\u2019\u00e9chelle Beaufort) en fin de nuit.\u00a0\u00bb<\/p>\n\n\n\n<p class=\"\">Elle recommande vivement aux usagers&nbsp;<em>\u00ab\u00a0de ne pas prendre la mer pendant le passage de la temp\u00eate et de limiter tout d\u00e9placement non urgent.\u00a0\u00bb<\/em><\/p>\n\n\n\n<p class=\"\"><em>\u00ab\u00a0Vent secteur sud \u00e0 sud-ouest force 7 \u00e0 8 (sur l\u2019\u00e9chelle Beaufort) puis secteur ouest \u00e0 sud-ouest force 9 \u00e0 10 (sur l\u2019\u00e9chelle Beaufort) en soir\u00e9e. Vire ouest \u00e0 nord-ouest 8 \u00e0 9 (sur l\u2019\u00e9chelle Beaufort) en fin de nuit.\u00a0\u00bb<\/em><\/p>\n\n\n\n<h2 class=\"wp-block-heading\">Des lieux ferm\u00e9s ou interdits<\/h2>\n\n\n\n<p class=\"\">Plusieurs villes n&rsquo;ont pas encore publi\u00e9 le d\u00e9tail de le dispositif pour \u00e9viter des accidents lors du passage de la temp\u00eate Goretti ce jeudi matin. Elles feront des publications sur leurs r\u00e9seaux sociaux au cours de la journ\u00e9e.<\/p>\n\n\n\n<p class=\"\"><strong>Cherbourg\u00a0<\/strong>: les parcs et jardins seront ferm\u00e9s \u00e0 partir de 14\u00a0heures.<\/p>\n\n\n\n<p class=\"\"><strong>Dieppe :<\/strong>\u00a0Les parcs de la ville de\u00a0<a href=\"https:\/\/www.facebook.com\/villedieppe\/?locale=fr_FR\" target=\"_blank\" rel=\"noreferrer noopener\">Dieppe<\/a>\u00a0seront ferm\u00e9s \u00e0 partir de 14 heures, ce jeudi 8 janvier 2026, et ce, jusqu\u2019\u00e0 nouvel ordre. Les cimeti\u00e8res seront ferm\u00e9s \u00e0 partir de 16 heures. La jet\u00e9e Ouest sera ferm\u00e9e.<\/p>\n\n\n\n<p class=\"\"><strong>Le Havre\u00a0<\/strong>: la digue nord sera ferm\u00e9 \u00ab\u00a0ce soir\u00a0\u00bb indique la ville<\/p>\n\n\n\n<p class=\"\"><strong>Le tr\u00e9port<\/strong>\u00a0:<strong>\u00a0<\/strong>L&rsquo;acc\u00e8s aux plages et jet\u00e9es ainsi qu&rsquo;au chemin du canal de Penthi\u00e8vre seront interdits \u00e0 partir de 18 h ce jeudi 8 janvier ainsi que la journ\u00e9e du 9 janvier.<\/p>\n\n\n\n<p class=\"\"><strong>F\u00e9camp\u00a0<\/strong>: D\u00e8s 16\u00a0heures, le secteur entre l&rsquo;ancien casino de<a href=\"https:\/\/www.facebook.com\/VilleFecamp\/?locale=fr_FR\" target=\"_blank\" rel=\"noreferrer noopener\">\u00a0F\u00e9camp\u00a0<\/a>et le phare sud sera ferm\u00e9, la circulation et le stationnement interdits sur le Boulevard Albert 1e. L&rsquo;acc\u00e8s aux pi\u00e9tons sera impossible sur les digues promenades hautes et basses. Les parcs et jardins, notamment le petit parc, seront ferm\u00e9s.<\/p>\n\n\n\n<p class=\"\"><strong>Cabourg :<\/strong>\u00a0du jeudi 8 janvier 14h au samedi 10 janvier 10h, le parc de l&rsquo;Aquilon sera ferm\u00e9, les activit\u00e9s ext\u00e9rieures sont interdites (sorties scolaires, sport&#8230;), les activit\u00e9s nautiques sont interdites dans les 300 m\u00e8tres, le cimeti\u00e8re sera ferm\u00e9 jusqu&rsquo;au 9 janvier 15h30.<strong>La Hague<\/strong>\u00a0: la ville de la Manche demande aux habitants de rester inform\u00e9s de la situation et incite \u00e0 s&rsquo;inscrire \u00e0<a href=\"https:\/\/cityc.fr\/singincc?tkcpt=a5f68b18c57e2d484ab93b0e7d8b6c76&amp;fbclid=IwY2xjawPMaRZleHRuA2FlbQIxMABicmlkETB0R1U1VFI1MEwyWmZWNEdwc3J0YwZhcHBfaWQQMjIyMDM5MTc4ODIwMDg5MgABHr_G0WQgTCFsR6gO4ohayAFbQV6wqr3-uWH6gyNIzdzI9fKGxJopVzFJX9mn_aem_0VImi1XwOahZAPnKFWIxLg\" target=\"_blank\" rel=\"noreferrer noopener\">\u00a0\ud835\uddd6\ud835\uddf6\ud835\ude01\ud835\ude06\ud835\uddf0 \ud835\uddd4\ud835\uddf9\ud835\uddf2\ud835\uddff\ud835\ude01<\/a>, syst\u00e8me d&rsquo;alertes gratuit mis en place par la commune de La Hague.<\/p>\n\n\n\n<p class=\"\"><strong>Granville<\/strong>\u00a0: les promenades du Plat Gousset, Auguste Bluysen ainsi que le jardin Christian Dior seront interdits au public du jeudi 8 janvier \u00e0 17h au vendredi 9 janvier 2026 \u00e0 10h.<\/p>\n","protected":false},"excerpt":{"rendered":"<p>La temp\u00eate Goretti soufflera sur la Normandie d\u00e8s cet apr\u00e8s-midi du 8 janvier 2025. La Manche est plac\u00e9e en vigilance rouge, les autres d\u00e9partements en vigilance orange. Des vents jusqu&rsquo;\u00e0 160km\/h sont \u00e0 redouter sur les c\u00f4tes. Arr\u00eat du trafic ferroviaire, fermetures de digues, jet\u00e9es, parcs publics sont annonc\u00e9s.Les premi\u00e8res bourrasques de la temp\u00eate Goretti [&hellip;]<\/p>\n","protected":false},"author":2,"featured_media":41480,"comment_status":"open","ping_status":"open","sticky":false,"template":"","format":"standard","meta":{"_jetpack_memberships_contains_paid_content":false,"footnotes":"","jetpack_publicize_message":"","jetpack_publicize_feature_enabled":true,"jetpack_social_post_already_shared":true,"jetpack_social_options":{"image_generator_settings":{"template":"highway","default_image_id":0,"font":"","enabled":false},"version":2},"_wpas_customize_per_network":false},"categories":[14],"tags":[],"class_list":["post-41479","post","type-post","status-publish","format-standard","has-post-thumbnail","hentry","category-actu-meteo"],"jetpack_publicize_connections":[],"jetpack_featured_media_url":"https:\/\/i0.wp.com\/www.iceagetv.com\/radiosite\/wp-content\/uploads\/2026\/01\/dsc-1211-695f761d7a431456642286-scaled.jpg?fit=2560%2C1700&ssl=1","jetpack_sharing_enabled":true,"_links":{"self":[{"href":"https:\/\/www.iceagetv.com\/radiosite\/wp-json\/wp\/v2\/posts\/41479","targetHints":{"allow":["GET"]}}],"collection":[{"href":"https:\/\/www.iceagetv.com\/radiosite\/wp-json\/wp\/v2\/posts"}],"about":[{"href":"https:\/\/www.iceagetv.com\/radiosite\/wp-json\/wp\/v2\/types\/post"}],"author":[{"embeddable":true,"href":"https:\/\/www.iceagetv.com\/radiosite\/wp-json\/wp\/v2\/users\/2"}],"replies":[{"embeddable":true,"href":"https:\/\/www.iceagetv.com\/radiosite\/wp-json\/wp\/v2\/comments?post=41479"}],"version-history":[{"count":1,"href":"https:\/\/www.iceagetv.com\/radiosite\/wp-json\/wp\/v2\/posts\/41479\/revisions"}],"predecessor-version":[{"id":41481,"href":"https:\/\/www.iceagetv.com\/radiosite\/wp-json\/wp\/v2\/posts\/41479\/revisions\/41481"}],"wp:featuredmedia":[{"embeddable":true,"href":"https:\/\/www.iceagetv.com\/radiosite\/wp-json\/wp\/v2\/media\/41480"}],"wp:attachment":[{"href":"https:\/\/www.iceagetv.com\/radiosite\/wp-json\/wp\/v2\/media?parent=41479"}],"wp:term":[{"taxonomy":"category","embeddable":true,"href":"https:\/\/www.iceagetv.com\/radiosite\/wp-json\/wp\/v2\/categories?post=41479"},{"taxonomy":"post_tag","embeddable":true,"href":"https:\/\/www.iceagetv.com\/radiosite\/wp-json\/wp\/v2\/tags?post=41479"}],"curies":[{"name":"wp","href":"https:\/\/api.w.org\/{rel}","templated":true}]}}