{"id":41483,"date":"2026-01-08T15:33:11","date_gmt":"2026-01-08T14:33:11","guid":{"rendered":"https:\/\/www.iceagetv.com\/radiosite\/?p=41483"},"modified":"2026-01-08T15:33:13","modified_gmt":"2026-01-08T14:33:13","slug":"incendie-de-crans-montana-les-familles-des-victimes-ont-depose-une-plainte-contre-tous-les-responsables-sans-exclusion","status":"publish","type":"post","link":"https:\/\/www.iceagetv.com\/radiosite\/incendie-de-crans-montana-les-familles-des-victimes-ont-depose-une-plainte-contre-tous-les-responsables-sans-exclusion\/","title":{"rendered":"Incendie de Crans-Montana : les familles des victimes ont d\u00e9pos\u00e9 une plainte contre \u00ab\u00a0tous les \u200dresponsables, sans exclusion\u00a0\u00bb"},"content":{"rendered":"\n<p class=\"\"><strong>Les familles des victimes de l&rsquo;incendie de Crans-Montana ont port\u00e9 plainte en Suisse. L&rsquo;enqu\u00eate en cours cible, pour le moment, uniquement les propri\u00e9taires du bar, suspect\u00e9s d&rsquo;homicide par n\u00e9gligence.\u00a0<\/strong>Les familles des personnes mortes ou bless\u00e9es dans l&rsquo;incendie survenu la nuit du Nouvel An dans un bar de \u2060la station de ski suisse de Crans-Montana ont d\u00e9pos\u00e9 une plainte aupr\u00e8s du parquet suisse, a confirm\u00e9 jeudi \u00e0 Reuters l&rsquo;avocat \u200dd&rsquo;un groupe de victimes.<\/p>\n\n\n\n<p class=\"\">\u00ab\u00a0Chaque famille a d\u00e9pos\u00e9 plainte et s&rsquo;est constitu\u00e9e partie plaignante. Ces constitutions ont \u00e9t\u00e9 admises\u00a0\u00bb, a \u200bd\u00e9clar\u00e9 Romain Jordan, avocat bas\u00e9 \u00e0 Gen\u00e8ve, en r\u00e9ponse \u00e0 des questions envoy\u00e9es par courriel.Il n&rsquo;a pas pr\u00e9cis\u00e9 la cible de la plainte, ajoutant seulement qu&rsquo;elle \u00e9tait d\u00e9pos\u00e9e \u00ab\u00a0contre tous les \u200dresponsables, sans exclusion aucune\u00a0\u00bb.<\/p>\n\n\n\n<p class=\"\">L&rsquo;enqu\u00eate p\u00e9nale \u2060sur l&rsquo;incendie de \u2060Crans-Montana, localit\u00e9 alpine du sud-ouest de la Suisse, ne vise pour l&rsquo;instant que les propri\u00e9taires du bar, suspect\u00e9s notamment d&rsquo;homicide par n\u00e9gligence. Des interrogations subsistent sur le d\u00e9roulement de la catastrophe et sur le respect \u200ddes normes \u200dde s\u00e9curit\u00e9 en vigueur.Les procureurs du \u200bcanton du Valais n&rsquo;ont pas r\u00e9pondu aux demandes de \u2060commentaire formul\u00e9es par \u200bReuters.<\/p>\n\n\n\n<p class=\"\">L&rsquo;annonce de \u200ccette plainte d\u00e9pos\u00e9e en Suisse intervient \u00e0 la veille d&rsquo;un hommage national qui sera \u200drendu par la Suisse aux victimes de l&rsquo;incendie qui a fait une quarantaine de morts et pr\u00e8s de 120 bless\u00e9s, dont beaucoup tr\u00e8s gri\u00e8vement.<\/p>\n\n\n\n<p class=\"\">Une enqu\u00eate dite \u00ab\u00a0miroir\u00a0\u00bb a parall\u00e8lement \u00e9t\u00e9 ouverte en France, \u00ab\u00a0afin d&rsquo;accompagner les familles fran\u00e7aises dans les investigations men\u00e9es par les autorit\u00e9s suisses\u00a0\u00bb, a \u2060annonc\u00e9 lundi \u200cle parquet de Paris.<\/p>\n","protected":false},"excerpt":{"rendered":"<p>Les familles des victimes de l&rsquo;incendie de Crans-Montana ont port\u00e9 plainte en Suisse. L&rsquo;enqu\u00eate en cours cible, pour le moment, uniquement les propri\u00e9taires du bar, suspect\u00e9s d&rsquo;homicide par n\u00e9gligence.\u00a0Les familles des personnes mortes ou bless\u00e9es dans l&rsquo;incendie survenu la nuit du Nouvel An dans un bar de \u2060la station de ski suisse de Crans-Montana ont [&hellip;]<\/p>\n","protected":false},"author":2,"featured_media":41484,"comment_status":"open","ping_status":"open","sticky":false,"template":"","format":"standard","meta":{"_jetpack_memberships_contains_paid_content":false,"footnotes":"","jetpack_publicize_message":"","jetpack_publicize_feature_enabled":true,"jetpack_social_post_already_shared":true,"jetpack_social_options":{"image_generator_settings":{"template":"highway","default_image_id":0,"font":"","enabled":false},"version":2},"_wpas_customize_per_network":false},"categories":[405],"tags":[],"class_list":["post-41483","post","type-post","status-publish","format-standard","has-post-thumbnail","hentry","category-actu-france-monde"],"jetpack_publicize_connections":[],"jetpack_featured_media_url":"https:\/\/i0.wp.com\/www.iceagetv.com\/radiosite\/wp-content\/uploads\/2026\/01\/image-7.jpg?fit=885%2C500&ssl=1","jetpack_sharing_enabled":true,"_links":{"self":[{"href":"https:\/\/www.iceagetv.com\/radiosite\/wp-json\/wp\/v2\/posts\/41483","targetHints":{"allow":["GET"]}}],"collection":[{"href":"https:\/\/www.iceagetv.com\/radiosite\/wp-json\/wp\/v2\/posts"}],"about":[{"href":"https:\/\/www.iceagetv.com\/radiosite\/wp-json\/wp\/v2\/types\/post"}],"author":[{"embeddable":true,"href":"https:\/\/www.iceagetv.com\/radiosite\/wp-json\/wp\/v2\/users\/2"}],"replies":[{"embeddable":true,"href":"https:\/\/www.iceagetv.com\/radiosite\/wp-json\/wp\/v2\/comments?post=41483"}],"version-history":[{"count":1,"href":"https:\/\/www.iceagetv.com\/radiosite\/wp-json\/wp\/v2\/posts\/41483\/revisions"}],"predecessor-version":[{"id":41485,"href":"https:\/\/www.iceagetv.com\/radiosite\/wp-json\/wp\/v2\/posts\/41483\/revisions\/41485"}],"wp:featuredmedia":[{"embeddable":true,"href":"https:\/\/www.iceagetv.com\/radiosite\/wp-json\/wp\/v2\/media\/41484"}],"wp:attachment":[{"href":"https:\/\/www.iceagetv.com\/radiosite\/wp-json\/wp\/v2\/media?parent=41483"}],"wp:term":[{"taxonomy":"category","embeddable":true,"href":"https:\/\/www.iceagetv.com\/radiosite\/wp-json\/wp\/v2\/categories?post=41483"},{"taxonomy":"post_tag","embeddable":true,"href":"https:\/\/www.iceagetv.com\/radiosite\/wp-json\/wp\/v2\/tags?post=41483"}],"curies":[{"name":"wp","href":"https:\/\/api.w.org\/{rel}","templated":true}]}}