{"id":41497,"date":"2026-01-09T08:34:34","date_gmt":"2026-01-09T07:34:34","guid":{"rendered":"https:\/\/www.iceagetv.com\/radiosite\/?p=41497"},"modified":"2026-01-09T08:34:39","modified_gmt":"2026-01-09T07:34:39","slug":"tempete-goretti-le-point-sur-la-situation-region-par-region","status":"publish","type":"post","link":"https:\/\/www.iceagetv.com\/radiosite\/tempete-goretti-le-point-sur-la-situation-region-par-region\/","title":{"rendered":"Temp\u00eate Goretti : le point sur la situation, r\u00e9gion par r\u00e9gion"},"content":{"rendered":"\n<p class=\"\">La temp\u00eate Goretti a battu un record historique dans la Manche avec des rafales de vent jusqu&rsquo;\u00e0 216 km\/h dans le Val-de-Saire. Du Finist\u00e8re \u00e0 la Seine-Maritime, les pompiers ont effectu\u00e9 des dizaines d&rsquo;interventions. Aucune victime grave n&rsquo;est pour l&rsquo;heure recens\u00e9e.<em>\u00ab\u00a0Le plus gros est pass\u00e9\u00a0\u00bb<\/em>, a d\u00e9clar\u00e9 vendredi 9 janvier sur franceinfo le colonel Alexandre Jouassard, porte-parole de la S\u00e9curit\u00e9 civile et directeur adjoint du centre op\u00e9rationnel de gestion interminist\u00e9rielle des crises, apr\u00e8s le passage de la temp\u00eate Goretti. Elle a travers\u00e9 la Manche dans la nuit de jeudi \u00e0 vendredi, avec des vents tr\u00e8s violents, jusqu&rsquo;\u00e0 216 km\/h, selon la pr\u00e9fecture de la Manche.Il ne reste plus que deux d\u00e9partements en vigilance orange au vent vendredi matin, indique M\u00e9t\u00e9o France : Les Landes et les Pyr\u00e9n\u00e9es-Atlantiques.<\/p>\n\n\n\n<h2 class=\"wp-block-heading\">La prudence reste de mise<\/h2>\n\n\n\n<p class=\"\"><em>\u00ab\u00a0Les actions de secours, de reconnaissance vont pouvoir \u00eatre men\u00e9es\u00a0\u00bb<\/em>&nbsp;pour&nbsp;<em>\u00ab\u00a0d\u00e9couvrir l&rsquo;ampleur des d\u00e9g\u00e2ts\u00a0\u00bb,<\/em>&nbsp;a poursuivi le colonel Jouassard.<em>&nbsp;\u00ab\u00a0Sur la partie intervention, on n&rsquo;a pas eu de ph\u00e9nom\u00e8ne majeur ou d&rsquo;\u00e9v\u00e9nement dramatique cette nuit\u00a0\u00bb&nbsp;<\/em>mais&nbsp;<em>\u00ab\u00a0il peut y avoir des cas isol\u00e9s\u00a0\u00bb<\/em>, a encore pr\u00e9cis\u00e9 le colonel Jouassard. Les \u00e9quipes de secours de la soci\u00e9t\u00e9 civile, pr\u00e9positionn\u00e9es depuis jeudi, et Enedis doivent d\u00e9sormais effectuer des reconnaissances a\u00e9riennes en h\u00e9licopt\u00e8re afin d\u2019\u00e9valuer les d\u00e9g\u00e2ts, notamment&nbsp;<em>\u00ab\u00a0pour regarder les probl\u00e8mes sur les lignes de tension, les impacts \u00e9ventuels sur les b\u00e2timents\u00a0\u00bb,<\/em>&nbsp;a-t-il indiqu\u00e9.<\/p>\n\n\n\n<p class=\"\">Le colonel Jouassard exhorte toutefois la population \u00e0 la plus grande prudence, alors que des rafales r\u00e9siduelles continuent de souffler&nbsp;:&nbsp;<em>\u00ab\u00a0Le ph\u00e9nom\u00e8ne est termin\u00e9 sur la Manche et dans cette zone de Normandie\u00a0\u00bb,&nbsp;<\/em>mais&nbsp;<em>\u00ab\u00a0il y a encore des vents forts sur le Nord de la France et en \u00cele-de-France \u00e9galement, il faut rester vigilant. Il faut vraiment faire attention. Le danger peut venir de partout, surtout des parties sup\u00e9rieures. On ne fait pas toujours attention, on ne regarde pas toujours au-dessus de soi lorsqu&rsquo;on marche\u00a0\u00bb<\/em>, a-t-il mis en garde, \u00e9voquant notamment les arbres fragilis\u00e9s par la temp\u00eate.<\/p>\n\n\n\n<h2 class=\"wp-block-heading\">Des centaine de milliers de foyers priv\u00e9s d&rsquo;\u00e9lectricit\u00e9<\/h2>\n\n\n\n<p class=\"\">Dans son point de situation de 6h vendredi matin, Enedis recebse 380&nbsp;000&nbsp;foyers priv\u00e9s d&rsquo;\u00e9lectricit\u00e9 en France. Dans le d\u00e9tail, 266&nbsp;200&nbsp;foyers sont priv\u00e9 de courant en Normandie, 21&nbsp;000 en Bretagne, 18&nbsp;500 en Picardie et 13&nbsp;500 en \u00cele-de-France. En Seine-Maritime ce sont 60&nbsp;000&nbsp;foyers concern\u00e9s, 37&nbsp;000 dans l&rsquo;Eure, indiquent les pr\u00e9fectures respectives.<\/p>\n\n\n\n<p class=\"\">Pour comparaison, en 2023,\u00a0<a href=\"https:\/\/www.franceinfo.fr\/environnement\/evenements-meteorologiques-extremes\/tempetes\/tempete-ciaran\/carte-tempete-ciaran-decouvrez-les-localites-francaises-ou-des-records-absolus-de-vent-ont-ete-battus_6159465.html\">la temp\u00eate Ciaran<\/a>\u00a0avait priv\u00e9 d&rsquo;\u00e9lectricit\u00e9 pr\u00e8s de 1,2\u00a0million de foyers.Il s&rsquo;agit&nbsp;<em>\u00ab\u00a0d&rsquo;une situation \u00e9volutive\u00a0\u00bb,&nbsp;<\/em>pr\u00e9cise Enedis qui assure que 1&nbsp;600 de ses techniciens et 650&nbsp;salari\u00e9s prestataires&nbsp;<em>\u00ab\u00a0sont pr\u00eats \u00e0 intervenir dans les r\u00e9gions les plus impact\u00e9es par le passage de la temp\u00eate\u00a0\u00bb.&nbsp;<\/em>Le gestionnaire du r\u00e9seau indique aussi avoir d\u00e9clench\u00e9&nbsp;<em>\u00ab\u00a0sa Force d&rsquo;Intervention Rapide Electricit\u00e9\u00a0\u00bb.<\/em>&nbsp;200&nbsp;techniciens en provenance de toute la France ont ainsi rejoint la Bretagne et la Normandie jeudi, et d&rsquo;autres arriveront en renfort vendredi.<\/p>\n\n\n\n<h2 class=\"wp-block-heading\">Deux bless\u00e9s dans la Manche<\/h2>\n\n\n\n<p class=\"\">La temp\u00eate Goretti a travers\u00e9 la Manche dans la nuit de jeudi \u00e0 vendredi, avec des vents tr\u00e8s violents, jusqu&rsquo;\u00e0 216 km\/h dans le Val-de-Saire, \u00e0 la pointe nord-est du Cotentin, entre Barfleur et Cherbourg, note la pr\u00e9fecture de la Manche dans son communiqu\u00e9 de 6h30. Il s&rsquo;agit d&rsquo;un record historique de vent dans ce d\u00e9partement, confirme M\u00e9t\u00e9o France, qui l&rsquo;avait plac\u00e9 en vigilance rouge jusqu&rsquo;\u00e0 3h vendredi. Il a \u00e9t\u00e9 r\u00e9trograd\u00e9 en vigilance orange \u00e0 l&rsquo;aube.<\/p>\n\n\n\n<p class=\"\">D&rsquo;apr\u00e8s&nbsp;<a href=\"https:\/\/www.francebleu.fr\/infos\/meteo\/direct-tempete-goretti-des-rafales-jusqu-a-170km-h-dans-la-manche-les-premieres-coupures-de-courant-2623610\" target=\"_blank\" rel=\"noreferrer noopener\">ICI Cotentin(Nouvelle fen\u00eatre)<\/a>, la RN 13 est coup\u00e9e depuis le d\u00e9but de la nuit entre Cherbourg et Valognes en raison de chutes d&rsquo;arbres.&nbsp;<em>\u00ab\u00a0On d\u00e9nombre beaucoup de chutes d&rsquo;arbres, notamment sur la RN13, des appels pour des arbres sur des toitures\u00a0\u00bb,<\/em>&nbsp;explique la pr\u00e9fecture \u00e0 ICI Contentin. Elle pr\u00e9cise aussi que 1 100 pompiers sont mobilis\u00e9s, soit quasiment la moiti\u00e9 des effectifs du d\u00e9partement. Les pompiers sont d\u00e9j\u00e0 intervenus 212 fois.&nbsp;<em>\u00ab\u00a0Deux personnes prises en charge\u00a0\u00bb<\/em>&nbsp;ont \u00e9t\u00e9&nbsp;<em>\u00ab\u00a0conduites dans les centres hospitaliers en urgence relative\u00a0\u00bb.<\/em><\/p>\n\n\n\n<p class=\"\">Au moins 82&nbsp;200&nbsp;foyers sont priv\u00e9s d&rsquo;\u00e9lectricit\u00e9 dans le d\u00e9partement, selon les derniers chiffres d&rsquo;Enedis vendredi matin. ICI Cotentin rappelle que les \u00e9tablissements scolaires sont ferm\u00e9s et que le trafic des trains est suspendu jusqu&rsquo;\u00e0 vendredi apr\u00e8s-midi.<\/p>\n\n\n\n<h2 class=\"wp-block-heading\">Des liaisons maritimes annul\u00e9es jusqu&rsquo;\u00e0 dimanche en Corse<\/h2>\n\n\n\n<p class=\"\">Les compagnies maritimes qui desservent la Corse ont par ailleurs annonc\u00e9 des perturbations entre jeudi et dimanche en raison des forts vents pr\u00e9vus sur la M\u00e9diterran\u00e9e. La Corsica Linea et la M\u00e9ridionale ont ainsi annul\u00e9 des trajets entre l&rsquo;\u00eele et Marseille.<\/p>\n","protected":false},"excerpt":{"rendered":"<p>La temp\u00eate Goretti a battu un record historique dans la Manche avec des rafales de vent jusqu&rsquo;\u00e0 216 km\/h dans le Val-de-Saire. Du Finist\u00e8re \u00e0 la Seine-Maritime, les pompiers ont effectu\u00e9 des dizaines d&rsquo;interventions. Aucune victime grave n&rsquo;est pour l&rsquo;heure recens\u00e9e.\u00ab\u00a0Le plus gros est pass\u00e9\u00a0\u00bb, a d\u00e9clar\u00e9 vendredi 9 janvier sur franceinfo le colonel Alexandre [&hellip;]<\/p>\n","protected":false},"author":2,"featured_media":41498,"comment_status":"open","ping_status":"open","sticky":false,"template":"","format":"standard","meta":{"_jetpack_memberships_contains_paid_content":false,"footnotes":"","jetpack_publicize_message":"","jetpack_publicize_feature_enabled":true,"jetpack_social_post_already_shared":true,"jetpack_social_options":{"image_generator_settings":{"template":"highway","default_image_id":0,"font":"","enabled":false},"version":2},"_wpas_customize_per_network":false},"categories":[14],"tags":[],"class_list":["post-41497","post","type-post","status-publish","format-standard","has-post-thumbnail","hentry","category-actu-meteo"],"jetpack_publicize_connections":[],"jetpack_featured_media_url":"https:\/\/i0.wp.com\/www.iceagetv.com\/radiosite\/wp-content\/uploads\/2026\/01\/Tempete-Goretti-2.jpg?fit=766%2C456&ssl=1","jetpack_sharing_enabled":true,"_links":{"self":[{"href":"https:\/\/www.iceagetv.com\/radiosite\/wp-json\/wp\/v2\/posts\/41497","targetHints":{"allow":["GET"]}}],"collection":[{"href":"https:\/\/www.iceagetv.com\/radiosite\/wp-json\/wp\/v2\/posts"}],"about":[{"href":"https:\/\/www.iceagetv.com\/radiosite\/wp-json\/wp\/v2\/types\/post"}],"author":[{"embeddable":true,"href":"https:\/\/www.iceagetv.com\/radiosite\/wp-json\/wp\/v2\/users\/2"}],"replies":[{"embeddable":true,"href":"https:\/\/www.iceagetv.com\/radiosite\/wp-json\/wp\/v2\/comments?post=41497"}],"version-history":[{"count":1,"href":"https:\/\/www.iceagetv.com\/radiosite\/wp-json\/wp\/v2\/posts\/41497\/revisions"}],"predecessor-version":[{"id":41499,"href":"https:\/\/www.iceagetv.com\/radiosite\/wp-json\/wp\/v2\/posts\/41497\/revisions\/41499"}],"wp:featuredmedia":[{"embeddable":true,"href":"https:\/\/www.iceagetv.com\/radiosite\/wp-json\/wp\/v2\/media\/41498"}],"wp:attachment":[{"href":"https:\/\/www.iceagetv.com\/radiosite\/wp-json\/wp\/v2\/media?parent=41497"}],"wp:term":[{"taxonomy":"category","embeddable":true,"href":"https:\/\/www.iceagetv.com\/radiosite\/wp-json\/wp\/v2\/categories?post=41497"},{"taxonomy":"post_tag","embeddable":true,"href":"https:\/\/www.iceagetv.com\/radiosite\/wp-json\/wp\/v2\/tags?post=41497"}],"curies":[{"name":"wp","href":"https:\/\/api.w.org\/{rel}","templated":true}]}}