{"id":41514,"date":"2026-01-09T12:54:36","date_gmt":"2026-01-09T11:54:36","guid":{"rendered":"https:\/\/www.iceagetv.com\/radiosite\/?p=41514"},"modified":"2026-01-09T12:54:39","modified_gmt":"2026-01-09T11:54:39","slug":"mercosur-une-majorite-detats-membres-de-lunion-europeenne-donne-son-feu-vert-au-traite-malgre-lopposition-de-la-france","status":"publish","type":"post","link":"https:\/\/www.iceagetv.com\/radiosite\/mercosur-une-majorite-detats-membres-de-lunion-europeenne-donne-son-feu-vert-au-traite-malgre-lopposition-de-la-france\/","title":{"rendered":"Mercosur: Une majorit\u00e9 d\u2019Etats membres de l\u2019Union europ\u00e9enne donne son feu vert au trait\u00e9, malgr\u00e9 l\u2019opposition de la France"},"content":{"rendered":"\n<p class=\"\">Une majorit\u00e9 d\u2019Etats europ\u00e9ens a soutenu vendredi \u00e0 Bruxelles l\u2019accord de libre-\u00e9change avec le Mercosur, malgr\u00e9 la col\u00e8re des agriculteurs et l\u2019opposition de la France.<\/p>\n\n\n\n<p class=\"\">Gr\u00e2ce \u00e0 ce feu vert, la pr\u00e9sidente de la Commission Ursula von der Leyen pourrait se rendre d\u00e8s lundi au Paraguay afin de signer ce trait\u00e9 commercial avec l\u2019Am\u00e9rique latine.<\/p>\n\n\n\n<p class=\"\">Le soutien de l\u2019Italie a \u00e9t\u00e9 d\u00e9cisif pour obtenir la majorit\u00e9 qualifi\u00e9e n\u00e9cessaire, tandis que la France a vot\u00e9 contre et entend poursuivre la bataille au Parlement europ\u00e9en.<\/p>\n\n\n\n<p class=\"\">Les eurod\u00e9put\u00e9s se pencheront sur la ratification du trait\u00e9 dans les semaines qui viennent. Le scrutin pourrait \u00eatre serr\u00e9 dans l\u2019h\u00e9micycle o\u00f9 les consid\u00e9rations nationales p\u00e8seront.<\/p>\n\n\n\n<p class=\"\">N\u00e9goci\u00e9 depuis 1999, cet accord cr\u00e9e l\u2019une des plus grandes zones de libre-\u00e9change au monde, entre l\u2019Union europ\u00e9enne, le Br\u00e9sil, l\u2019Argentine, le Paraguay et l\u2019Uruguay, soit plus de 700 millions de consommateurs.<\/p>\n\n\n\n<p class=\"\">Pour ses d\u00e9tracteurs, il va bousculer l\u2019agriculture europ\u00e9enne \u00e0 coup de produits moins chers et pas forc\u00e9ment respectueux des normes environnementales de l\u2019UE, faute de contr\u00f4les suffisants.<\/p>\n\n\n\n<p class=\"\">Pour ses thurif\u00e9raires comme l\u2019Allemagne et l\u2019Espagne, il va permettre au contraire de relancer une \u00e9conomie europ\u00e9enne \u00e0 la peine, bouscul\u00e9e par la concurrence chinoise et les droits de douane aux Etats-Unis.<\/p>\n\n\n\n<p class=\"\">En supprimant une large part des droits de douane, ce trait\u00e9 favorise les exportations europ\u00e9ennes de voitures, de machines, de vins ou de fromages.<\/p>\n\n\n\n<p class=\"\">Dans le sens inverse, il facilite l\u2019entr\u00e9e en Europe de boeuf, de volaille, sucre, riz, miel et soja sud-am\u00e9ricains, avec des quotas de produits d\u00e9tax\u00e9s qui alarment les fili\u00e8res concern\u00e9es.<\/p>\n","protected":false},"excerpt":{"rendered":"<p>Une majorit\u00e9 d\u2019Etats europ\u00e9ens a soutenu vendredi \u00e0 Bruxelles l\u2019accord de libre-\u00e9change avec le Mercosur, malgr\u00e9 la col\u00e8re des agriculteurs et l\u2019opposition de la France. Gr\u00e2ce \u00e0 ce feu vert, la pr\u00e9sidente de la Commission Ursula von der Leyen pourrait se rendre d\u00e8s lundi au Paraguay afin de signer ce trait\u00e9 commercial avec l\u2019Am\u00e9rique latine. [&hellip;]<\/p>\n","protected":false},"author":2,"featured_media":41515,"comment_status":"open","ping_status":"open","sticky":false,"template":"","format":"standard","meta":{"_jetpack_memberships_contains_paid_content":false,"footnotes":"","jetpack_publicize_message":"","jetpack_publicize_feature_enabled":true,"jetpack_social_post_already_shared":true,"jetpack_social_options":{"image_generator_settings":{"template":"highway","default_image_id":0,"font":"","enabled":false},"version":2},"_wpas_customize_per_network":false},"categories":[405],"tags":[],"class_list":["post-41514","post","type-post","status-publish","format-standard","has-post-thumbnail","hentry","category-actu-france-monde"],"jetpack_publicize_connections":[],"jetpack_featured_media_url":"https:\/\/i0.wp.com\/www.iceagetv.com\/radiosite\/wp-content\/uploads\/2026\/01\/uK0lEiDr.jpg?fit=679%2C293&ssl=1","jetpack_sharing_enabled":true,"_links":{"self":[{"href":"https:\/\/www.iceagetv.com\/radiosite\/wp-json\/wp\/v2\/posts\/41514","targetHints":{"allow":["GET"]}}],"collection":[{"href":"https:\/\/www.iceagetv.com\/radiosite\/wp-json\/wp\/v2\/posts"}],"about":[{"href":"https:\/\/www.iceagetv.com\/radiosite\/wp-json\/wp\/v2\/types\/post"}],"author":[{"embeddable":true,"href":"https:\/\/www.iceagetv.com\/radiosite\/wp-json\/wp\/v2\/users\/2"}],"replies":[{"embeddable":true,"href":"https:\/\/www.iceagetv.com\/radiosite\/wp-json\/wp\/v2\/comments?post=41514"}],"version-history":[{"count":1,"href":"https:\/\/www.iceagetv.com\/radiosite\/wp-json\/wp\/v2\/posts\/41514\/revisions"}],"predecessor-version":[{"id":41516,"href":"https:\/\/www.iceagetv.com\/radiosite\/wp-json\/wp\/v2\/posts\/41514\/revisions\/41516"}],"wp:featuredmedia":[{"embeddable":true,"href":"https:\/\/www.iceagetv.com\/radiosite\/wp-json\/wp\/v2\/media\/41515"}],"wp:attachment":[{"href":"https:\/\/www.iceagetv.com\/radiosite\/wp-json\/wp\/v2\/media?parent=41514"}],"wp:term":[{"taxonomy":"category","embeddable":true,"href":"https:\/\/www.iceagetv.com\/radiosite\/wp-json\/wp\/v2\/categories?post=41514"},{"taxonomy":"post_tag","embeddable":true,"href":"https:\/\/www.iceagetv.com\/radiosite\/wp-json\/wp\/v2\/tags?post=41514"}],"curies":[{"name":"wp","href":"https:\/\/api.w.org\/{rel}","templated":true}]}}