{"id":41527,"date":"2026-01-09T18:07:19","date_gmt":"2026-01-09T17:07:19","guid":{"rendered":"https:\/\/www.iceagetv.com\/radiosite\/?p=41527"},"modified":"2026-01-09T18:07:22","modified_gmt":"2026-01-09T17:07:22","slug":"tempete-goretti-des-consequences-sur-la-production-electrique-francaise-a-flamanville-et-sur-des-parcs-eoliens","status":"publish","type":"post","link":"https:\/\/www.iceagetv.com\/radiosite\/tempete-goretti-des-consequences-sur-la-production-electrique-francaise-a-flamanville-et-sur-des-parcs-eoliens\/","title":{"rendered":"Temp\u00eate Goretti : des cons\u00e9quences sur la production \u00e9lectrique fran\u00e7aise \u00e0 Flamanville et sur des parcs \u00e9oliens"},"content":{"rendered":"\n<p class=\"\">EDF \u00e9voque \u00ab\u00a0la perte d&rsquo;une ligne haute tension\u00a0\u00bb pour expliquer l&rsquo;arr\u00eat de l&rsquo;EPR le plus r\u00e9cent et puissant de France.Les r\u00e9acteurs de la centrale nucl\u00e9aire de Flamanville, dans la Manche, ne fournissent plus d\u2019\u00e9lectricit\u00e9 depuis cette nuit, indique vendredi 9 janvier EDF \u00e0 franceinfo.\u00a0<a href=\"https:\/\/www.franceinfo.fr\/environnement\/energie\/nucleaire\/l-epr-de-flamanville-atteint-pour-la-premiere-fois-100-de-puissance-nucleaire_7678954.html\">L\u2019EPR, le r\u00e9acteur le plus r\u00e9cent et le puissant de France<\/a>, est \u00e0 l\u2019arr\u00eat, en raison, selon EDF, de\u00a0<em>\u00ab\u00a0la perte d\u2019une ligne haute tension\u00a0\u00bb<\/em>\u00a0qui permet de transporter \u00e9lectricit\u00e9.Un des deux autres r\u00e9acteurs de la centrale s\u2019est, quant \u00e0 lui, d\u00e9connect\u00e9 du r\u00e9seau dans la nuit. Le troisi\u00e8me r\u00e9acteur est \u00e0 l\u2019arr\u00eat pour maintenance programm\u00e9, sans lien avec la temp\u00eate. EDF pr\u00e9cise \u00e0 franceinfo que les \u00e9quipes de la centrale sont<em>&nbsp;\u00ab\u00a0mobilis\u00e9es et proc\u00e8dent actuellement aux diagnostics\u00a0\u00bb.<\/em>&nbsp;Elles font l\u2019\u00e9tat des lieux pour v\u00e9rifier les \u00e9quipements de la centrale. RTE, le gestionnaire du r\u00e9seau haute tension, indique \u00e0 franceinfo que la visite de la ligne \u00e9lectrique touch\u00e9e est en cours, pour d\u00e9terminer l\u2019origine du probl\u00e8me.<\/p>\n\n\n\n<p class=\"\">L&rsquo;Autorit\u00e9 de s\u00fbret\u00e9 nucl\u00e9aire et de radioprotection (ASNR) a activ\u00e9 \u00e0 la mi-journ\u00e9e,<em>&nbsp;\u00ab\u00a0de mani\u00e8re pr\u00e9ventive\u00a0\u00bb,<\/em>&nbsp;son centre de crise situ\u00e9 \u00e0 Fontenay-aux-Roses, dans les Hauts-de-Seine, afin de suivre la situation \u00e0 la centrale nucl\u00e9aire de Flamanville, dans la Manche, annonce-t-elle \u00e0 franceinfo. L&rsquo;ASNR pr\u00e9cise&nbsp;<em>\u00ab\u00a0que l&rsquo;\u00e9v\u00e9nement n&rsquo;a pas d&rsquo;impact sur la population et l&rsquo;environnement\u00a0\u00bb.<\/em><\/p>\n\n\n\n<h2 class=\"wp-block-heading\">Les \u00e9oliennes, mises \u00e0 l&rsquo;arr\u00eat pr\u00e9ventivement, ont red\u00e9marr\u00e9<\/h2>\n\n\n\n<p class=\"\">Par ailleurs, la production \u00e9olienne est \u00e9galement touch\u00e9e, dans les r\u00e9gions balay\u00e9es par la temp\u00eate. Ainsi, le parc d\u2019\u00e9oliennes en mer au large de F\u00e9camp (Seine-Maritime) avait \u00e9t\u00e9 mis \u00e0 l\u2019arr\u00eat pr\u00e9ventivement dans la nuit. Les \u00e9oliennes ont repris leur production vendredi matin, quand la vitesse du vent est retomb\u00e9e sous 23&nbsp;m\u00e8tres\/seconde (environ 83&nbsp;km\/h). Les \u00e9oliennes terrestres se mettent \u00e9galement \u00e0 l\u2019arr\u00eat lorsque les vents sont forts, ce qui entra\u00eene une moindre production dans le sillage de la temp\u00eate.<\/p>\n\n\n\n<p class=\"\">De plus, en raison des d\u00e9g\u00e2ts sur les lignes en Normandie, des parcs d\u2019\u00e9oliennes terrestres ne peuvent pas injecter leur \u00e9lectricit\u00e9 sur le r\u00e9seau. C\u2019est le cas des quatre parcs normands d\u2019EDF Power Solutions, la filiale d\u2019EDF d\u00e9di\u00e9e aux \u00e9nergies renouvelables.<\/p>\n","protected":false},"excerpt":{"rendered":"<p>EDF \u00e9voque \u00ab\u00a0la perte d&rsquo;une ligne haute tension\u00a0\u00bb pour expliquer l&rsquo;arr\u00eat de l&rsquo;EPR le plus r\u00e9cent et puissant de France.Les r\u00e9acteurs de la centrale nucl\u00e9aire de Flamanville, dans la Manche, ne fournissent plus d\u2019\u00e9lectricit\u00e9 depuis cette nuit, indique vendredi 9 janvier EDF \u00e0 franceinfo.\u00a0L\u2019EPR, le r\u00e9acteur le plus r\u00e9cent et le puissant de France, est [&hellip;]<\/p>\n","protected":false},"author":2,"featured_media":41528,"comment_status":"open","ping_status":"open","sticky":false,"template":"","format":"standard","meta":{"_jetpack_memberships_contains_paid_content":false,"footnotes":"","jetpack_publicize_message":"","jetpack_publicize_feature_enabled":true,"jetpack_social_post_already_shared":true,"jetpack_social_options":{"image_generator_settings":{"template":"highway","default_image_id":0,"font":"","enabled":false},"version":2},"_wpas_customize_per_network":false},"categories":[405],"tags":[],"class_list":["post-41527","post","type-post","status-publish","format-standard","has-post-thumbnail","hentry","category-actu-france-monde"],"jetpack_publicize_connections":[],"jetpack_featured_media_url":"https:\/\/i0.wp.com\/www.iceagetv.com\/radiosite\/wp-content\/uploads\/2026\/01\/des-consequences-sur-la-production-electrique-francaise-a-Flamanville-et-sur-des-parcs-eoliens.jpg?fit=821%2C418&ssl=1","jetpack_sharing_enabled":true,"_links":{"self":[{"href":"https:\/\/www.iceagetv.com\/radiosite\/wp-json\/wp\/v2\/posts\/41527","targetHints":{"allow":["GET"]}}],"collection":[{"href":"https:\/\/www.iceagetv.com\/radiosite\/wp-json\/wp\/v2\/posts"}],"about":[{"href":"https:\/\/www.iceagetv.com\/radiosite\/wp-json\/wp\/v2\/types\/post"}],"author":[{"embeddable":true,"href":"https:\/\/www.iceagetv.com\/radiosite\/wp-json\/wp\/v2\/users\/2"}],"replies":[{"embeddable":true,"href":"https:\/\/www.iceagetv.com\/radiosite\/wp-json\/wp\/v2\/comments?post=41527"}],"version-history":[{"count":1,"href":"https:\/\/www.iceagetv.com\/radiosite\/wp-json\/wp\/v2\/posts\/41527\/revisions"}],"predecessor-version":[{"id":41529,"href":"https:\/\/www.iceagetv.com\/radiosite\/wp-json\/wp\/v2\/posts\/41527\/revisions\/41529"}],"wp:featuredmedia":[{"embeddable":true,"href":"https:\/\/www.iceagetv.com\/radiosite\/wp-json\/wp\/v2\/media\/41528"}],"wp:attachment":[{"href":"https:\/\/www.iceagetv.com\/radiosite\/wp-json\/wp\/v2\/media?parent=41527"}],"wp:term":[{"taxonomy":"category","embeddable":true,"href":"https:\/\/www.iceagetv.com\/radiosite\/wp-json\/wp\/v2\/categories?post=41527"},{"taxonomy":"post_tag","embeddable":true,"href":"https:\/\/www.iceagetv.com\/radiosite\/wp-json\/wp\/v2\/tags?post=41527"}],"curies":[{"name":"wp","href":"https:\/\/api.w.org\/{rel}","templated":true}]}}