{"id":41553,"date":"2026-01-10T20:35:46","date_gmt":"2026-01-10T19:35:46","guid":{"rendered":"https:\/\/www.iceagetv.com\/radiosite\/?p=41553"},"modified":"2026-01-10T20:35:48","modified_gmt":"2026-01-10T19:35:48","slug":"deux-skieurs-francais-meurent-dans-une-avalanche-ensevelis-sous-25m-de-neige-ils-etaient-en-vacances","status":"publish","type":"post","link":"https:\/\/www.iceagetv.com\/radiosite\/deux-skieurs-francais-meurent-dans-une-avalanche-ensevelis-sous-25m-de-neige-ils-etaient-en-vacances\/","title":{"rendered":"Deux skieurs fran\u00e7ais meurent dans une avalanche, ensevelis sous 2,5m de neige\u00a0: ils \u00e9taient en vacances"},"content":{"rendered":"\n<p class=\"\">Une avalanche a fait deux morts \u00e0 Val-d\u2019Is\u00e8re ce samedi 10\u00a0janvier. Les deux skieurs, de nationalit\u00e9 fran\u00e7aise, ont \u00e9t\u00e9 ensevelis par une coul\u00e9e de neige sur le secteur hors-piste de l\u2019envers de Bellevarde alors qu\u2019ils n\u2019\u00e9taient pas \u00e9quip\u00e9s de d\u00e9tecteur de victime d\u2019avalanche (DVA). Les secours n\u2019ont pas pu les r\u00e9animer.L\u2019alerte a \u00e9t\u00e9 donn\u00e9e \u00e0 14\u00a0h\u00a026 \u00e0 la r\u00e9gie des pistes de Val-d\u2019Is\u00e8re. Deux personnes inqui\u00e8tes de ne pas voir revenir leurs amis ont signal\u00e9 leur disparition aux pisteurs. Leurs derni\u00e8res positions GPS d\u2019une application de messagerie bornaient dans le secteur hors-piste de l\u2019envers de Bellevarde. Arriv\u00e9s sur place, les pisteurs ont constat\u00e9 une importante avalanche d\u2019une cassure estim\u00e9e entre 60 et 70 centim\u00e8tres dans ce canyon. L\u2019avalanche aurait eu lieu environ une heure plus t\u00f4t.Une quinzaine de secouristes, dont trois ma\u00eetres-chiens, sont d\u00e9p\u00each\u00e9s sur place pour commencer les recherches. Les deux skieurs n\u2019\u00e9taient pas \u00e9quip\u00e9s de d\u00e9tecteurs de victime d\u2019avalanche (DVA). Les pisteurs ont d\u00fb proc\u00e9der \u00e0 un sondage sur une zone de dix par quinze m\u00e8tres, d\u00e9termin\u00e9e \u00e0 l\u2019aide des derniers points GPS \u00e9mis par leurs smartphones.<\/p>\n\n\n\n<p class=\"\">Ensevelis sous 2,50\u00a0m de neige, les deux skieurs sont finalement extraits de la coul\u00e9e en arr\u00eat cardiorespiratoire. Les secouristes ont ensuite entam\u00e9 les premiers soins. Malgr\u00e9 leurs efforts, les skieurs sont d\u00e9clar\u00e9s d\u00e9c\u00e9d\u00e9s peu apr\u00e8s. Il s\u2019agissait de deux hommes adultes venus pour des vacances.Dans un communiqu\u00e9 envoy\u00e9 samedi 10\u00a0janvier au soir, la station de Val d\u2019Is\u00e8re adresse ses \u00ab\u00a0sinc\u00e8res condol\u00e9ances aux familles et aux proches des victimes\u00a0\u00bb. Il est \u00e9galement recommand\u00e9 \u00e0 tous les pratiquants \u00ab\u00a0d\u2019\u00e9voluer sur les zones s\u00e9curis\u00e9es et balis\u00e9es du domaine skiable\u00a0\u00bb.<\/p>\n","protected":false},"excerpt":{"rendered":"<p>Une avalanche a fait deux morts \u00e0 Val-d\u2019Is\u00e8re ce samedi 10\u00a0janvier. Les deux skieurs, de nationalit\u00e9 fran\u00e7aise, ont \u00e9t\u00e9 ensevelis par une coul\u00e9e de neige sur le secteur hors-piste de l\u2019envers de Bellevarde alors qu\u2019ils n\u2019\u00e9taient pas \u00e9quip\u00e9s de d\u00e9tecteur de victime d\u2019avalanche (DVA). Les secours n\u2019ont pas pu les r\u00e9animer.L\u2019alerte a \u00e9t\u00e9 donn\u00e9e \u00e0 [&hellip;]<\/p>\n","protected":false},"author":2,"featured_media":41554,"comment_status":"open","ping_status":"open","sticky":false,"template":"","format":"standard","meta":{"_jetpack_memberships_contains_paid_content":false,"footnotes":"","jetpack_publicize_message":"","jetpack_publicize_feature_enabled":true,"jetpack_social_post_already_shared":true,"jetpack_social_options":{"image_generator_settings":{"template":"highway","default_image_id":0,"font":"","enabled":false},"version":2},"_wpas_customize_per_network":false},"categories":[405],"tags":[],"class_list":["post-41553","post","type-post","status-publish","format-standard","has-post-thumbnail","hentry","category-actu-france-monde"],"jetpack_publicize_connections":[],"jetpack_featured_media_url":"https:\/\/i0.wp.com\/www.iceagetv.com\/radiosite\/wp-content\/uploads\/2026\/01\/envers-de-bellevarde-photo-francois-delestre-1768069877.jpg?fit=1000%2C500&ssl=1","jetpack_sharing_enabled":true,"_links":{"self":[{"href":"https:\/\/www.iceagetv.com\/radiosite\/wp-json\/wp\/v2\/posts\/41553","targetHints":{"allow":["GET"]}}],"collection":[{"href":"https:\/\/www.iceagetv.com\/radiosite\/wp-json\/wp\/v2\/posts"}],"about":[{"href":"https:\/\/www.iceagetv.com\/radiosite\/wp-json\/wp\/v2\/types\/post"}],"author":[{"embeddable":true,"href":"https:\/\/www.iceagetv.com\/radiosite\/wp-json\/wp\/v2\/users\/2"}],"replies":[{"embeddable":true,"href":"https:\/\/www.iceagetv.com\/radiosite\/wp-json\/wp\/v2\/comments?post=41553"}],"version-history":[{"count":1,"href":"https:\/\/www.iceagetv.com\/radiosite\/wp-json\/wp\/v2\/posts\/41553\/revisions"}],"predecessor-version":[{"id":41555,"href":"https:\/\/www.iceagetv.com\/radiosite\/wp-json\/wp\/v2\/posts\/41553\/revisions\/41555"}],"wp:featuredmedia":[{"embeddable":true,"href":"https:\/\/www.iceagetv.com\/radiosite\/wp-json\/wp\/v2\/media\/41554"}],"wp:attachment":[{"href":"https:\/\/www.iceagetv.com\/radiosite\/wp-json\/wp\/v2\/media?parent=41553"}],"wp:term":[{"taxonomy":"category","embeddable":true,"href":"https:\/\/www.iceagetv.com\/radiosite\/wp-json\/wp\/v2\/categories?post=41553"},{"taxonomy":"post_tag","embeddable":true,"href":"https:\/\/www.iceagetv.com\/radiosite\/wp-json\/wp\/v2\/tags?post=41553"}],"curies":[{"name":"wp","href":"https:\/\/api.w.org\/{rel}","templated":true}]}}