{"id":41564,"date":"2026-01-11T10:25:59","date_gmt":"2026-01-11T09:25:59","guid":{"rendered":"https:\/\/www.iceagetv.com\/radiosite\/?p=41564"},"modified":"2026-01-11T10:26:02","modified_gmt":"2026-01-11T09:26:02","slug":"le-prix-a-payer-pour-la-victoire-du-peuple-nouvelle-manifestation-a-teheran-la-police-annonce-larrestation-de-figures-majeures-du-mouvement","status":"publish","type":"post","link":"https:\/\/www.iceagetv.com\/radiosite\/le-prix-a-payer-pour-la-victoire-du-peuple-nouvelle-manifestation-a-teheran-la-police-annonce-larrestation-de-figures-majeures-du-mouvement\/","title":{"rendered":"Le prix \u00e0 payer pour la victoire du peuple\u00a0\u00bb: nouvelle manifestation \u00e0 T\u00e9h\u00e9ran, la police annonce l&rsquo;arrestation de figures majeures du mouvement"},"content":{"rendered":"\n<p class=\"\">Depuis deux semaines, les Iraniens manifestent malgr\u00e9 la r\u00e9pression, une mobilisation in\u00e9dite depuis trois ans et l&rsquo;un de ses plus grands d\u00e9fis depuis la proclamation en 1979 de la R\u00e9publique islamiste. Ce samedi 10 janvier au soir, une nouvelle manifestation a \u00e9t\u00e9 organis\u00e9e \u00e0 T\u00e9h\u00e9ran.<\/p>\n\n\n\n<p class=\"\">Des Iraniens ont d\u00e9fil\u00e9 samedi 10 janvier soir \u00e0 T\u00e9h\u00e9ran et scand\u00e9 des slogans hostiles au pouvoir,\u00a0<a href=\"https:\/\/www.bfmtv.com\/international\/moyen-orient\/iran\/donald-trump-affirme-que-les-etats-unis-sont-prets-a-aider-le-mouvement-de-contestation-en-iran_AD-202601100368.html\">malgr\u00e9 les craintes grandissantes de r\u00e9pression brutale dans le pays coup\u00e9 du monde par un blocage d&rsquo;internet<\/a>. Dimanche matin, la police a annonc\u00e9 d'\u00a0\u00bbimportantes\u00a0\u00bb arrestations \u00ab\u00a0contre les principaux \u00e9l\u00e9ments impliqu\u00e9s dans les \u00e9meutes, qui, si Dieu le veut, seront punis apr\u00e8s la fin des proc\u00e9dures l\u00e9gales\u00a0\u00bb.Des ONG ont signal\u00e9 des dizaines de morts depuis le d\u00e9but du mouvement il y a deux semaines, alors que la R\u00e9publique islamique fait face \u00e0 une mobilisation in\u00e9dite depuis trois ans et l&rsquo;un de ses plus grands d\u00e9fis depuis sa proclamation en 1979.<\/p>\n\n\n\n<p class=\"\">Selon une vid\u00e9o authentifi\u00e9e par l&rsquo;AFP, une manifestation a d\u00e9but\u00e9 tard samedi soir dans un quartier du nord de T\u00e9h\u00e9ran.<\/p>\n\n\n\n<p class=\"\">Des feux d&rsquo;artifice ont \u00e9t\u00e9 tir\u00e9s au-dessus de la place Punak tandis que des manifestants tapaient sur des casseroles et scandaient des slogans en soutien \u00e0 la dynastie Pahlavi, chass\u00e9e par le R\u00e9volution islamique en 1979.Les \u00c9tats-Unis \u00ab\u00a0pr\u00eats\u00a0\u00bb \u00e0 aider<\/p>\n\n\n\n<p class=\"\">Des vid\u00e9os partag\u00e9es sur les r\u00e9seaux sociaux, que l&rsquo;AFP n&rsquo;a pas pu v\u00e9rifier dans l&rsquo;imm\u00e9diat, montraient des manifestations dans d&rsquo;autres quartiers de la capitale, o\u00f9 des protestataires scandaient des slogans hostiles au gouvernement.<\/p>\n\n\n\n<p class=\"\">Donald Trump a affirm\u00e9 samedi que&nbsp;<a href=\"https:\/\/www.bfmtv.com\/international\/moyen-orient\/iran\/donald-trump-affirme-que-les-etats-unis-sont-prets-a-aider-le-mouvement-de-contestation-en-iran_AD-202601100368.html\">l&rsquo;Iran \u00ab\u00a0aspirait \u00e0 la libert\u00e9\u00a0\u00bb et que les \u00c9tats-Unis \u00ab\u00a0se tenaient pr\u00eats \u00e0 aider\u00a0\u00bb<\/a>, sur sa plateforme Truth Social. Il avait plus t\u00f4t menac\u00e9 de \u00ab\u00a0frapper tr\u00e8s fort\u00a0\u00bb le pays en cas de vague de r\u00e9pression meurtri\u00e8re. De son c\u00f4t\u00e9, le pr\u00e9sident du Parlement iranien a pr\u00e9venu que son pays visera l&rsquo;arm\u00e9e et le transport maritime des \u00c9tats-Unis en cas d&rsquo;attaque.<\/p>\n\n\n\n<p class=\"\">Selon le New York Times, le pr\u00e9sident am\u00e9ricain a \u00e9t\u00e9 brief\u00e9 ces derniers jours sur les options \u00e0 sa disposition concernant de possibles frappes, y compris visant des cibles civiles.Le quotidien, qui cite des sources anonymes, souligne qu&rsquo;il n&rsquo;a pas pris de d\u00e9cision finale mais \u00ab\u00a0envisage s\u00e9rieusement\u00a0\u00bb une nouvelle intervention, apr\u00e8s avoir bombard\u00e9 trois importants sites nucl\u00e9aires iraniens en juin.<\/p>\n\n\n\n<p class=\"\">Peu d&rsquo;informations filtrent de la situation sur le terrain, les Iraniens \u00e9tant priv\u00e9s d&rsquo;internet depuis jeudi \u00e0 la suite d&rsquo;une d\u00e9cision des autorit\u00e9s, selon l&rsquo;ONG de surveillance de la cybers\u00e9curit\u00e9 Netblocks.Cadavres de manifestants empil\u00e9s<\/p>\n\n\n\n<p class=\"\">Ce blocage vise \u00ab\u00a0\u00e0 dissimuler les violences inflig\u00e9es lors de la r\u00e9pression\u00a0\u00bb, ont mis en garde les cin\u00e9astes iraniens dissidents Jafar Panahi et Mohammad Rasoulof.<\/p>\n\n\n\n<blockquote class=\"wp-block-quote is-layout-flow wp-block-quote-is-layout-flow\">\n<p class=\"\">\u00ab\u00a0C&rsquo;est le prix \u00e0 payer pour la victoire du peuple\u00a0\u00bb, a d\u00e9clar\u00e9 samedi un habitant de T\u00e9h\u00e9ran.<\/p>\n<\/blockquote>\n\n\n\n<p class=\"\">Depuis le d\u00e9but le 28 d\u00e9cembre de la contestation, initialement li\u00e9e au co\u00fbt de la vie, au moins 51 manifestants, dont neuf enfants, ont \u00e9t\u00e9 tu\u00e9s et des centaines d&rsquo;autres bless\u00e9s, a d\u00e9nombr\u00e9 vendredi l&rsquo;organisation Iran Human Rights, bas\u00e9e en Norv\u00e8ge. Elle a diffus\u00e9 des images montrant, selon elle, des cadavres de manifestants empil\u00e9s dans un h\u00f4pital de T\u00e9h\u00e9ran.<\/p>\n\n\n\n<p class=\"\">Apr\u00e8s une forte mobilisation jeudi, de nouveaux rassemblements avaient secou\u00e9 T\u00e9h\u00e9ran et d&rsquo;autres grandes villes dans la nuit de vendredi \u00e0 samedi, selon des images v\u00e9rifi\u00e9es par l&rsquo;AFP, diffus\u00e9es sur les r\u00e9seaux sociaux via des moyens satellitaires.<\/p>\n\n\n\n<p class=\"\">Dans le quartier de Saadatabad \u00e0 T\u00e9h\u00e9ran, des Iraniens avaient scand\u00e9 des slogans anti-gouvernementaux, notamment \u00ab\u00a0<a href=\"https:\/\/www.bfmtv.com\/international\/moyen-orient\/iran\/video-manifestations-en-iran-le-guide-supreme-du-pays-ali-khamenei-a-qualifie-les-manifestants-de-vandales_VN-202601100363.html\">Mort \u00e0 Khamenei\u00a0\u00bb, du nom du guide supr\u00eame, l&rsquo;ayatollah Ali Khamenei<\/a>.<\/p>\n\n\n\n<p class=\"\">L&rsquo;ancien prince h\u00e9ritier Reza Pahlavi, figure de l&rsquo;opposition iranienne en exil aux \u00c9tats-Unis, a appel\u00e9 samedi&nbsp;<a href=\"https:\/\/www.bfmtv.com\/international\/moyen-orient\/iran\/le-fils-du-chah-dechu-d-iran-exhorte-les-manifestants-a-se-preparer-a-prendre-les-centres-villes_AD-202601100187.html\">les Iraniens \u00e0 \u00ab\u00a0se pr\u00e9parer \u00e0 prendre\u00a0\u00bb les centres-villes<\/a>.<\/p>\n\n\n\n<h2 class=\"wp-block-heading\" id=\"8b98k\">L&rsquo;ayatollah fustige des \u00ab\u00a0vandales\u00a0\u00bb<\/h2>\n\n\n\n<p class=\"\">Rues d\u00e9sertes et plong\u00e9es dans l&rsquo;obscurit\u00e9, un journaliste de l&rsquo;AFP avait d\u00e9crit jeudi et vendredi une capitale inhabituellement peu anim\u00e9e, avant le d\u00e9but des manifestations en soir\u00e9e. Il a aussi vu des vitrines de magasins bris\u00e9es et des forces de s\u00e9curit\u00e9 se d\u00e9ployer.<\/p>\n\n\n\n<p class=\"\">Le guide supr\u00eame iranien, l&rsquo;ayatollah Ali Khamenei, a fustig\u00e9 des \u00ab\u00a0vandales\u00a0\u00bb et \u00ab\u00a0saboteurs\u00a0\u00bb \u00e0 la botte de Donald Trump.<\/p>\n\n\n\n<blockquote class=\"wp-block-quote is-layout-flow wp-block-quote-is-layout-flow\">\n<p class=\"\">L&rsquo;arm\u00e9e iranienne a de son c\u00f4t\u00e9 assur\u00e9 qu&rsquo;elle prot\u00e9gerait \u00ab\u00a0les int\u00e9r\u00eats nationaux\u00a0\u00bb contre un \u00ab\u00a0ennemi cherchant \u00e0 perturber l&rsquo;ordre et la paix\u00a0\u00bb.<\/p>\n<\/blockquote>\n\n\n\n<p class=\"\">La t\u00e9l\u00e9vision d&rsquo;\u00c9tat a diffus\u00e9 samedi des images des fun\u00e9railles \u00e0 Chiraz de membres des forces de s\u00e9curit\u00e9 tu\u00e9s lors des manifestations.&nbsp;Elle a \u00e9galement montr\u00e9 des images de b\u00e2timents en feu, y compris des mosqu\u00e9es.<\/p>\n\n\n\n<p class=\"\">De nombreuses capitales occidentales ont condamn\u00e9 l&rsquo;usage de la force contre les manifestants. La pr\u00e9sidente de la Commission europ\u00e9enne, Ursula von der Leyen,&nbsp;<a href=\"https:\/\/www.bfmtv.com\/international\/moyen-orient\/iran\/l-union-europeenne-declare-soutenir-pleinement-les-manifestants-iraniens_AD-202601100324.html\">a exprim\u00e9 le plein soutien de l&rsquo;Europe aux \u00ab\u00a0femmes et hommes iraniens qui r\u00e9clament la libert\u00e9\u00a0\u00bb, d\u00e9non\u00e7ant la \u00ab\u00a0r\u00e9pression violente\u00a0\u00bb<\/a>.<\/p>\n\n\n\n<p class=\"\">&nbsp;\u00c0 Londres, le drapeau de la R\u00e9publique islamique a bri\u00e8vement \u00e9t\u00e9 remplac\u00e9 par celui,&nbsp;<a href=\"https:\/\/www.bfmtv.com\/international\/moyen-orient\/iran\/le-drapeau-de-la-republique-islamique-brievement-remplace-par-un-drapeau-de-la-monarchie-iranienne-a-londres_AD-202601100357.html\">orn\u00e9 d&rsquo;un lion et d&rsquo;un soleil, de l&rsquo;ancien r\u00e9gime monarchique<\/a>&nbsp;au fronton de l&rsquo;ambassade iranienne par un manifestant, lors d&rsquo;un rassemblement de plusieurs centaines de personnes.<\/p>\n\n\n\n<p class=\"\">Le pouvoir iranien n&rsquo;avait pas \u00e9t\u00e9 confront\u00e9 \u00e0 une telle contestation depuis celle provoqu\u00e9e par la mort en d\u00e9tention en 2022 de&nbsp;<a href=\"https:\/\/www.bfmtv.com\/international\/moyen-orient\/iran\/le-regime-tue-quand-il-a-peur-en-iran-la-peine-de-mort-pour-reprimer-le-soulevement-femme-vie-liberte_AN-202409160021.html\">Mahsa Amini<\/a>, une jeune Kurde arr\u00eat\u00e9e pour avoir enfreint le strict code vestimentaire f\u00e9minin.<\/p>\n","protected":false},"excerpt":{"rendered":"<p>Depuis deux semaines, les Iraniens manifestent malgr\u00e9 la r\u00e9pression, une mobilisation in\u00e9dite depuis trois ans et l&rsquo;un de ses plus grands d\u00e9fis depuis la proclamation en 1979 de la R\u00e9publique islamiste. Ce samedi 10 janvier au soir, une nouvelle manifestation a \u00e9t\u00e9 organis\u00e9e \u00e0 T\u00e9h\u00e9ran. Des Iraniens ont d\u00e9fil\u00e9 samedi 10 janvier soir \u00e0 T\u00e9h\u00e9ran [&hellip;]<\/p>\n","protected":false},"author":2,"featured_media":41565,"comment_status":"open","ping_status":"open","sticky":false,"template":"","format":"standard","meta":{"_jetpack_memberships_contains_paid_content":false,"footnotes":"","jetpack_publicize_message":"","jetpack_publicize_feature_enabled":true,"jetpack_social_post_already_shared":true,"jetpack_social_options":{"image_generator_settings":{"template":"highway","default_image_id":0,"font":"","enabled":false},"version":2},"_wpas_customize_per_network":false},"categories":[405],"tags":[],"class_list":["post-41564","post","type-post","status-publish","format-standard","has-post-thumbnail","hentry","category-actu-france-monde"],"jetpack_publicize_connections":[],"jetpack_featured_media_url":"https:\/\/i0.wp.com\/www.iceagetv.com\/radiosite\/wp-content\/uploads\/2026\/01\/nouvelle-manifestation-a-Teheran.jpg?fit=758%2C402&ssl=1","jetpack_sharing_enabled":true,"_links":{"self":[{"href":"https:\/\/www.iceagetv.com\/radiosite\/wp-json\/wp\/v2\/posts\/41564","targetHints":{"allow":["GET"]}}],"collection":[{"href":"https:\/\/www.iceagetv.com\/radiosite\/wp-json\/wp\/v2\/posts"}],"about":[{"href":"https:\/\/www.iceagetv.com\/radiosite\/wp-json\/wp\/v2\/types\/post"}],"author":[{"embeddable":true,"href":"https:\/\/www.iceagetv.com\/radiosite\/wp-json\/wp\/v2\/users\/2"}],"replies":[{"embeddable":true,"href":"https:\/\/www.iceagetv.com\/radiosite\/wp-json\/wp\/v2\/comments?post=41564"}],"version-history":[{"count":1,"href":"https:\/\/www.iceagetv.com\/radiosite\/wp-json\/wp\/v2\/posts\/41564\/revisions"}],"predecessor-version":[{"id":41566,"href":"https:\/\/www.iceagetv.com\/radiosite\/wp-json\/wp\/v2\/posts\/41564\/revisions\/41566"}],"wp:featuredmedia":[{"embeddable":true,"href":"https:\/\/www.iceagetv.com\/radiosite\/wp-json\/wp\/v2\/media\/41565"}],"wp:attachment":[{"href":"https:\/\/www.iceagetv.com\/radiosite\/wp-json\/wp\/v2\/media?parent=41564"}],"wp:term":[{"taxonomy":"category","embeddable":true,"href":"https:\/\/www.iceagetv.com\/radiosite\/wp-json\/wp\/v2\/categories?post=41564"},{"taxonomy":"post_tag","embeddable":true,"href":"https:\/\/www.iceagetv.com\/radiosite\/wp-json\/wp\/v2\/tags?post=41564"}],"curies":[{"name":"wp","href":"https:\/\/api.w.org\/{rel}","templated":true}]}}