{"id":41567,"date":"2026-01-11T13:00:13","date_gmt":"2026-01-11T12:00:13","guid":{"rendered":"https:\/\/www.iceagetv.com\/radiosite\/?p=41567"},"modified":"2026-01-11T13:00:16","modified_gmt":"2026-01-11T12:00:16","slug":"en-moins-de-deux-minutes-un-incendie-se-declare-dans-une-discotheque-de-la-sarthe-300-personnes-evacuees","status":"publish","type":"post","link":"https:\/\/www.iceagetv.com\/radiosite\/en-moins-de-deux-minutes-un-incendie-se-declare-dans-une-discotheque-de-la-sarthe-300-personnes-evacuees\/","title":{"rendered":"En moins de deux minutes\u00a0\u00bb : un incendie se d\u00e9clare dans une discoth\u00e8que de la Sarthe, 300 personnes \u00e9vacu\u00e9es"},"content":{"rendered":"\n<p class=\"\">L&rsquo;\u00e9vacuation a \u00e9t\u00e9 d\u00e9clench\u00e9e imm\u00e9diatement par les salari\u00e9s de l&rsquo;\u00e9tablissement\u00a0\u00bb et&nbsp;<strong>298 clients et 19 salari\u00e9s<\/strong>&nbsp;ont pu sortir dans le calme, ajoute la pr\u00e9fecture. Alors que tous les esprits sont encore marqu\u00e9s par le terrible incendie meurtrier survenu dans un bar&nbsp;<a href=\"https:\/\/www.rtl.fr\/actu\/international\/incendie-en-suisse-un-manquement-aux-controles-periodiques-du-bar-selon-la-commune-7900585439\">de Crans-Montana<\/a>&nbsp;dans la nuit du Nouvel an, la pr\u00e9fecture de la Sarthe affirme que dans ce cas, \u00ab\u00a0aucun bless\u00e9 n&rsquo;est \u00e0 d\u00e9plorer\u00a0\u00bb.&nbsp;<\/p>\n\n\n\n<h3 class=\"wp-block-heading\">Une enqu\u00eate ouverte<\/h3>\n\n\n\n<p class=\"\">Le g\u00e9rant de l&rsquo;\u00e9tablissement a par ailleurs indiqu\u00e9 \u00e0 Ouest-France que l&rsquo;\u00e9vacuation de la bo\u00eete de nuit a \u00e9t\u00e9 r\u00e9alis\u00e9e\u00a0<strong>\u00ab\u00a0en moins de deux minutes\u00a0\u00bb<\/strong>\u00a0et que le d\u00e9part de feu a \u00e9t\u00e9 neutralis\u00e9 par les employ\u00e9s de l&rsquo;\u00e9tablissement avant l&rsquo;arriv\u00e9e des pompiers. Pr\u00e8s d&rsquo;une quarantaine de pompiers ont tout de m\u00eame \u00e9t\u00e9 mobilis\u00e9s et son rest\u00e9s sur place jusqu&rsquo;aux environs de 6h du matin.Une enqu\u00eate de gendarmerie a \u00e9t\u00e9 ouverte pour d\u00e9terminer l&rsquo;origine de l&rsquo;incendie.\u00a0La discoth\u00e8que avait \u00e9t\u00e9 contr\u00f4l\u00e9e\u00a0<strong>en octobre 2024<\/strong>\u00a0par la commission de s\u00e9curit\u00e9, qui lui avait donn\u00e9 un avis favorable.\u00a0<\/p>\n","protected":false},"excerpt":{"rendered":"<p>L&rsquo;\u00e9vacuation a \u00e9t\u00e9 d\u00e9clench\u00e9e imm\u00e9diatement par les salari\u00e9s de l&rsquo;\u00e9tablissement\u00a0\u00bb et&nbsp;298 clients et 19 salari\u00e9s&nbsp;ont pu sortir dans le calme, ajoute la pr\u00e9fecture. Alors que tous les esprits sont encore marqu\u00e9s par le terrible incendie meurtrier survenu dans un bar&nbsp;de Crans-Montana&nbsp;dans la nuit du Nouvel an, la pr\u00e9fecture de la Sarthe affirme que dans ce [&hellip;]<\/p>\n","protected":false},"author":2,"featured_media":41568,"comment_status":"open","ping_status":"open","sticky":false,"template":"","format":"standard","meta":{"_jetpack_memberships_contains_paid_content":false,"footnotes":"","jetpack_publicize_message":"","jetpack_publicize_feature_enabled":true,"jetpack_social_post_already_shared":true,"jetpack_social_options":{"image_generator_settings":{"template":"highway","default_image_id":0,"font":"","enabled":false},"version":2},"_wpas_customize_per_network":false},"categories":[405],"tags":[],"class_list":["post-41567","post","type-post","status-publish","format-standard","has-post-thumbnail","hentry","category-actu-france-monde"],"jetpack_publicize_connections":[],"jetpack_featured_media_url":"https:\/\/i0.wp.com\/www.iceagetv.com\/radiosite\/wp-content\/uploads\/2026\/01\/un-incendie-se-declare-dans-une-discotheque-de-la-Sarthe.jpg?fit=635%2C383&ssl=1","jetpack_sharing_enabled":true,"_links":{"self":[{"href":"https:\/\/www.iceagetv.com\/radiosite\/wp-json\/wp\/v2\/posts\/41567","targetHints":{"allow":["GET"]}}],"collection":[{"href":"https:\/\/www.iceagetv.com\/radiosite\/wp-json\/wp\/v2\/posts"}],"about":[{"href":"https:\/\/www.iceagetv.com\/radiosite\/wp-json\/wp\/v2\/types\/post"}],"author":[{"embeddable":true,"href":"https:\/\/www.iceagetv.com\/radiosite\/wp-json\/wp\/v2\/users\/2"}],"replies":[{"embeddable":true,"href":"https:\/\/www.iceagetv.com\/radiosite\/wp-json\/wp\/v2\/comments?post=41567"}],"version-history":[{"count":1,"href":"https:\/\/www.iceagetv.com\/radiosite\/wp-json\/wp\/v2\/posts\/41567\/revisions"}],"predecessor-version":[{"id":41569,"href":"https:\/\/www.iceagetv.com\/radiosite\/wp-json\/wp\/v2\/posts\/41567\/revisions\/41569"}],"wp:featuredmedia":[{"embeddable":true,"href":"https:\/\/www.iceagetv.com\/radiosite\/wp-json\/wp\/v2\/media\/41568"}],"wp:attachment":[{"href":"https:\/\/www.iceagetv.com\/radiosite\/wp-json\/wp\/v2\/media?parent=41567"}],"wp:term":[{"taxonomy":"category","embeddable":true,"href":"https:\/\/www.iceagetv.com\/radiosite\/wp-json\/wp\/v2\/categories?post=41567"},{"taxonomy":"post_tag","embeddable":true,"href":"https:\/\/www.iceagetv.com\/radiosite\/wp-json\/wp\/v2\/tags?post=41567"}],"curies":[{"name":"wp","href":"https:\/\/api.w.org\/{rel}","templated":true}]}}