{"id":41570,"date":"2026-01-11T15:17:53","date_gmt":"2026-01-11T14:17:53","guid":{"rendered":"https:\/\/www.iceagetv.com\/radiosite\/?p=41570"},"modified":"2026-01-11T15:17:55","modified_gmt":"2026-01-11T14:17:55","slug":"colere-des-agriculteurs-operation-escargot-sur-la20-et-mobilisation-pres-de-limoges-la-confederation-paysanne-poursuit-sa-mobilisation","status":"publish","type":"post","link":"https:\/\/www.iceagetv.com\/radiosite\/colere-des-agriculteurs-operation-escargot-sur-la20-et-mobilisation-pres-de-limoges-la-confederation-paysanne-poursuit-sa-mobilisation\/","title":{"rendered":"Col\u00e8re des agriculteurs. Op\u00e9ration escargot sur l&rsquo;A20 et mobilisation pr\u00e8s de Limoges, la Conf\u00e9d\u00e9ration paysanne poursuit sa mobilisation"},"content":{"rendered":"\n<p class=\"\"><strong>Une centaine d&rsquo;agriculteurs des sections de Haute-Vienne, Creuse et Corr\u00e8ze se sont r\u00e9unis sur le parking du centre commercial de Boisseuil, au sud de Limoges. Les agriculteurs vont mener plusieurs actions, ce dimanche, contre la gestion de la DNC et l&rsquo;accord UE-Mercosur.<\/strong>Deux jours apr\u00e8s<a href=\"https:\/\/france3-regions.franceinfo.fr\/nouvelle-aquitaine\/haute-vienne\/limoges\/nous-exigeons-la-liberation-immediate-de-nos-porte-paroles-polemique-apres-l-arrestation-de-deux-agriculteurs-de-la-confederation-paysanne-a-paris-3279149.html\" target=\"_blank\" rel=\"noreferrer noopener\">&nbsp;l&rsquo;arrestation de ses deux porte-paroles nationaux<\/a>&nbsp;et en pleine crise agricole, la Conf\u00e9d\u00e9ration paysanne a organis\u00e9 une action de grande ampleur, ce dimanche matin, au sud de Limoges. Le troisi\u00e8me syndicat agricole du pays a r\u00e9uni plus d&rsquo;une centaine d&rsquo;agriculteurs, sur le parking du centre commercial de Boisseuil, vers 10h30.<\/p>\n\n\n\n<p class=\"\">Avant de parvenir au point de rassemblement qui avait \u00e9t\u00e9 fix\u00e9 la veille, les \u00e9leveurs en col\u00e8re ont organis\u00e9 une op\u00e9ration escargot sur l&rsquo;autoroute A20, ce qui a provoqu\u00e9 des ralentissements avant que la situation ne revienne \u00e0 la normale.Une fois arriv\u00e9s sur place, ils ont d\u00e9boulonn\u00e9 plusieurs vaches en r\u00e9sine, et les ont entass\u00e9es symboliquement sur le sol, afin de repr\u00e9senter la mort de l&rsquo;\u00e9levage.Les trois sections du Limousin mobilis\u00e9es<\/p>\n\n\n\n<p class=\"\">Les trois sections d\u00e9partementales de Haute-Vienne, Creuse et Corr\u00e8ze ont uni leurs forces pour l&rsquo;occasion. Ensemble, elles s&rsquo;opposent \u00e0 l&rsquo;abattage total des cheptels bovins d\u00e8s lors qu&rsquo;un animal est contamin\u00e9 par la dermatose nodulaire contagieuse (DNC).Les agriculteurs d\u00e9noncent fermement l&rsquo;accord de libre-\u00e9change entre l&rsquo;UE et le Mercosur,&nbsp;<a href=\"https:\/\/www.franceinfo.fr\/economie\/commerce\/mercosur\/une-majorite-de-pays-de-l-union-europeenne-approuve-l-accord-avec-le-mercosur-malgre-l-opposition-de-la-france_7730527.html#at_medium=12&amp;at_campaign=Push%20notification&amp;at_offre=3&amp;at_platform=28&amp;at_id_push=fi_content_7730527&amp;at_push=Une%20majorit%C3%A9%20de%20pays%20de%20l%27Union%20europ%C3%A9enne%20approuve%20l%27accord%20avec%20le%20Mercosur%2C%20malgr%C3%A9%20l%27opposition%20de%20la%20France\" target=\"_blank\" rel=\"noreferrer noopener\">qui a \u00e9t\u00e9 valid\u00e9 par les \u00c9tats membres ce vendredi \u00e0 Bruxelles<\/a>, malgr\u00e9 le vote d\u00e9favorable d&rsquo;Emmanuel Macron.<\/p>\n\n\n\n<blockquote class=\"wp-block-quote is-layout-flow wp-block-quote-is-layout-flow\">\n<p class=\"\">Si on \u00e9change des voitures contre du bl\u00e9 ou de la viande, je ne vois pas qui peut \u00eatre gagnant \u00e0 part l&rsquo;industrie&#8230; Ce ne seront certainement pas les paysans.Julien Roujolle<\/p>\n\n\n\n<p class=\"\">Porte-parole de la Conf\u00e9d\u00e9ration paysanne de Haute-Vienne<\/p>\n<\/blockquote>\n\n\n\n<p class=\"\"><em>\u00ab\u00a0On ne comprend pas comment nos \u00e9lus entendent r\u00e9gler la situation du monde agricole. Les accords de libre-\u00e9change ne peuvent pas concerner l&rsquo;alimentation. Et on veut que les protocoles sanitaires soient imagin\u00e9s avec l&rsquo;ensemble de la profession agricole \u00ab\u00a0,&nbsp;<\/em>a d\u00e9fendu Julien Roujolle, porte-parole de la Conf\u00e9d\u00e9ration paysanne de Haute-Vienne, instigatrice de cette nouvelle journ\u00e9e d&rsquo;actions.<\/p>\n\n\n\n<p class=\"\"><\/p>\n","protected":false},"excerpt":{"rendered":"<p>Une centaine d&rsquo;agriculteurs des sections de Haute-Vienne, Creuse et Corr\u00e8ze se sont r\u00e9unis sur le parking du centre commercial de Boisseuil, au sud de Limoges. Les agriculteurs vont mener plusieurs actions, ce dimanche, contre la gestion de la DNC et l&rsquo;accord UE-Mercosur.Deux jours apr\u00e8s&nbsp;l&rsquo;arrestation de ses deux porte-paroles nationaux&nbsp;et en pleine crise agricole, la Conf\u00e9d\u00e9ration [&hellip;]<\/p>\n","protected":false},"author":2,"featured_media":41571,"comment_status":"open","ping_status":"open","sticky":false,"template":"","format":"standard","meta":{"_jetpack_memberships_contains_paid_content":false,"footnotes":"","jetpack_publicize_message":"","jetpack_publicize_feature_enabled":true,"jetpack_social_post_already_shared":true,"jetpack_social_options":{"image_generator_settings":{"template":"highway","default_image_id":0,"font":"","enabled":false},"version":2},"_wpas_customize_per_network":false},"categories":[405],"tags":[],"class_list":["post-41570","post","type-post","status-publish","format-standard","has-post-thumbnail","hentry","category-actu-france-monde"],"jetpack_publicize_connections":[],"jetpack_featured_media_url":"https:\/\/i0.wp.com\/www.iceagetv.com\/radiosite\/wp-content\/uploads\/2026\/01\/vaches-confederation-paysanne-6963842f86eae893857216.jpg?fit=1920%2C1080&ssl=1","jetpack_sharing_enabled":true,"_links":{"self":[{"href":"https:\/\/www.iceagetv.com\/radiosite\/wp-json\/wp\/v2\/posts\/41570","targetHints":{"allow":["GET"]}}],"collection":[{"href":"https:\/\/www.iceagetv.com\/radiosite\/wp-json\/wp\/v2\/posts"}],"about":[{"href":"https:\/\/www.iceagetv.com\/radiosite\/wp-json\/wp\/v2\/types\/post"}],"author":[{"embeddable":true,"href":"https:\/\/www.iceagetv.com\/radiosite\/wp-json\/wp\/v2\/users\/2"}],"replies":[{"embeddable":true,"href":"https:\/\/www.iceagetv.com\/radiosite\/wp-json\/wp\/v2\/comments?post=41570"}],"version-history":[{"count":1,"href":"https:\/\/www.iceagetv.com\/radiosite\/wp-json\/wp\/v2\/posts\/41570\/revisions"}],"predecessor-version":[{"id":41572,"href":"https:\/\/www.iceagetv.com\/radiosite\/wp-json\/wp\/v2\/posts\/41570\/revisions\/41572"}],"wp:featuredmedia":[{"embeddable":true,"href":"https:\/\/www.iceagetv.com\/radiosite\/wp-json\/wp\/v2\/media\/41571"}],"wp:attachment":[{"href":"https:\/\/www.iceagetv.com\/radiosite\/wp-json\/wp\/v2\/media?parent=41570"}],"wp:term":[{"taxonomy":"category","embeddable":true,"href":"https:\/\/www.iceagetv.com\/radiosite\/wp-json\/wp\/v2\/categories?post=41570"},{"taxonomy":"post_tag","embeddable":true,"href":"https:\/\/www.iceagetv.com\/radiosite\/wp-json\/wp\/v2\/tags?post=41570"}],"curies":[{"name":"wp","href":"https:\/\/api.w.org\/{rel}","templated":true}]}}