{"id":41602,"date":"2026-01-13T13:03:55","date_gmt":"2026-01-13T12:03:55","guid":{"rendered":"https:\/\/www.iceagetv.com\/radiosite\/?p=41602"},"modified":"2026-01-13T13:03:58","modified_gmt":"2026-01-13T12:03:58","slug":"il-ny-aura-aucun-bovin-cette-annee-au-salon-de-lagriculture-qui-souvre-le-21-fevrier-en-raison-de-la-dermatose-nodulaire-contagieuse-cest-une-decision-historique","status":"publish","type":"post","link":"https:\/\/www.iceagetv.com\/radiosite\/il-ny-aura-aucun-bovin-cette-annee-au-salon-de-lagriculture-qui-souvre-le-21-fevrier-en-raison-de-la-dermatose-nodulaire-contagieuse-cest-une-decision-historique\/","title":{"rendered":"Il n\u2019y aura aucun bovin cette ann\u00e9e au Salon de l\u2019agriculture, qui s&rsquo;ouvre le 21 f\u00e9vrier, en raison de la dermatose nodulaire contagieuse: \u00ab\u00a0C\u2019est une d\u00e9cision historique\u00a0\u00bb"},"content":{"rendered":"\n<p class=\"\">Il n\u2019y aura aucun bovin cette ann\u00e9e au Salon de l\u2019agriculture, pour la premi\u00e8re fois depuis que se tient ce rendez-vous annuel, en raison de l\u2019\u00e9pid\u00e9mie de dermatose bovine, ont annonc\u00e9 mardi les organisateurs.<\/p>\n\n\n\n<p class=\"\">\u00ab&nbsp;Je peux aujourd\u2019hui malheureusement vous confirmer que nous avons pris acte hier (lundi) soir de la d\u00e9cision qu\u2019il n\u2019y aura aucun bovin au salon international de l\u2019agriculture en 2026&nbsp;\u00bb, a dit \u00e0 la presse son pr\u00e9sident, J\u00e9r\u00f4me Despey.<\/p>\n\n\n\n<p class=\"\">C\u2019est \u00ab&nbsp;un coup dur pour le salon&nbsp;\u00bb, qui laisse ses organisateurs \u00ab&nbsp;profond\u00e9ment attrist\u00e9s&nbsp;\u00bb, a-t-il ajout\u00e9. Cette d\u00e9cision est li\u00e9e au choix des organismes de s\u00e9lection (OS) des races bovines.<\/p>\n\n\n\n<p class=\"\">\u00ab&nbsp;Nous avons travaill\u00e9 sans rel\u00e2che avec les OS pour tenter d\u2019obtenir la pr\u00e9sence de bovins limit\u00e9e mais symbolique au salon&nbsp;\u00bb, a soulign\u00e9 M. Despey. \u00ab&nbsp;Le salon a tout mis en oeuvre pour le permettre, mais j\u2019ai toujours dit que je respecterais le choix des \u00e9leveurs et des races&nbsp;\u00bb, a-t-il poursuivi.<\/p>\n\n\n\n<p class=\"\">C\u2019est aussi un \u00ab&nbsp;coup dur pour les \u00e9leveurs, imaginez le travail d\u2019une ann\u00e9e, la pr\u00e9paration des animaux&nbsp;\u00bb, a relev\u00e9 Arnaud Lemoine, directeur du Centre national des expositions et concours agricoles (Ceneca).<\/p>\n\n\n\n<p class=\"\">\u00ab&nbsp;Pas de bovin, \u00e7a veut dire pas d\u2019\u00e9g\u00e9rie&nbsp;\u00bb, a-t-il aussi indiqu\u00e9. L\u2019affiche du salon, qui devait \u00eatre consacr\u00e9e \u00e0 Biguine, la vache brahmane \u00e9g\u00e9rie 2026, sera donc \u00ab&nbsp;chang\u00e9e&nbsp;\u00bb, ont pr\u00e9cis\u00e9 les organisateurs.<\/p>\n","protected":false},"excerpt":{"rendered":"<p>Il n\u2019y aura aucun bovin cette ann\u00e9e au Salon de l\u2019agriculture, pour la premi\u00e8re fois depuis que se tient ce rendez-vous annuel, en raison de l\u2019\u00e9pid\u00e9mie de dermatose bovine, ont annonc\u00e9 mardi les organisateurs. \u00ab&nbsp;Je peux aujourd\u2019hui malheureusement vous confirmer que nous avons pris acte hier (lundi) soir de la d\u00e9cision qu\u2019il n\u2019y aura aucun [&hellip;]<\/p>\n","protected":false},"author":2,"featured_media":41603,"comment_status":"open","ping_status":"open","sticky":false,"template":"","format":"standard","meta":{"_jetpack_memberships_contains_paid_content":false,"footnotes":"","jetpack_publicize_message":"","jetpack_publicize_feature_enabled":true,"jetpack_social_post_already_shared":true,"jetpack_social_options":{"image_generator_settings":{"template":"highway","default_image_id":0,"font":"","enabled":false},"version":2},"_wpas_customize_per_network":false},"categories":[405],"tags":[],"class_list":["post-41602","post","type-post","status-publish","format-standard","has-post-thumbnail","hentry","category-actu-france-monde"],"jetpack_publicize_connections":[],"jetpack_featured_media_url":"https:\/\/i0.wp.com\/www.iceagetv.com\/radiosite\/wp-content\/uploads\/2026\/01\/J9ZdOcn-.jpg?fit=679%2C293&ssl=1","jetpack_sharing_enabled":true,"_links":{"self":[{"href":"https:\/\/www.iceagetv.com\/radiosite\/wp-json\/wp\/v2\/posts\/41602","targetHints":{"allow":["GET"]}}],"collection":[{"href":"https:\/\/www.iceagetv.com\/radiosite\/wp-json\/wp\/v2\/posts"}],"about":[{"href":"https:\/\/www.iceagetv.com\/radiosite\/wp-json\/wp\/v2\/types\/post"}],"author":[{"embeddable":true,"href":"https:\/\/www.iceagetv.com\/radiosite\/wp-json\/wp\/v2\/users\/2"}],"replies":[{"embeddable":true,"href":"https:\/\/www.iceagetv.com\/radiosite\/wp-json\/wp\/v2\/comments?post=41602"}],"version-history":[{"count":1,"href":"https:\/\/www.iceagetv.com\/radiosite\/wp-json\/wp\/v2\/posts\/41602\/revisions"}],"predecessor-version":[{"id":41604,"href":"https:\/\/www.iceagetv.com\/radiosite\/wp-json\/wp\/v2\/posts\/41602\/revisions\/41604"}],"wp:featuredmedia":[{"embeddable":true,"href":"https:\/\/www.iceagetv.com\/radiosite\/wp-json\/wp\/v2\/media\/41603"}],"wp:attachment":[{"href":"https:\/\/www.iceagetv.com\/radiosite\/wp-json\/wp\/v2\/media?parent=41602"}],"wp:term":[{"taxonomy":"category","embeddable":true,"href":"https:\/\/www.iceagetv.com\/radiosite\/wp-json\/wp\/v2\/categories?post=41602"},{"taxonomy":"post_tag","embeddable":true,"href":"https:\/\/www.iceagetv.com\/radiosite\/wp-json\/wp\/v2\/tags?post=41602"}],"curies":[{"name":"wp","href":"https:\/\/api.w.org\/{rel}","templated":true}]}}