{"id":41677,"date":"2026-01-15T13:24:40","date_gmt":"2026-01-15T12:24:40","guid":{"rendered":"https:\/\/www.iceagetv.com\/radiosite\/?p=41677"},"modified":"2026-01-15T13:24:43","modified_gmt":"2026-01-15T12:24:43","slug":"emmanuel-macron-annonce-que-les-premiers-soldats-francais-au-groenland-seront-appuyes-par-des-moyens-terrestres-aeriens-et-maritimes-dans-les-prochains-jours","status":"publish","type":"post","link":"https:\/\/www.iceagetv.com\/radiosite\/emmanuel-macron-annonce-que-les-premiers-soldats-francais-au-groenland-seront-appuyes-par-des-moyens-terrestres-aeriens-et-maritimes-dans-les-prochains-jours\/","title":{"rendered":"Emmanuel Macron annonce que les premiers soldats fran\u00e7ais au Groenland seront appuy\u00e9s \u00ab\u00a0par des moyens terrestres, a\u00e9riens et maritimes\u00a0\u00bb dans les \u00ab\u00a0prochains jours\u00a0\u00bb"},"content":{"rendered":"\n<p class=\"\">\u00ab\u00a0Une quinzaine de soldats\u00a0\u00bb fran\u00e7ais, \u00ab\u00a0sp\u00e9cialistes de haute montagne\u00a0\u00bb, des chasseurs alpins, sont d\u00e9j\u00e0 positionn\u00e9s \u00e0 Nuuk, au Groenland, a pr\u00e9cis\u00e9 jeudi Olivier Poivre d&rsquo;Arvor, ambassadeur pour les p\u00f4les et les oc\u00e9ans. Le territoire arctique, sous souverainet\u00e9 danoise, est convoit\u00e9 par le pr\u00e9sident Donald Trump.Emmanuel Macron appelle \u00e0 des&nbsp;<em>\u00ab\u00a0efforts \u00e0 la mesure de notre rude \u00e9poque\u00a0\u00bb.<\/em>&nbsp;Lors de ses voeux aux arm\u00e9es sur la base a\u00e9rienne d&rsquo;Istres (Bouches-du-Rh\u00f4ne), formul\u00e9s dans un contexte international tr\u00e8s tendu jeudi 15 janvier, le chef de l&rsquo;Etat redit vouloir augmenter de 36 milliards le budget de la d\u00e9fense<em>&nbsp;\u00ab\u00a0pour la p\u00e9riode 2026-2030\u00a0\u00bb<\/em>,<em>&nbsp;\u00ab\u00a0dont 3,5 milliards d&rsquo;euros d\u00e8s 2026\u00a0\u00bb<\/em>. En outre, il annonce que&nbsp;<a href=\"https:\/\/www.franceinfo.fr\/monde\/groenland\/la-france-et-l-allemagne-mobilisees-un-nombre-de-soldats-limite-ce-que-l-on-sait-de-la-mission-militaire-europeenne-au-groenland_7742833.html\">la quinzaine de soldats fran\u00e7ais d\u00e9j\u00e0 pr\u00e9sents aux Groenland<\/a>, \u00ab\u00a0s<em>era renforc\u00e9e dans les prochains jours par des moyens terrestres a\u00e9riens et maritimes\u00a0\u00bb.&nbsp;<\/em>Le territoire arctique, sous souverainet\u00e9 danoise,&nbsp;<a href=\"https:\/\/www.franceinfo.fr\/monde\/groenland\/donald-trump-a-le-desir-de-conquerir-le-groenland-s-inquiete-la-diplomatie-danoise-apres-une-reunion-a-la-maison-blanche_7741537.html\">est convoit\u00e9 par le pr\u00e9sident Donald Trump<\/a><em>.&nbsp;<\/em>Suivez notre direct.&nbsp;<\/p>\n\n\n\n<p class=\"\"><strong>\u2022 Des militaires fran\u00e7ais au Groenland.&nbsp;<\/strong>Emmanuel Macron a confirm\u00e9 dans la nuit que la France participerait,&nbsp;<em>\u00ab\u00a0\u00e0 la demande du Danemark\u00a0\u00bb<\/em>, \u00e0 des&nbsp;<em>\u00ab\u00a0exercices conjoints\u00a0\u00bb&nbsp;<\/em>au Groenland,<em>&nbsp;\u00ab\u00a0l&rsquo;Op\u00e9ration Endurance Arctique\u00a0\u00bb<\/em>, aux c\u00f4t\u00e9s de l&rsquo;Allemagne et de pays nordiques.&nbsp;<em>\u00ab\u00a0Une quinzaine de soldats fran\u00e7ais\u00a0\u00bb<\/em>&nbsp;sont d\u00e9j\u00e0 pr\u00e9sents \u00e0 Nuuk,&nbsp;<a href=\"https:\/\/www.franceinfo.fr\/monde\/groenland\/groenland-une-quinzaine-de-soldats-francais-sont-deja-presents-a-nuuk-selon-l-ambassadeur-pour-les-poles-et-les-oceans_7742794.html\">selon l&rsquo;ambassadeur pour les p\u00f4les et les oc\u00e9ans<\/a>,&nbsp;Olivier Poivre d&rsquo;Arvor.<\/p>\n\n\n\n<p class=\"\"><strong>\u2022 Des signaux pour le budget ?&nbsp;<\/strong>Responsables politiques et militaires vont aussi guetter d&rsquo;\u00e9ventuelles d\u00e9clarations li\u00e9es au projet de loi, toujours dans l&rsquo;impasse au Parlement. L&rsquo;actuelle loi de programmation militaire (LPM) pour 2024-2030 pr\u00e9voit 413 milliards d&rsquo;euros. Mais&nbsp;<em>\u00ab\u00a0face \u00e0 un monde de plus en plus brutal\u00a0\u00bb<\/em>, en pleine guerre en Ukraine, Emmanuel Macron a demand\u00e9 une rallonge budg\u00e9taire de 3,5 milliards d&rsquo;euros en 2026 et 3 milliards en 2027.<\/p>\n\n\n\n<p class=\"\"><strong>\u2022 Le Danemark et les Etats-Unis se parlent mais&#8230;<\/strong>\u00a0La Premi\u00e8re ministre danoise, Mette Frederiksen, a act\u00e9 l&rsquo;existence d&rsquo;un\u00a0<em>\u00ab\u00a0d\u00e9saccord fondamental\u00a0\u00bb\u00a0<\/em>avec les Etats-Unis sur l&rsquo;avenir du Groenland convoit\u00e9 par Donald Trump, au lendemain d&rsquo;une rencontre entre des dirigeants des deux pays. Washington et Copenhague ont toutefois convenu de mettre en place un groupe de travail.La France, qui a d\u00e9j\u00e0 d\u00e9ploy\u00e9\u00a0<em>\u00ab\u00a0une premi\u00e8re \u00e9quipe de militaires\u00a0\u00bb<\/em>\u00a0au Groenland dans le cadre d&rsquo;une mission militaire europ\u00e9enne, va d\u00e9p\u00eacher\u00a0<em>\u00ab\u00a0dans les prochains jours\u00a0\u00bb<\/em>\u00a0de nouveaux\u00a0<em>\u00ab\u00a0moyens terrestres, a\u00e9riens et maritimes\u00a0\u00bb<\/em>\u00a0dans le territoire autonome danois convoit\u00e9 par les Etats-Unis, annonce Emmanuel Macron.\u00a0<em>\u00ab\u00a0La France et les Europ\u00e9ens doivent continuer partout o\u00f9 leurs int\u00e9r\u00eats sont menac\u00e9s d&rsquo;\u00eatre l\u00e0, sans escalade, mais intraitables sur le respect de la souverainet\u00e9 territoriale\u00a0\u00bb<\/em>, explique le pr\u00e9sident.<strong>La France va d\u00e9p\u00eacher\u00a0<em>\u00ab\u00a0dans les prochains jours\u00a0\u00bb<\/em>\u00a0de nouveaux\u00a0<em>\u00ab\u00a0moyens terrestres, a\u00e9riens et maritimes\u00a0\u00bb<\/em>\u00a0au Groenland, annonce Emmanuel Macron.<\/strong>Emmanuel Macron adresse aussi quelques mots aux industriels de l&rsquo;armement.\u00a0<em>\u00ab\u00a0Nous avons besoin de produire plus vite, en volume, de massifier encore davantage avec des syst\u00e8mes plus l\u00e9gers et de fa\u00e7on innovante\u00a0\u00bb,<\/em>\u00a0appelle le pr\u00e9sident.\u00a0<em>\u00ab\u00a0Pour les arm\u00e9es fran\u00e7aises, j&rsquo;ai besoin d&rsquo;une industrie de d\u00e9fense qui s&rsquo;adapte davantage, qui ne consid\u00e8re plus que les arm\u00e9es fran\u00e7aise sont des clients captifs. Car nous irons peut \u00eatre chercher des solutions europ\u00e9ennes si elles sont plus rapides et plus efficaces\u00a0\u00bb<\/em>, met en garde le chef de l&rsquo;Etat.<\/p>\n","protected":false},"excerpt":{"rendered":"<p>\u00ab\u00a0Une quinzaine de soldats\u00a0\u00bb fran\u00e7ais, \u00ab\u00a0sp\u00e9cialistes de haute montagne\u00a0\u00bb, des chasseurs alpins, sont d\u00e9j\u00e0 positionn\u00e9s \u00e0 Nuuk, au Groenland, a pr\u00e9cis\u00e9 jeudi Olivier Poivre d&rsquo;Arvor, ambassadeur pour les p\u00f4les et les oc\u00e9ans. Le territoire arctique, sous souverainet\u00e9 danoise, est convoit\u00e9 par le pr\u00e9sident Donald Trump.Emmanuel Macron appelle \u00e0 des&nbsp;\u00ab\u00a0efforts \u00e0 la mesure de notre rude [&hellip;]<\/p>\n","protected":false},"author":2,"featured_media":41678,"comment_status":"open","ping_status":"open","sticky":false,"template":"","format":"standard","meta":{"_jetpack_memberships_contains_paid_content":false,"footnotes":"","jetpack_publicize_message":"","jetpack_publicize_feature_enabled":true,"jetpack_social_post_already_shared":true,"jetpack_social_options":{"image_generator_settings":{"template":"highway","default_image_id":0,"font":"","enabled":false},"version":2},"_wpas_customize_per_network":false},"categories":[405],"tags":[],"class_list":["post-41677","post","type-post","status-publish","format-standard","has-post-thumbnail","hentry","category-actu-france-monde"],"jetpack_publicize_connections":[],"jetpack_featured_media_url":"https:\/\/i0.wp.com\/www.iceagetv.com\/radiosite\/wp-content\/uploads\/2026\/01\/Emmanuel-Macron-annonce-que-les-premiers-soldats-francais.jpg?fit=394%2C307&ssl=1","jetpack_sharing_enabled":true,"_links":{"self":[{"href":"https:\/\/www.iceagetv.com\/radiosite\/wp-json\/wp\/v2\/posts\/41677","targetHints":{"allow":["GET"]}}],"collection":[{"href":"https:\/\/www.iceagetv.com\/radiosite\/wp-json\/wp\/v2\/posts"}],"about":[{"href":"https:\/\/www.iceagetv.com\/radiosite\/wp-json\/wp\/v2\/types\/post"}],"author":[{"embeddable":true,"href":"https:\/\/www.iceagetv.com\/radiosite\/wp-json\/wp\/v2\/users\/2"}],"replies":[{"embeddable":true,"href":"https:\/\/www.iceagetv.com\/radiosite\/wp-json\/wp\/v2\/comments?post=41677"}],"version-history":[{"count":1,"href":"https:\/\/www.iceagetv.com\/radiosite\/wp-json\/wp\/v2\/posts\/41677\/revisions"}],"predecessor-version":[{"id":41679,"href":"https:\/\/www.iceagetv.com\/radiosite\/wp-json\/wp\/v2\/posts\/41677\/revisions\/41679"}],"wp:featuredmedia":[{"embeddable":true,"href":"https:\/\/www.iceagetv.com\/radiosite\/wp-json\/wp\/v2\/media\/41678"}],"wp:attachment":[{"href":"https:\/\/www.iceagetv.com\/radiosite\/wp-json\/wp\/v2\/media?parent=41677"}],"wp:term":[{"taxonomy":"category","embeddable":true,"href":"https:\/\/www.iceagetv.com\/radiosite\/wp-json\/wp\/v2\/categories?post=41677"},{"taxonomy":"post_tag","embeddable":true,"href":"https:\/\/www.iceagetv.com\/radiosite\/wp-json\/wp\/v2\/tags?post=41677"}],"curies":[{"name":"wp","href":"https:\/\/api.w.org\/{rel}","templated":true}]}}