{"id":41682,"date":"2026-01-15T14:25:31","date_gmt":"2026-01-15T13:25:31","guid":{"rendered":"https:\/\/www.iceagetv.com\/radiosite\/?p=41682"},"modified":"2026-01-15T14:25:34","modified_gmt":"2026-01-15T13:25:34","slug":"frontiere-peage-et-onze-ponts-occupes-les-agriculteurs-francais-et-espagnols-organisent-des-blocages-en-aquitaine","status":"publish","type":"post","link":"https:\/\/www.iceagetv.com\/radiosite\/frontiere-peage-et-onze-ponts-occupes-les-agriculteurs-francais-et-espagnols-organisent-des-blocages-en-aquitaine\/","title":{"rendered":"Fronti\u00e8re, p\u00e9age et onze ponts occup\u00e9s : les agriculteurs fran\u00e7ais et espagnols organisent des blocages en Aquitaine"},"content":{"rendered":"\n<p class=\"\"><strong>Des mobilisations d\u2019agriculteurs sont pr\u00e9vues ce jeudi 15 janvier dans les Landes et au Pays basque notamment. Ils ont pr\u00e9vu de bloquer onze ponts dans les Landes et le p\u00e9age de Biriatou dans les Pyr\u00e9n\u00e9es-Atlantiques, \u00e0 la fronti\u00e8re avec l&rsquo;Espagne. Les agriculteurs basques espagnols se sont joints au mouvement.<\/strong>En Aquitaine, ce jeudi 15 janvier, plusieurs villes du sud de l&rsquo;Aquitaine sont concern\u00e9es par les mobilisations agricoles.<\/p>\n\n\n\n<p class=\"\">Au Pays basque, la mobilisation s&rsquo;est concentr\u00e9e \u00e0 la fronti\u00e8re franco-espagnole au p\u00e9age de Biriatou. Ici, c&rsquo;est la Coordination rurale qui appelle les agriculteurs \u00e0 manifester. Un blocage symbolique d&rsquo;une vingtaine de tracteurs est pr\u00e9vu en fin de matin\u00e9e jusqu&rsquo;en d\u00e9but d&rsquo;apr\u00e8s-midi, car les manifestants ont d\u00e9clar\u00e9 ne pas vouloir bloquer la fronti\u00e8re toute la journ\u00e9e.<\/p>\n\n\n\n<p class=\"\">La manifestation, \u00e0 11h30, n&rsquo;avait pas encore v\u00e9ritablement commenc\u00e9 c\u00f4t\u00e9 fran\u00e7ais, d&rsquo;apr\u00e8s notre \u00e9quipe de France 3 Euskal Herri sur place. Seuls trois v\u00e9hicules avaient pu entrer sur l&rsquo;autoroute.De son c\u00f4t\u00e9, la pr\u00e9fecture des Pyr\u00e9n\u00e9es-Atlantiques a pr\u00e9f\u00e9r\u00e9 anticiper cette mobilisation et d&rsquo;\u00e9ventuels blocages de la circulation en fermant l&rsquo;\u00e9changeur 1 de l&rsquo;A63 dans le sens Espagne \/ France,<strong>&nbsp;<\/strong>d\u00e8s 10 heures ce jeudi matin et \u00ab\u00a0<em>jusqu&rsquo;\u00e0 la fin des manifestations\u00a0\u00bb<\/em>. Il est conseill\u00e9 d&rsquo;\u00e9viter le secteur. Une d\u00e9viation est propos\u00e9e vers l&rsquo;\u00e9changeur 2 de Saint-Jean de Luz Sud.<\/p>\n\n\n\n<h2 class=\"wp-block-heading\">Les agriculteurs espagnols en renfort<\/h2>\n\n\n\n<p class=\"\">De l\u2019autre c\u00f4t\u00e9 de la fronti\u00e8re, \u00e9galement, les agriculteurs basques espagnols se mobilisent \u00e0 l&rsquo;appel de trois syndicats :\u00a0ENBA (Euskal Nekazarien Batasuna), EHNE (Euskal Herriko Nekazarien Elkartasuna) et le syndicat des paysans navarrais\u00a0UAGN. Leurs revendications sont similaires \u00e0 celles de leurs homologues fran\u00e7ais, sur le Mercosur comme sur la gestion de l&rsquo;\u00e9pizootie bovine.On comptait ce jeudi matin \u00e0 la fronti\u00e8re, \u00e0 Irun, une trentaine de tracteurs aux couleurs du syndicat agricole local \u00ab\u00a0Semilla y belarra\u00a0\u00bb, qui cr\u00e9ent des ralentissements de la circulation sur une seule voie vers la France. Une manifestation qui se d\u00e9roule dans le calme, sans aucune tension avec les forces de l&rsquo;ordre. La police autonome basque qui encadre et bloque les manifestant et leurs v\u00e9hicules.<\/p>\n\n\n\n<p class=\"\">Six tracteurs seront n\u00e9anmoins autoris\u00e9s \u00e0 passer la fronti\u00e8re en d\u00e9l\u00e9gation vers la manifestation fran\u00e7aise. Ils demandent, eux aussi, une g\u00e9n\u00e9ralisation de la vaccination des troupeaux. Car m\u00eame s&rsquo;ils n&rsquo;ont pas encore de cas au Pays basque espagnol, ils demandent \u00e9galement \u00e0 ce que les b\u00eates vaccin\u00e9es ne soient pas abattues. Quant au Mercosur, les agriculteurs r\u00e9clament de l&rsquo;\u00c9tat espagnol et de l&rsquo;UE qu&rsquo;ils imposent des normes sur les produits import\u00e9s similaires \u00e0 celles appliqu\u00e9es par les agriculteurs europ\u00e9ens (hormones, engrais, pesticides&#8230;).<a href=\"https:\/\/france3-regions.franceinfo.fr\/image\/qKrEJu6LiG53SAzLa4LElSxM6bk\/1600x1200\/regions\/2026\/01\/15\/765df981-40c4-4827-9021-54ab6c4c701d-6968c3dddc09a867320514.jpg\" target=\"_blank\" rel=\"noreferrer noopener\"><\/a>Onze ponts bloqu\u00e9s<\/p>\n\n\n\n<p class=\"\">Dans les Landes, la FDSEA et les Jeunes Agriculteurs pr\u00e9voient une nouvelle strat\u00e9gie ce jeudi 15 janvier. \u00c0 la mi-journ\u00e9e, des ponts seront bloqu\u00e9s dans 11 villes du d\u00e9partement, entre 12h et 14h, et notamment le pont des Droits de l&rsquo;Homme \u00e0 Mont-de-Marsan.<\/p>\n","protected":false},"excerpt":{"rendered":"<p>Des mobilisations d\u2019agriculteurs sont pr\u00e9vues ce jeudi 15 janvier dans les Landes et au Pays basque notamment. Ils ont pr\u00e9vu de bloquer onze ponts dans les Landes et le p\u00e9age de Biriatou dans les Pyr\u00e9n\u00e9es-Atlantiques, \u00e0 la fronti\u00e8re avec l&rsquo;Espagne. Les agriculteurs basques espagnols se sont joints au mouvement.En Aquitaine, ce jeudi 15 janvier, plusieurs [&hellip;]<\/p>\n","protected":false},"author":2,"featured_media":41683,"comment_status":"open","ping_status":"open","sticky":false,"template":"","format":"standard","meta":{"_jetpack_memberships_contains_paid_content":false,"footnotes":"","jetpack_publicize_message":"","jetpack_publicize_feature_enabled":true,"jetpack_social_post_already_shared":true,"jetpack_social_options":{"image_generator_settings":{"template":"highway","default_image_id":0,"font":"","enabled":false},"version":2},"_wpas_customize_per_network":false},"categories":[405],"tags":[],"class_list":["post-41682","post","type-post","status-publish","format-standard","has-post-thumbnail","hentry","category-actu-france-monde"],"jetpack_publicize_connections":[],"jetpack_featured_media_url":"https:\/\/i0.wp.com\/www.iceagetv.com\/radiosite\/wp-content\/uploads\/2026\/01\/2a78fd2e-ff6d-44a8-9313-af6cb668de2f-6968c32ac8b22228185910.jpg?fit=1600%2C1200&ssl=1","jetpack_sharing_enabled":true,"_links":{"self":[{"href":"https:\/\/www.iceagetv.com\/radiosite\/wp-json\/wp\/v2\/posts\/41682","targetHints":{"allow":["GET"]}}],"collection":[{"href":"https:\/\/www.iceagetv.com\/radiosite\/wp-json\/wp\/v2\/posts"}],"about":[{"href":"https:\/\/www.iceagetv.com\/radiosite\/wp-json\/wp\/v2\/types\/post"}],"author":[{"embeddable":true,"href":"https:\/\/www.iceagetv.com\/radiosite\/wp-json\/wp\/v2\/users\/2"}],"replies":[{"embeddable":true,"href":"https:\/\/www.iceagetv.com\/radiosite\/wp-json\/wp\/v2\/comments?post=41682"}],"version-history":[{"count":1,"href":"https:\/\/www.iceagetv.com\/radiosite\/wp-json\/wp\/v2\/posts\/41682\/revisions"}],"predecessor-version":[{"id":41684,"href":"https:\/\/www.iceagetv.com\/radiosite\/wp-json\/wp\/v2\/posts\/41682\/revisions\/41684"}],"wp:featuredmedia":[{"embeddable":true,"href":"https:\/\/www.iceagetv.com\/radiosite\/wp-json\/wp\/v2\/media\/41683"}],"wp:attachment":[{"href":"https:\/\/www.iceagetv.com\/radiosite\/wp-json\/wp\/v2\/media?parent=41682"}],"wp:term":[{"taxonomy":"category","embeddable":true,"href":"https:\/\/www.iceagetv.com\/radiosite\/wp-json\/wp\/v2\/categories?post=41682"},{"taxonomy":"post_tag","embeddable":true,"href":"https:\/\/www.iceagetv.com\/radiosite\/wp-json\/wp\/v2\/tags?post=41682"}],"curies":[{"name":"wp","href":"https:\/\/api.w.org\/{rel}","templated":true}]}}