{"id":41700,"date":"2026-01-16T10:55:36","date_gmt":"2026-01-16T09:55:36","guid":{"rendered":"https:\/\/www.iceagetv.com\/radiosite\/?p=41700"},"modified":"2026-01-16T10:55:39","modified_gmt":"2026-01-16T09:55:39","slug":"le-gouvernement-a-devoile-une-serie-de-propositions-visant-a-renouer-le-dialogue-avec-les-medecins-liberaux-au-terme-dune-greve-de-dix-jours-de-la-profession","status":"publish","type":"post","link":"https:\/\/www.iceagetv.com\/radiosite\/le-gouvernement-a-devoile-une-serie-de-propositions-visant-a-renouer-le-dialogue-avec-les-medecins-liberaux-au-terme-dune-greve-de-dix-jours-de-la-profession\/","title":{"rendered":"Le gouvernement a d\u00e9voil\u00e9 une s\u00e9rie de propositions visant \u00e0 renouer le dialogue avec les m\u00e9decins lib\u00e9raux, au terme d&rsquo;une gr\u00e8ve de dix jours de la profession"},"content":{"rendered":"\n<p class=\"\">Le gouvernement a d\u00e9voil\u00e9 vendredi une s\u00e9rie de propositions visant \u00e0 renouer le dialogue avec les m\u00e9decins lib\u00e9raux, au terme d&rsquo;une gr\u00e8ve de dix jours de la profession, actant notamment l&rsquo;abandon d&rsquo;objectifs obligatoires de r\u00e9duction des prescriptions d\u00e9cid\u00e9s par l&rsquo;Assurance maladie.<\/p>\n\n\n\n<p class=\"\">Dans un communiqu\u00e9, le minist\u00e8re de la Sant\u00e9 pr\u00e9cise ainsi que le gouvernement s&rsquo;engage \u00e0 porter, dans le cadre du d\u00e9bat parlementaire, \u00ab\u00a0un amendement de suppression de la mesure faisant \u00e9voluer la proc\u00e9dure de Mise sous objectifs (MSO) du projet de loi relatif \u00e0 la lutte contre les fraudes sociales et fiscales, actuellement examin\u00e9 par le Parlement\u00a0\u00bb.<\/p>\n\n\n\n<p class=\"\">Cette mesure, contest\u00e9e par les syndicats de m\u00e9decins lib\u00e9raux qui avaient appel\u00e9 \u00e0 une gr\u00e8ve entre le 5 et le 15 janvier, figure dans ce projet de loi que le S\u00e9nat a adopt\u00e9 en d\u00e9cembre, et qui doit maintenant \u00eatre examin\u00e9 par l&rsquo;Assembl\u00e9e.<\/p>\n\n\n\n<p class=\"\">Dans le m\u00eame temps, \u00ab\u00a0une mission d\u2019accompagnement sera lanc\u00e9e pour r\u00e9aliser un diagnostic sur cette proc\u00e9dure et identifier des voies d\u2019am\u00e9lioration, notamment en termes de transparence\u00a0\u00bb, indique le communiqu\u00e9.<\/p>\n\n\n\n<p class=\"\">Il ne s&rsquo;agit pas d&rsquo;un recul mais d'\u00a0\u00bbune \u00e9coute des m\u00e9decins qui consid\u00e8rent, et on peut le comprendre, qu&rsquo;ils se sentent stigmatis\u00e9s quand on met une mesure de telle sorte dans un projet de loi de lutte contre la fraude\u00a0\u00bb, a expliqu\u00e9 la ministre de la Sant\u00e9 St\u00e9phanie Rist sur France inter vendredi matin.<\/p>\n\n\n\n<p class=\"\">Autre annonce du minist\u00e8re de la Sant\u00e9, la \u00ab\u00a0suppression des mesures permettant des baisses unilat\u00e9rales de tarifs\u00a0\u00bb adopt\u00e9es dans la loi de financement de la S\u00e9curit\u00e9 sociale 2026 (articles 77 et 78), \u00ab\u00a0\u00e0 travers le prochain vecteur l\u00e9gislatif qui le permettra\u00a0\u00bb.<\/p>\n\n\n\n<p class=\"\">Ces articles, qui permettent aux autorit\u00e9s sanitaires de fixer de mani\u00e8re unilat\u00e9rale des tarifs m\u00e9dicaux en l&rsquo;absence d&rsquo;accord avec les syndicats repr\u00e9sentatifs, figurent \u00e9galement parmi les principales raisons de la gr\u00e8ve des m\u00e9decins. L&rsquo;article 78 avait \u00e9t\u00e9 adopt\u00e9 sur la base d&rsquo;un amendement parlementaire, et non d&rsquo;une proposition gouvernementale.<\/p>\n\n\n\n<p class=\"\">Le minist\u00e8re de la Sant\u00e9 \u00e9voque \u00e9galement la mise en place effective d&rsquo;un guichet d&rsquo;aide et d&rsquo;information \u00e0 l&rsquo;installation des m\u00e9decins, adopt\u00e9 dans le budget de la S\u00e9cu 2023 mais jamais concr\u00e9tis\u00e9.<\/p>\n\n\n\n<p class=\"\">Avec ces annonces, \u00ab\u00a0mon objectif est de recr\u00e9er une confiance et un travail avec les m\u00e9decins\u00a0\u00bb pour \u00ab\u00a0que nous puissions am\u00e9liorer ce travail commun au b\u00e9n\u00e9fice de nos concitoyens\u00a0\u00bb, a poursuivi St\u00e9phanie Rist, tout en insistant sur le fait qu&rsquo;il n&rsquo;\u00e9tait \u00ab\u00a0pas question de revenir sur la ma\u00eetrise de nos d\u00e9penses\u00a0\u00bb.<\/p>\n","protected":false},"excerpt":{"rendered":"<p>Le gouvernement a d\u00e9voil\u00e9 vendredi une s\u00e9rie de propositions visant \u00e0 renouer le dialogue avec les m\u00e9decins lib\u00e9raux, au terme d&rsquo;une gr\u00e8ve de dix jours de la profession, actant notamment l&rsquo;abandon d&rsquo;objectifs obligatoires de r\u00e9duction des prescriptions d\u00e9cid\u00e9s par l&rsquo;Assurance maladie. Dans un communiqu\u00e9, le minist\u00e8re de la Sant\u00e9 pr\u00e9cise ainsi que le gouvernement s&rsquo;engage [&hellip;]<\/p>\n","protected":false},"author":2,"featured_media":41701,"comment_status":"open","ping_status":"open","sticky":false,"template":"","format":"standard","meta":{"_jetpack_memberships_contains_paid_content":false,"footnotes":"","jetpack_publicize_message":"","jetpack_publicize_feature_enabled":true,"jetpack_social_post_already_shared":true,"jetpack_social_options":{"image_generator_settings":{"template":"highway","default_image_id":0,"font":"","enabled":false},"version":2},"_wpas_customize_per_network":false},"categories":[405],"tags":[],"class_list":["post-41700","post","type-post","status-publish","format-standard","has-post-thumbnail","hentry","category-actu-france-monde"],"jetpack_publicize_connections":[],"jetpack_featured_media_url":"https:\/\/i0.wp.com\/www.iceagetv.com\/radiosite\/wp-content\/uploads\/2026\/01\/UJsESOcv.jpg?fit=679%2C293&ssl=1","jetpack_sharing_enabled":true,"_links":{"self":[{"href":"https:\/\/www.iceagetv.com\/radiosite\/wp-json\/wp\/v2\/posts\/41700","targetHints":{"allow":["GET"]}}],"collection":[{"href":"https:\/\/www.iceagetv.com\/radiosite\/wp-json\/wp\/v2\/posts"}],"about":[{"href":"https:\/\/www.iceagetv.com\/radiosite\/wp-json\/wp\/v2\/types\/post"}],"author":[{"embeddable":true,"href":"https:\/\/www.iceagetv.com\/radiosite\/wp-json\/wp\/v2\/users\/2"}],"replies":[{"embeddable":true,"href":"https:\/\/www.iceagetv.com\/radiosite\/wp-json\/wp\/v2\/comments?post=41700"}],"version-history":[{"count":1,"href":"https:\/\/www.iceagetv.com\/radiosite\/wp-json\/wp\/v2\/posts\/41700\/revisions"}],"predecessor-version":[{"id":41702,"href":"https:\/\/www.iceagetv.com\/radiosite\/wp-json\/wp\/v2\/posts\/41700\/revisions\/41702"}],"wp:featuredmedia":[{"embeddable":true,"href":"https:\/\/www.iceagetv.com\/radiosite\/wp-json\/wp\/v2\/media\/41701"}],"wp:attachment":[{"href":"https:\/\/www.iceagetv.com\/radiosite\/wp-json\/wp\/v2\/media?parent=41700"}],"wp:term":[{"taxonomy":"category","embeddable":true,"href":"https:\/\/www.iceagetv.com\/radiosite\/wp-json\/wp\/v2\/categories?post=41700"},{"taxonomy":"post_tag","embeddable":true,"href":"https:\/\/www.iceagetv.com\/radiosite\/wp-json\/wp\/v2\/tags?post=41700"}],"curies":[{"name":"wp","href":"https:\/\/api.w.org\/{rel}","templated":true}]}}