{"id":41709,"date":"2026-01-16T18:57:26","date_gmt":"2026-01-16T17:57:26","guid":{"rendered":"https:\/\/www.iceagetv.com\/radiosite\/?p=41709"},"modified":"2026-01-16T18:57:29","modified_gmt":"2026-01-16T17:57:29","slug":"sebastien-lecornu-annonce-une-hausse-de-la-prime-dactivite-pour-trois-millions-de-menages","status":"publish","type":"post","link":"https:\/\/www.iceagetv.com\/radiosite\/sebastien-lecornu-annonce-une-hausse-de-la-prime-dactivite-pour-trois-millions-de-menages\/","title":{"rendered":"S\u00e9bastien Lecornu annonce une hausse de la prime d&rsquo;activit\u00e9 pour trois millions de m\u00e9nages"},"content":{"rendered":"\n<p class=\"\">Le Premier ministre prend la parole ce vendredi 16 janvier en fin de journ\u00e9e depuis l&rsquo;h\u00f4tel de Matignon et devrait d\u00e9tailler les contours du \u00ab\u00a0contenu d&rsquo;un accord\u00a0\u00bb pour le budget 2026 de l&rsquo;\u00c9tat. Ordonnance ou 49.3, le texte ne sera \u00e0 coup s\u00fbr pas vot\u00e9 apr\u00e8s la suspension la veille des d\u00e9bats par le gouvernement \u00e0 l&rsquo;Assembl\u00e9e nationale.Le dispositif MaPrimeRenov&rsquo; est maintenu en 2026<\/p>\n\n\n\n<p class=\"\">Le Premier ministre indique que le dispositif MaPrimeRenov&rsquo; va \u00eatre maintenu en 2026.2.000 postes seront cr\u00e9\u00e9s dans l&rsquo;\u00c9ducation nationale<\/p>\n\n\n\n<p class=\"\">S\u00e9bastien Lecornu annonce que \u00ab\u00a0dans l&rsquo;\u00c9ducation nationale, 2.000 postes suppl\u00e9mentaires seront cr\u00e9\u00e9s notamment pour accueillir nos enfants en situation de handicap\u00a0\u00bb.S\u00e9bastien Lecornu annonce une augmentation de 400 millions d&rsquo;euros \u00ab\u00a0des moyens pour les bailleurs sociaux\u00a0\u00bb<\/p>\n\n\n\n<p class=\"\">Face \u00e0 la crise du logement, les moyens pour les bailleurs sociaux vont augmenter de 400 millions d&rsquo;euros, annonce S\u00e9bastien Lecornu.<\/p>\n\n\n\n<h2 class=\"wp-block-heading\">Le bar\u00e8me de l&rsquo;imp\u00f4t sur le revenu n&rsquo;augmentera pas<\/h2>\n\n\n\n<p class=\"\">Il n&rsquo;y aura pas d&rsquo;augmentation de l&rsquo;impot sur le revenu, assure S\u00e9bastien Lecornu.<\/p>\n\n\n\n<p class=\"\">\u00ab\u00a0Le bar\u00e8me de l&rsquo;imp\u00f4t sur le revenu sera revaloris\u00e9 pour que l&rsquo;inflation ne se transforme pas en augmentation masqu\u00e9e de cet imp\u00f4t\u00a0\u00bb, d\u00e9clare-t-il.La prime d&rsquo;activit\u00e9 va augmenter de 50 euros par mois pour trois millions de m\u00e9nages<\/p>\n\n\n\n<p class=\"\">S\u00e9bastien Lecornu annonce que \u00ab\u00a0trois millions de m\u00e9nages qui gagnent le Smic ou un peu plus verront leur prime d\u2019activit\u00e9 augmenter en moyenne de 50 euros par mois\u00a0\u00bb.<\/p>\n\n\n\n<p class=\"\"><a href=\"https:\/\/www.facebook.com\/sharer\/sharer.php?u=https:\/\/www.bfmtv.com%2Fpolitique%2Fgouvernement%2Fdirect-budget-2026-prise-de-parole-de-lecornu-attendue-discours-de-marine-le-pen-a-marseille-suivez-l-actualite-politique_LN-202601160563.html#article_462386\"><\/a><\/p>\n\n\n\n<p class=\"\"><a href=\"https:\/\/x.com\/intent\/tweet?text=EN%20DIRECT%20-%20S%C3%A9bastien%20Lecornu%20annonce%20une%20augmentation%20de%20400%20millions%20d%27euros%20%22des%20moyens%20pour%20les%20bailleurs%20sociaux%22%20&amp;url=https:\/\/www.bfmtv.com%2Fpolitique%2Fgouvernement%2Fdirect-budget-2026-prise-de-parole-de-lecornu-attendue-discours-de-marine-le-pen-a-marseille-suivez-l-actualite-politique_LN-202601160563.html%23article_462386&amp;via=BFMTV\"><\/a><\/p>\n","protected":false},"excerpt":{"rendered":"<p>Le Premier ministre prend la parole ce vendredi 16 janvier en fin de journ\u00e9e depuis l&rsquo;h\u00f4tel de Matignon et devrait d\u00e9tailler les contours du \u00ab\u00a0contenu d&rsquo;un accord\u00a0\u00bb pour le budget 2026 de l&rsquo;\u00c9tat. Ordonnance ou 49.3, le texte ne sera \u00e0 coup s\u00fbr pas vot\u00e9 apr\u00e8s la suspension la veille des d\u00e9bats par le gouvernement [&hellip;]<\/p>\n","protected":false},"author":2,"featured_media":41698,"comment_status":"open","ping_status":"open","sticky":false,"template":"","format":"standard","meta":{"_jetpack_memberships_contains_paid_content":false,"footnotes":"","jetpack_publicize_message":"","jetpack_publicize_feature_enabled":true,"jetpack_social_post_already_shared":true,"jetpack_social_options":{"image_generator_settings":{"template":"highway","default_image_id":0,"font":"","enabled":false},"version":2},"_wpas_customize_per_network":false},"categories":[405],"tags":[],"class_list":["post-41709","post","type-post","status-publish","format-standard","has-post-thumbnail","hentry","category-actu-france-monde"],"jetpack_publicize_connections":[],"jetpack_featured_media_url":"https:\/\/i0.wp.com\/www.iceagetv.com\/radiosite\/wp-content\/uploads\/2026\/01\/7p64so7T.jpg?fit=679%2C293&ssl=1","jetpack_sharing_enabled":true,"_links":{"self":[{"href":"https:\/\/www.iceagetv.com\/radiosite\/wp-json\/wp\/v2\/posts\/41709","targetHints":{"allow":["GET"]}}],"collection":[{"href":"https:\/\/www.iceagetv.com\/radiosite\/wp-json\/wp\/v2\/posts"}],"about":[{"href":"https:\/\/www.iceagetv.com\/radiosite\/wp-json\/wp\/v2\/types\/post"}],"author":[{"embeddable":true,"href":"https:\/\/www.iceagetv.com\/radiosite\/wp-json\/wp\/v2\/users\/2"}],"replies":[{"embeddable":true,"href":"https:\/\/www.iceagetv.com\/radiosite\/wp-json\/wp\/v2\/comments?post=41709"}],"version-history":[{"count":1,"href":"https:\/\/www.iceagetv.com\/radiosite\/wp-json\/wp\/v2\/posts\/41709\/revisions"}],"predecessor-version":[{"id":41710,"href":"https:\/\/www.iceagetv.com\/radiosite\/wp-json\/wp\/v2\/posts\/41709\/revisions\/41710"}],"wp:featuredmedia":[{"embeddable":true,"href":"https:\/\/www.iceagetv.com\/radiosite\/wp-json\/wp\/v2\/media\/41698"}],"wp:attachment":[{"href":"https:\/\/www.iceagetv.com\/radiosite\/wp-json\/wp\/v2\/media?parent=41709"}],"wp:term":[{"taxonomy":"category","embeddable":true,"href":"https:\/\/www.iceagetv.com\/radiosite\/wp-json\/wp\/v2\/categories?post=41709"},{"taxonomy":"post_tag","embeddable":true,"href":"https:\/\/www.iceagetv.com\/radiosite\/wp-json\/wp\/v2\/tags?post=41709"}],"curies":[{"name":"wp","href":"https:\/\/api.w.org\/{rel}","templated":true}]}}