{"id":41717,"date":"2026-01-16T20:21:18","date_gmt":"2026-01-16T19:21:18","guid":{"rendered":"https:\/\/www.iceagetv.com\/radiosite\/?p=41717"},"modified":"2026-01-16T20:21:20","modified_gmt":"2026-01-16T19:21:20","slug":"crise-aux-urgences-du-chu-de-rennes-lars-bretagne-declenche-le-plan-orsan-epiclim-de-quoi-parle-t-on","status":"publish","type":"post","link":"https:\/\/www.iceagetv.com\/radiosite\/crise-aux-urgences-du-chu-de-rennes-lars-bretagne-declenche-le-plan-orsan-epiclim-de-quoi-parle-t-on\/","title":{"rendered":"Crise aux urgences du CHU de Rennes : l&rsquo;ARS Bretagne d\u00e9clenche le plan ORSAN EPICLIM, de quoi parle-t-on\u00a0?"},"content":{"rendered":"\n<p class=\"\">Tous les \u00e9tablissements de sant\u00e9 doivent d\u00e9sormais se coordonner pour tenter de r\u00e9sorber la tension hospitali\u00e8re exceptionnelle affectant la prise en charge des patients.Les soignants font face \u00e0&nbsp;<strong>une tension hospitali\u00e8re \u00ab\u2009majeure\u2009\u00bb<\/strong>&nbsp;et&nbsp;<a href=\"https:\/\/actu.fr\/bretagne\/rennes_35238\/face-a-la-crise-aux-urgences-du-chu-de-rennes-les-soignants-sont-en-detresse-on-fait-de-l-abattage_63697880.html\">manifestaient d\u2019ailleurs leur \u00e9puisement, mercredi 14&nbsp;janvier 2026, devant le CHU de Rennes,<\/a>&nbsp;durement impact\u00e9.<\/p>\n\n\n\n<p class=\"\">Pour r\u00e9pondre \u00e0 cette situation de crise qui touche essentiellement la Haute-Bretagne (\u00e0 savoir les secteurs de Rennes-Vitr\u00e9-Redon-Foug\u00e8res), et en particulier l\u2019h\u00f4pital Pontchaillou, l\u2019ARS Bretagne indique, ce vendredi 16&nbsp;janvier, d\u00e9clencher<strong>&nbsp;le plan ORSAN EPICLIM<\/strong>.<\/p>\n\n\n\n<h2 class=\"wp-block-heading\">\u00ab\u2009Une mobilisation exceptionnelle et coordonn\u00e9e\u2009\u00bb<\/h2>\n\n\n\n<p class=\"\">Le plan ORSAN EPICLIM permet d\u2019<strong>organiser,<\/strong>&nbsp;\u00e0 l\u2019\u00e9chelle de la Haute-Bretagne, la r\u00e9ponse du syst\u00e8me de sant\u00e9 face \u00e0 une situation sanitaire exceptionnelle, comme l\u2019indique&nbsp;<a href=\"https:\/\/sante.gouv.fr\/prevention-en-sante\/securite-sanitaire\/article\/le-dispositif-orsan-cadre-integre-de-preparation-et-de-reponse-du-systeme-de\">le minist\u00e8re de la Sant\u00e9.<\/a><\/p>\n\n\n\n<p class=\"\">Pr\u00e9cis\u00e9ment, selon l\u2019ARS, ce plan garantit \u00ab\u2009la continuit\u00e9, la s\u00e9curit\u00e9 et la qualit\u00e9 des prises en charge en organisant&nbsp;<strong>une mobilisation exceptionnelle et coordonn\u00e9e<\/strong>&nbsp;de l\u2019ensemble des acteurs sanitaires et m\u00e9dico-sociaux du territoire\u2009\u00bb alors que \u00ab\u2009l\u2019activit\u00e9 hospitali\u00e8re ne permet plus de r\u00e9pondre, de mani\u00e8re optimale, aux besoins de prise en charge de la population\u2009\u00bb.<\/p>\n\n\n\n<p class=\"\">Le but, en activant la contribution de chaque \u00e9tablissement et service est de\u00a0<strong>\u00ab\u2009d\u00e9sengorger<\/strong>\u00a0les capacit\u00e9s hospitali\u00e8res\u2009\u00bb,<strong>\u00a0\u00ab\u2009fluidifier les parcours patients\u2009\u00bb\u00a0<\/strong>et\u00a0<strong>\u00ab\u2009s\u00e9curiser<\/strong>\u00a0les prises en charge des publics\u00a0<strong>les plus vuln\u00e9rables\u2009\u00bb.<\/strong>Le dispositif ORSAN<\/p>\n\n\n\n<p class=\"\">Selon le minist\u00e8re de la Sant\u00e9, le plan ORSAN se d\u00e9cline de cinq fa\u00e7ons :<br><br>-le plan ORSAN AMAVI est activ\u00e9 quand les \u00e9tablissements de sant\u00e9 font face \u00e0 grand nombre de bless\u00e9s suite un accident collectif, un attentat ou une catastrophe naturelle ;<br>-le plan ORSAN MEDICO-PSY concerne, quant \u00e0 lui, la prise en charge de nombreuses victimes, bless\u00e9s psychiques ;<br>-le plan ORSAN REB permet de r\u00e9pondre aux diff\u00e9rents types de risques \u00e9pid\u00e9miques et biologiques notamment ceux \u00e0 potentiel pand\u00e9mique ;<br>-le plan ORSAN NRC permet d&rsquo;assurer la prise en charge des victimes irradi\u00e9es, ou potentiellement contamin\u00e9es par des agents ;<br>&#8211; et le Plan ORSAN EPI-CLIM est d\u00e9clench\u00e9 afin d&rsquo;assurer la prise en charge des patients en situation d\u2019\u00e9pid\u00e9mie saisonni\u00e8re et de tensions hospitali\u00e8res, mais \u00e9galement afin d&rsquo;assurer la prise en charge des victimes d\u2019un \u00e9v\u00e9nement de nature climatique ou environnemental (pollution, canicule, grand froid, \u2026)<\/p>\n","protected":false},"excerpt":{"rendered":"<p>Tous les \u00e9tablissements de sant\u00e9 doivent d\u00e9sormais se coordonner pour tenter de r\u00e9sorber la tension hospitali\u00e8re exceptionnelle affectant la prise en charge des patients.Les soignants font face \u00e0&nbsp;une tension hospitali\u00e8re \u00ab\u2009majeure\u2009\u00bb&nbsp;et&nbsp;manifestaient d\u2019ailleurs leur \u00e9puisement, mercredi 14&nbsp;janvier 2026, devant le CHU de Rennes,&nbsp;durement impact\u00e9. Pour r\u00e9pondre \u00e0 cette situation de crise qui touche essentiellement la Haute-Bretagne [&hellip;]<\/p>\n","protected":false},"author":2,"featured_media":41718,"comment_status":"open","ping_status":"open","sticky":false,"template":"","format":"standard","meta":{"_jetpack_memberships_contains_paid_content":false,"footnotes":"","jetpack_publicize_message":"","jetpack_publicize_feature_enabled":true,"jetpack_social_post_already_shared":true,"jetpack_social_options":{"image_generator_settings":{"template":"highway","default_image_id":0,"font":"","enabled":false},"version":2},"_wpas_customize_per_network":false},"categories":[405],"tags":[],"class_list":["post-41717","post","type-post","status-publish","format-standard","has-post-thumbnail","hentry","category-actu-france-monde"],"jetpack_publicize_connections":[],"jetpack_featured_media_url":"https:\/\/i0.wp.com\/www.iceagetv.com\/radiosite\/wp-content\/uploads\/2026\/01\/urgences-chu-rennes-crise-debut-janvier-2026-3-960x640-1.jpeg?fit=960%2C640&ssl=1","jetpack_sharing_enabled":true,"_links":{"self":[{"href":"https:\/\/www.iceagetv.com\/radiosite\/wp-json\/wp\/v2\/posts\/41717","targetHints":{"allow":["GET"]}}],"collection":[{"href":"https:\/\/www.iceagetv.com\/radiosite\/wp-json\/wp\/v2\/posts"}],"about":[{"href":"https:\/\/www.iceagetv.com\/radiosite\/wp-json\/wp\/v2\/types\/post"}],"author":[{"embeddable":true,"href":"https:\/\/www.iceagetv.com\/radiosite\/wp-json\/wp\/v2\/users\/2"}],"replies":[{"embeddable":true,"href":"https:\/\/www.iceagetv.com\/radiosite\/wp-json\/wp\/v2\/comments?post=41717"}],"version-history":[{"count":1,"href":"https:\/\/www.iceagetv.com\/radiosite\/wp-json\/wp\/v2\/posts\/41717\/revisions"}],"predecessor-version":[{"id":41719,"href":"https:\/\/www.iceagetv.com\/radiosite\/wp-json\/wp\/v2\/posts\/41717\/revisions\/41719"}],"wp:featuredmedia":[{"embeddable":true,"href":"https:\/\/www.iceagetv.com\/radiosite\/wp-json\/wp\/v2\/media\/41718"}],"wp:attachment":[{"href":"https:\/\/www.iceagetv.com\/radiosite\/wp-json\/wp\/v2\/media?parent=41717"}],"wp:term":[{"taxonomy":"category","embeddable":true,"href":"https:\/\/www.iceagetv.com\/radiosite\/wp-json\/wp\/v2\/categories?post=41717"},{"taxonomy":"post_tag","embeddable":true,"href":"https:\/\/www.iceagetv.com\/radiosite\/wp-json\/wp\/v2\/tags?post=41717"}],"curies":[{"name":"wp","href":"https:\/\/api.w.org\/{rel}","templated":true}]}}