{"id":41734,"date":"2026-01-17T13:50:44","date_gmt":"2026-01-17T12:50:44","guid":{"rendered":"https:\/\/www.iceagetv.com\/radiosite\/?p=41734"},"modified":"2026-01-17T13:50:46","modified_gmt":"2026-01-17T12:50:46","slug":"menaces-de-donald-trump-sur-le-groenland-plusieurs-milliers-de-manifestants-reunis-a-copenhague","status":"publish","type":"post","link":"https:\/\/www.iceagetv.com\/radiosite\/menaces-de-donald-trump-sur-le-groenland-plusieurs-milliers-de-manifestants-reunis-a-copenhague\/","title":{"rendered":"Menaces de Donald Trump sur le Groenland\u00a0: plusieurs milliers de manifestants r\u00e9unis \u00e0 Copenhague"},"content":{"rendered":"\n<p class=\"\">Des manifestations sont attendues samedi dans d&rsquo;autres villes danoises, mais aussi \u00e0 Nuuk, capitale du Groenland.Elles protestent contre&nbsp;<a href=\"https:\/\/www.franceinfo.fr\/monde\/groenland\/le-groenland-face-aux-convoitises-de-d-trump_7737022.html\">les ambitions territoriales de Donald Trump<\/a>&nbsp;au Groenland. Plusieurs milliers de personnes se sont rassembl\u00e9es \u00e0 Copenhague, capitale du Danemark, samedi 17 janvier, alors que le pr\u00e9sident am\u00e9ricain&nbsp;<a href=\"https:\/\/www.franceinfo.fr\/monde\/otan\/un-changement-majeur-comment-les-menaces-de-donald-trump-sur-le-groenland-mettent-en-peril-l-otan_7743103.html\">ne cesse d&rsquo;afficher son intention de s&#8217;emparer du territoire autonome danois<\/a>. Sous un ciel gris et brumeux, les manifestants, munis de drapeaux groenlandais et danois, formaient une mar\u00e9e rouge et blanche sur la place de l&rsquo;h\u00f4tel de ville. Ils ont scand\u00e9 le nom du Groenland en groenlandais&nbsp;:<em>&nbsp;\u00ab\u00a0Kalaallit Nunaat&nbsp;<\/em><em>!\u00a0\u00bb<\/em><\/p>\n\n\n\n<p class=\"\"><em>\u00ab\u00a0L&rsquo;objectif est d&rsquo;envoyer un message clair et unanime en faveur du respect de la d\u00e9mocratie et des droits humains fondamentaux au Groenland\u00a0\u00bb<\/em>, a expliqu\u00e9 Uagut, l&rsquo;organisation nationale pour les Groenlandais du Danemark, sur son site.Samedi, des manifestations sont attendues dans d&rsquo;autres villes danoises, mais aussi \u00e0 Nuuk, capitale du Groenland. Sur la page Facebook de l&rsquo;\u00e9v\u00e9nement, quelque 900&nbsp;personnes ont affich\u00e9 leur intention d&rsquo;y participer, dans un territoire qui compte environ 57&nbsp;000&nbsp;habitants.<em>&nbsp;\u00ab\u00a0Nous exigeons le respect du droit international et des principes juridiques internationaux. Ce n&rsquo;est pas seulement notre combat, c&rsquo;est un combat qui concerne le monde entier\u00a0\u00bb<\/em>, affirme Avij\u00e2ja Rosing-Olsen, organisatrice du mouvement, cit\u00e9e dans un communiqu\u00e9.<\/p>\n\n\n\n<p class=\"\">Selon le dernier sondage publi\u00e9 en janvier 2025, 85% des Groenlandais&nbsp;<a href=\"https:\/\/www.franceinfo.fr\/monde\/groenland\/reportage-je-prefere-dependre-des-danois-que-des-americains-au-groenland-les-habitants-inquiets-face-aux-menaces-de-trump_7736020.html\">sont oppos\u00e9s \u00e0 leur rattachement aux Etats-Unis<\/a>. Seuls 6% y sont favorables.<\/p>\n","protected":false},"excerpt":{"rendered":"<p>Des manifestations sont attendues samedi dans d&rsquo;autres villes danoises, mais aussi \u00e0 Nuuk, capitale du Groenland.Elles protestent contre&nbsp;les ambitions territoriales de Donald Trump&nbsp;au Groenland. Plusieurs milliers de personnes se sont rassembl\u00e9es \u00e0 Copenhague, capitale du Danemark, samedi 17 janvier, alors que le pr\u00e9sident am\u00e9ricain&nbsp;ne cesse d&rsquo;afficher son intention de s&#8217;emparer du territoire autonome danois. Sous [&hellip;]<\/p>\n","protected":false},"author":2,"featured_media":41735,"comment_status":"open","ping_status":"open","sticky":false,"template":"","format":"standard","meta":{"_jetpack_memberships_contains_paid_content":false,"footnotes":"","jetpack_publicize_message":"","jetpack_publicize_feature_enabled":true,"jetpack_social_post_already_shared":true,"jetpack_social_options":{"image_generator_settings":{"template":"highway","default_image_id":0,"font":"","enabled":false},"version":2},"_wpas_customize_per_network":false},"categories":[405],"tags":[],"class_list":["post-41734","post","type-post","status-publish","format-standard","has-post-thumbnail","hentry","category-actu-france-monde"],"jetpack_publicize_connections":[],"jetpack_featured_media_url":"https:\/\/i0.wp.com\/www.iceagetv.com\/radiosite\/wp-content\/uploads\/2026\/01\/Menaces-de-Donald-Trump-sur-le-Groenland-plusieurs-milliers-de-manifestants-reunis-a-Copenhague.jpg?fit=849%2C466&ssl=1","jetpack_sharing_enabled":true,"_links":{"self":[{"href":"https:\/\/www.iceagetv.com\/radiosite\/wp-json\/wp\/v2\/posts\/41734","targetHints":{"allow":["GET"]}}],"collection":[{"href":"https:\/\/www.iceagetv.com\/radiosite\/wp-json\/wp\/v2\/posts"}],"about":[{"href":"https:\/\/www.iceagetv.com\/radiosite\/wp-json\/wp\/v2\/types\/post"}],"author":[{"embeddable":true,"href":"https:\/\/www.iceagetv.com\/radiosite\/wp-json\/wp\/v2\/users\/2"}],"replies":[{"embeddable":true,"href":"https:\/\/www.iceagetv.com\/radiosite\/wp-json\/wp\/v2\/comments?post=41734"}],"version-history":[{"count":1,"href":"https:\/\/www.iceagetv.com\/radiosite\/wp-json\/wp\/v2\/posts\/41734\/revisions"}],"predecessor-version":[{"id":41736,"href":"https:\/\/www.iceagetv.com\/radiosite\/wp-json\/wp\/v2\/posts\/41734\/revisions\/41736"}],"wp:featuredmedia":[{"embeddable":true,"href":"https:\/\/www.iceagetv.com\/radiosite\/wp-json\/wp\/v2\/media\/41735"}],"wp:attachment":[{"href":"https:\/\/www.iceagetv.com\/radiosite\/wp-json\/wp\/v2\/media?parent=41734"}],"wp:term":[{"taxonomy":"category","embeddable":true,"href":"https:\/\/www.iceagetv.com\/radiosite\/wp-json\/wp\/v2\/categories?post=41734"},{"taxonomy":"post_tag","embeddable":true,"href":"https:\/\/www.iceagetv.com\/radiosite\/wp-json\/wp\/v2\/tags?post=41734"}],"curies":[{"name":"wp","href":"https:\/\/api.w.org\/{rel}","templated":true}]}}