{"id":41760,"date":"2026-01-18T11:15:07","date_gmt":"2026-01-18T10:15:07","guid":{"rendered":"https:\/\/www.iceagetv.com\/radiosite\/?p=41760"},"modified":"2026-01-18T11:15:09","modified_gmt":"2026-01-18T10:15:09","slug":"salon-de-provence-un-eleve-surveillant-a-ete-blesse-a-la-gorge-hier-par-un-detenu-qui-lui-a-porte-un-coup-de-lame-son-pronostic-vital-nest-pas-engage","status":"publish","type":"post","link":"https:\/\/www.iceagetv.com\/radiosite\/salon-de-provence-un-eleve-surveillant-a-ete-blesse-a-la-gorge-hier-par-un-detenu-qui-lui-a-porte-un-coup-de-lame-son-pronostic-vital-nest-pas-engage\/","title":{"rendered":"Salon-de-Provence : Un \u00e9l\u00e8ve surveillant a \u00e9t\u00e9 bless\u00e9 \u00e0 la gorge, hier, par un d\u00e9tenu qui lui a port\u00e9 un coup de lame &#8211; Son pronostic vital n&rsquo;est pas engag\u00e9"},"content":{"rendered":"\n<p class=\"\">Moins de dix jours apr\u00e8s l\u2019agression de trois agents p\u00e9nitentiaires de la prison d\u2019Aix-Lyunes, c\u2019est \u00e0 Salon-de-Provence qu\u2019un \u00e9l\u00e8ve-surveillant a \u00e9t\u00e9 victime d\u2019une agression. En effet, selon le syndicat FO Justice, \u00abun d\u00e9tenu lui a port\u00e9 un coup de lame \u00e0 la gorge\u00bb. Fort heureusement, il s\u2019est en sorti \u00abmiraculeusement\u00bb avec une blessure l\u00e9g\u00e8re et son pronostic vital n\u2019est pas engag\u00e9.<\/p>\n\n\n\n<p class=\"\">D\u2019apr\u00e8s cette m\u00eame source, le d\u00e9tenu \u00e0 l\u2019origine de l\u2019agression \u00abest atteint de troubles psychiatriques\u00bb.<\/p>\n\n\n\n<p class=\"\">\u00abFO Justice esp\u00e8re d\u00e9sormais que notre coll\u00e8gue pourra conna\u00eetre une suite de carri\u00e8re apais\u00e9e, digne et exempte de toute violence. Personne ne devrait d\u00e9buter sa vie professionnelle dans de telles conditions\u00bb, a \u00e9crit le syndicat.<\/p>\n\n\n\n<p class=\"\">Vendredi 9 janvier dernier, trois agents p\u00e9nitentiaires avaient \u00e9t\u00e9 agress\u00e9s au matin par un d\u00e9tenu du centre p\u00e9nitentiaire d\u2019Aix-Luynes.<\/p>\n\n\n\n<p class=\"\">D&rsquo;apr\u00e8s une source p\u00e9nitentiaire \u00e0 CNEWS, le d\u00e9tenu \u00e9tait convoqu\u00e9 \u00e0 un entretien. C&rsquo;est lors de celui-ci qu&rsquo;il s&rsquo;est saisi d&rsquo;une paire de ciseaux avant d&rsquo;agresser le premier grad\u00e9, le touchant \u00e0 la carotide.<\/p>\n\n\n\n<p class=\"\">L&rsquo;agent a \u00e9t\u00e9 gravement bless\u00e9. Puis, l&rsquo;individu s&rsquo;en est pris aux deux autres agents, blessant le premier au niveau de l&rsquo;arcade et le deuxi\u00e8me au niveau du cou et des mains.<\/p>\n\n\n\n<p class=\"\">L&rsquo;administration p\u00e9nitentiaire avait indiqu\u00e9 \u00e0 CNEWS que le d\u00e9tenu, \u00e2g\u00e9 de 23 ans, de nationalit\u00e9 fran\u00e7aise et incarc\u00e9r\u00e9 dans cette prison depuis 2024, est connu pour sa dangerosit\u00e9. Il avait \u00e9t\u00e9 condamn\u00e9 \u00e0 deux reprises en 2025 pour violences et outrages contre des surveillants de deux autres prisons.<\/p>\n\n\n\n<p class=\"\"><\/p>\n","protected":false},"excerpt":{"rendered":"<p>Moins de dix jours apr\u00e8s l\u2019agression de trois agents p\u00e9nitentiaires de la prison d\u2019Aix-Lyunes, c\u2019est \u00e0 Salon-de-Provence qu\u2019un \u00e9l\u00e8ve-surveillant a \u00e9t\u00e9 victime d\u2019une agression. En effet, selon le syndicat FO Justice, \u00abun d\u00e9tenu lui a port\u00e9 un coup de lame \u00e0 la gorge\u00bb. Fort heureusement, il s\u2019est en sorti \u00abmiraculeusement\u00bb avec une blessure l\u00e9g\u00e8re et [&hellip;]<\/p>\n","protected":false},"author":2,"featured_media":41761,"comment_status":"open","ping_status":"open","sticky":false,"template":"","format":"standard","meta":{"_jetpack_memberships_contains_paid_content":false,"footnotes":"","jetpack_publicize_message":"","jetpack_publicize_feature_enabled":true,"jetpack_social_post_already_shared":true,"jetpack_social_options":{"image_generator_settings":{"template":"highway","default_image_id":0,"font":"","enabled":false},"version":2},"_wpas_customize_per_network":false},"categories":[405],"tags":[],"class_list":["post-41760","post","type-post","status-publish","format-standard","has-post-thumbnail","hentry","category-actu-france-monde"],"jetpack_publicize_connections":[],"jetpack_featured_media_url":"https:\/\/i0.wp.com\/www.iceagetv.com\/radiosite\/wp-content\/uploads\/2026\/01\/wfT5jEFF.jpg?fit=679%2C293&ssl=1","jetpack_sharing_enabled":true,"_links":{"self":[{"href":"https:\/\/www.iceagetv.com\/radiosite\/wp-json\/wp\/v2\/posts\/41760","targetHints":{"allow":["GET"]}}],"collection":[{"href":"https:\/\/www.iceagetv.com\/radiosite\/wp-json\/wp\/v2\/posts"}],"about":[{"href":"https:\/\/www.iceagetv.com\/radiosite\/wp-json\/wp\/v2\/types\/post"}],"author":[{"embeddable":true,"href":"https:\/\/www.iceagetv.com\/radiosite\/wp-json\/wp\/v2\/users\/2"}],"replies":[{"embeddable":true,"href":"https:\/\/www.iceagetv.com\/radiosite\/wp-json\/wp\/v2\/comments?post=41760"}],"version-history":[{"count":1,"href":"https:\/\/www.iceagetv.com\/radiosite\/wp-json\/wp\/v2\/posts\/41760\/revisions"}],"predecessor-version":[{"id":41762,"href":"https:\/\/www.iceagetv.com\/radiosite\/wp-json\/wp\/v2\/posts\/41760\/revisions\/41762"}],"wp:featuredmedia":[{"embeddable":true,"href":"https:\/\/www.iceagetv.com\/radiosite\/wp-json\/wp\/v2\/media\/41761"}],"wp:attachment":[{"href":"https:\/\/www.iceagetv.com\/radiosite\/wp-json\/wp\/v2\/media?parent=41760"}],"wp:term":[{"taxonomy":"category","embeddable":true,"href":"https:\/\/www.iceagetv.com\/radiosite\/wp-json\/wp\/v2\/categories?post=41760"},{"taxonomy":"post_tag","embeddable":true,"href":"https:\/\/www.iceagetv.com\/radiosite\/wp-json\/wp\/v2\/tags?post=41760"}],"curies":[{"name":"wp","href":"https:\/\/api.w.org\/{rel}","templated":true}]}}