{"id":41775,"date":"2026-01-18T17:39:31","date_gmt":"2026-01-18T16:39:31","guid":{"rendered":"https:\/\/www.iceagetv.com\/radiosite\/?p=41775"},"modified":"2026-01-18T17:39:33","modified_gmt":"2026-01-18T16:39:33","slug":"assez-des-regles-a-deux-vitesses-en-colere-les-agriculteurs-annoncent-une-nouvelle-action-dans-le-nord","status":"publish","type":"post","link":"https:\/\/www.iceagetv.com\/radiosite\/assez-des-regles-a-deux-vitesses-en-colere-les-agriculteurs-annoncent-une-nouvelle-action-dans-le-nord\/","title":{"rendered":"\u00ab\u00a0Assez des r\u00e8gles \u00e0 deux vitesses\u00a0\u00bb : en col\u00e8re, les agriculteurs annoncent une nouvelle action dans le Nord"},"content":{"rendered":"\n<p class=\"\"><strong>La Coordination Rurale appelle les agriculteurs \u00e0 une nouvelle action, \u00e0 Sailly-les-Cambrai (Nord, ce dimanche 18 janvier en soir\u00e9e. La signature de l&rsquo;accord du Mercosur par Ursula Van der Leyen accentue leurs inqui\u00e9tudes.<\/strong>Une nouvelle action des agriculteurs, via la Coordination Rurale, est annonc\u00e9e ce dimanche 18 janvier \u00e0 Sailly-lez-Cambrai, au niveau de la plate-forme logistique de Lidl.<\/p>\n\n\n\n<p class=\"\"><a href=\"https:\/\/france3-regions.franceinfo.fr\/hauts-de-france\/nord-0\/c-est-la-mort-pour-le-monde-agricole-francais-les-jeunes-agriculteurs-reagissent-face-a-la-signature-du-mercosur-3283616.html\" target=\"_blank\" rel=\"noreferrer noopener\">Inquiets pour l&rsquo;avenir<\/a>, notamment depuis la signature de l&rsquo;accord du Mercosur par Ursula Van der Leyen au Paraguay, ils pr\u00e9viennent, sur une publication Facebook, de leur mobilisation et leur volont\u00e9 de\u00a0<em>\u00ab\u00a0contr\u00f4ler les flux de marchandises\u00a0\u00bb\u00a0<\/em>des camions en identifiant<em>\u00a0\u00ab\u00a0l\u2019origine des produits import\u00e9s\u00a0\u00bb<\/em>.Prot\u00e9ger nos exploitations, notre mod\u00e8le agricole\u00a0\u00bb<\/p>\n\n\n\n<p class=\"\">Le message est clair : la mobilisation des agriculteurs n&rsquo;est pas termin\u00e9e.\u00a0<em>\u00ab\u00a0Assez des r\u00e8gles \u00e0 deux vitesses. Assez des produits import\u00e9s qui ne respectent pas nos exigences\u00a0\u00bb<\/em>, peut-on lire sur leur publication. Un rendez-vous est ainsi donn\u00e9 \u00e0 21 heures. Le but de cette action est de contester la signature de l&rsquo;accord Mercosur, mais aussi de d\u00e9noncer la politique agricole men\u00e9e dans le pays en g\u00e9n\u00e9ral.<a href=\"https:\/\/france3-regions.franceinfo.fr\/image\/32ltpJoiE2f9pD0cGaz6HLMXwhk\/1920x1080\/regions\/2024\/11\/18\/sergio-c48967-00-00-12-08-673af7667ea35688917795.jpg\" target=\"_blank\" rel=\"noreferrer noopener\"><\/a>Cet appel\u00a0<em>\u00ab\u00a0vise \u00e0 prot\u00e9ger nos exploitations, notre mod\u00e8le agricole et l\u2019ind\u00e9pendance alimentaire de la France\u00a0\u00bb<\/em>, exprime encore la Coordination Rurale, avant de pr\u00e9ciser que\u00a0<em>\u00ab\u00a0tous les agriculteurs sont les bienvenus, quel que soit leur syndicat, ainsi que l\u2019ensemble des soutiens du monde rural\u00a0\u00bb<\/em>.\u00a0\u00bbJe me demande comment ce sera dans 10 ans\u00a0\u00bb<\/p>\n\n\n\n<p class=\"\">Samedi, alors que se tenait l&rsquo;Assembl\u00e9e G\u00e9n\u00e9rale annuelle des agriculteurs du Cateau-Cambr\u00e9sis, les discours faisaient part d&rsquo;une inqui\u00e9tude palpable.\u00a0<em>\u00ab\u00a0Je me demande comment ce sera dans 10 ans et s&rsquo;il valait le coup de continuer dans l&rsquo;agricole avec les circonstances actuelles\u00a0\u00bb<\/em>, d\u00e9plorait Jules, un agriculteur de Bazuel.Camille, dont le p\u00e8re, lui aussi fermier, s&rsquo;est suicid\u00e9, avouait se sentir perdue.&nbsp;<em>\u00ab\u00a0Le vote du Mercosur on le vit mal, on n\u2019a pas les m\u00eames normes\u00a0\u00bb<\/em>, disait-elle.<em>&nbsp;\u00ab\u00a0On a trop de r\u00e8gles et on n\u2019arrive pas \u00e0 en vivre\u00a0\u00bb.<\/em><\/p>\n\n\n\n<p class=\"\">Les jeunes agriculteurs continuent ainsi les mobilisations, dans le but de se faire entendre. Pour la premi\u00e8re fois, ils n&rsquo;iront d&rsquo;ailleurs pas au salon de l&rsquo;agriculture pr\u00e9vu normalement du 21 f\u00e9vrier au 1er mars 2026.<\/p>\n","protected":false},"excerpt":{"rendered":"<p>La Coordination Rurale appelle les agriculteurs \u00e0 une nouvelle action, \u00e0 Sailly-les-Cambrai (Nord, ce dimanche 18 janvier en soir\u00e9e. La signature de l&rsquo;accord du Mercosur par Ursula Van der Leyen accentue leurs inqui\u00e9tudes.Une nouvelle action des agriculteurs, via la Coordination Rurale, est annonc\u00e9e ce dimanche 18 janvier \u00e0 Sailly-lez-Cambrai, au niveau de la plate-forme logistique [&hellip;]<\/p>\n","protected":false},"author":2,"featured_media":41776,"comment_status":"open","ping_status":"open","sticky":false,"template":"","format":"standard","meta":{"_jetpack_memberships_contains_paid_content":false,"footnotes":"","jetpack_publicize_message":"","jetpack_publicize_feature_enabled":true,"jetpack_social_post_already_shared":true,"jetpack_social_options":{"image_generator_settings":{"template":"highway","default_image_id":0,"font":"","enabled":false},"version":2},"_wpas_customize_per_network":false},"categories":[17],"tags":[],"class_list":["post-41775","post","type-post","status-publish","format-standard","has-post-thumbnail","hentry","category-actu-regions"],"jetpack_publicize_connections":[],"jetpack_featured_media_url":"https:\/\/i0.wp.com\/www.iceagetv.com\/radiosite\/wp-content\/uploads\/2026\/01\/whatsapp-image-2026-01-05-at-10-37-48-695ba03827eba541713833.jpg?fit=2048%2C1536&ssl=1","jetpack_sharing_enabled":true,"_links":{"self":[{"href":"https:\/\/www.iceagetv.com\/radiosite\/wp-json\/wp\/v2\/posts\/41775","targetHints":{"allow":["GET"]}}],"collection":[{"href":"https:\/\/www.iceagetv.com\/radiosite\/wp-json\/wp\/v2\/posts"}],"about":[{"href":"https:\/\/www.iceagetv.com\/radiosite\/wp-json\/wp\/v2\/types\/post"}],"author":[{"embeddable":true,"href":"https:\/\/www.iceagetv.com\/radiosite\/wp-json\/wp\/v2\/users\/2"}],"replies":[{"embeddable":true,"href":"https:\/\/www.iceagetv.com\/radiosite\/wp-json\/wp\/v2\/comments?post=41775"}],"version-history":[{"count":1,"href":"https:\/\/www.iceagetv.com\/radiosite\/wp-json\/wp\/v2\/posts\/41775\/revisions"}],"predecessor-version":[{"id":41777,"href":"https:\/\/www.iceagetv.com\/radiosite\/wp-json\/wp\/v2\/posts\/41775\/revisions\/41777"}],"wp:featuredmedia":[{"embeddable":true,"href":"https:\/\/www.iceagetv.com\/radiosite\/wp-json\/wp\/v2\/media\/41776"}],"wp:attachment":[{"href":"https:\/\/www.iceagetv.com\/radiosite\/wp-json\/wp\/v2\/media?parent=41775"}],"wp:term":[{"taxonomy":"category","embeddable":true,"href":"https:\/\/www.iceagetv.com\/radiosite\/wp-json\/wp\/v2\/categories?post=41775"},{"taxonomy":"post_tag","embeddable":true,"href":"https:\/\/www.iceagetv.com\/radiosite\/wp-json\/wp\/v2\/tags?post=41775"}],"curies":[{"name":"wp","href":"https:\/\/api.w.org\/{rel}","templated":true}]}}