{"id":41809,"date":"2026-01-19T14:07:08","date_gmt":"2026-01-19T13:07:08","guid":{"rendered":"https:\/\/www.iceagetv.com\/radiosite\/?p=41809"},"modified":"2026-01-19T14:07:10","modified_gmt":"2026-01-19T13:07:10","slug":"le-bilan-nest-pas-definitif-au-moins-39-morts-dans-un-etrange-accident-de-train-en-espagne","status":"publish","type":"post","link":"https:\/\/www.iceagetv.com\/radiosite\/le-bilan-nest-pas-definitif-au-moins-39-morts-dans-un-etrange-accident-de-train-en-espagne\/","title":{"rendered":"Le bilan n&rsquo;est pas d\u00e9finitif\u00a0\u00bb : au moins 39 morts dans un \u00ab\u00a0\u00e9trange\u00a0\u00bb accident de train en Espagne"},"content":{"rendered":"\n<p class=\"\">Dimanche 18 janvier 2026, un accident ferroviaire impliquant deux trains \u00e0 grande vitesse a eu lieu dans le sud de l&rsquo;Espagne, faisant au moins 123 bless\u00e9s.Un terrible&nbsp;<a href=\"https:\/\/actu.fr\/monde\/au-moins-cinq-morts-dans-l-accident-de-deux-trains-dans-le-sud-de-l-espagne_63715373.html\">accident ferroviaire<\/a>&nbsp;impliquant deux trains \u00e0 grande vitesse a fait de nombreuses victimes dans le sud de l\u2019Espagne, selon la Garde civile, apr\u00e8s une collision tr\u00e8s violente qui a projet\u00e9 des wagons hors des rails. Un dernier bilan fait \u00e9tat de&nbsp;<strong>39 morts et 123 bless\u00e9s<\/strong>.<\/p>\n\n\n\n<p class=\"\">La collision entre deux trains \u00e0 grande vitesse dimanche soir en Andalousie, dans le sud du pays, est qualifi\u00e9e d\u2019\u00ab\u2009extr\u00eamement \u00e9trange\u2009\u00bb par les autorit\u00e9s.Cinq bless\u00e9s tr\u00e8s graves<\/p>\n\n\n\n<p class=\"\">Le bilan du drame a grimp\u00e9 en fl\u00e8che au cours de la nuit, s\u2019\u00e9tablissant selon une porte-parole du minist\u00e8re de l\u2019Int\u00e9rieur \u00e0&nbsp;<strong>39 morts<\/strong>&nbsp;lundi matin, contre un pr\u00e9c\u00e9dent bilan de 21 morts \u00e9voqu\u00e9 au cours de la nuit.<\/p>\n\n\n\n<p class=\"\">En outre, la catastrophe a \u00e9galement fait quelque&nbsp;<strong>123 bless\u00e9s, dont cinq dans un \u00e9tat tr\u00e8s grave, et 24 dans un \u00e9tat grave<\/strong>, selon la m\u00eame source. Ils ont \u00e9t\u00e9 \u00e9vacu\u00e9s vers les h\u00f4pitaux de Cordoue et And\u00fajar, avaient pr\u00e9cis\u00e9 les services de secours andalous sur X dans la nuit de dimanche \u00e0 lundi.<\/p>\n\n\n\n<p class=\"\">Les bless\u00e9s ont tous \u00e9t\u00e9 \u00e9vacu\u00e9s de la zone, avait aussi assur\u00e9 dans la nuit lors d\u2019un point presse \u00e0 la gare madril\u00e8ne d\u2019Atocha le ministre des Transports Oscar Puente. Le ministre a soulign\u00e9 sur le r\u00e9seau social X que \u00ab\u2009le choc a \u00e9t\u00e9 terrible\u2009\u00bb.<\/p>\n\n\n\n<p class=\"\">L\u2019unit\u00e9 d\u2019urgence de l\u2019arm\u00e9e (UME) a \u00e9t\u00e9 d\u00e9ploy\u00e9e sur le terrain pour venir en aide aux secours, et un h\u00f4pital de campagne dress\u00e9 non loin de\u00a0<a href=\"https:\/\/actu.fr\/tag\/accident\">l\u2019accident<\/a>.Que s\u2019est-il pass\u00e9\u2009?<\/p>\n\n\n\n<p class=\"\">La collision a eu lieu \u00e0 19 h 45 pr\u00e8s d\u2019Adamuz, \u00e0 pr\u00e8s de 200 km au nord de Malaga, entre un train Iryo (un op\u00e9rateur de transport ferroviaire priv\u00e9) qui a d\u00e9raill\u00e9, alors qu\u2019il reliait Malaga \u00e0 la gare d\u2019Atocha \u00e0 Madrid, et un autre train de la Renfe, la compagnie nationale espagnole.Selon le ministre des transports Oscar Puente, la violence du choc entre les trains, avec des centaines de passagers \u00e0 bord, a \u00e9t\u00e9 telle que\u00a0<strong>\u00ab\u2009les deux premiers wagons du train Renfe ont \u00e9t\u00e9 projet\u00e9s hors des rails\u2009\u00bb<\/strong>.Les images diffus\u00e9es \u00e0 la t\u00e9l\u00e9vision publique montraient les deux trains entour\u00e9s d\u2019une foule de personnes et d\u2019ambulances dans l\u2019obscurit\u00e9 de la nuit, tandis que les services d\u2019urgence s\u2019effor\u00e7aient de venir en aide aux nombreux bless\u00e9s.<\/p>\n\n\n\n<p class=\"\">D\u2019autres images r\u00e9cup\u00e9r\u00e9es par l\u2019AFP laissaient voir deux wagons d\u2019un m\u00eame train, avec des rayures rouges et bleues marines,\u00a0<strong>totalement sortis des rails et inclin\u00e9s<\/strong>\u00a0avec des personnes s\u2019affairant sur le sol terreux \u00e0 c\u00f4t\u00e9 de la voie.Un accident \u00ab\u2009\u00e9trange\u2009\u00bb<\/p>\n\n\n\n<p class=\"\">\u00ab\u2009Je ne peux pas vous dire quelles sont les causes de ce d\u00e9raillement qui a entra\u00een\u00e9 la collision ult\u00e9rieure, car nous ne les connaissons pas pour l\u2019instant\u2009\u00bb, a d\u00e9clar\u00e9 le ministre des Transports durant la nuit, \u00e9voquant&nbsp;<strong>un accident \u00ab\u2009extr\u00eamement \u00e9trange\u2009\u00bb<\/strong>.<\/p>\n\n\n\n<p class=\"\">\u00ab\u2009Comment est-il possible que sur une ligne droite, sur un tron\u00e7on de voie r\u00e9nov\u00e9, avec un train quasiment neuf, un \u00e9v\u00e9nement de cette nature puisse se produire\u2009?\u2009\u00bb, s\u2019est-il interrog\u00e9.<\/p>\n","protected":false},"excerpt":{"rendered":"<p>Dimanche 18 janvier 2026, un accident ferroviaire impliquant deux trains \u00e0 grande vitesse a eu lieu dans le sud de l&rsquo;Espagne, faisant au moins 123 bless\u00e9s.Un terrible&nbsp;accident ferroviaire&nbsp;impliquant deux trains \u00e0 grande vitesse a fait de nombreuses victimes dans le sud de l\u2019Espagne, selon la Garde civile, apr\u00e8s une collision tr\u00e8s violente qui a projet\u00e9 [&hellip;]<\/p>\n","protected":false},"author":2,"featured_media":41810,"comment_status":"open","ping_status":"open","sticky":false,"template":"","format":"standard","meta":{"_jetpack_memberships_contains_paid_content":false,"footnotes":"","jetpack_publicize_message":"","jetpack_publicize_feature_enabled":true,"jetpack_social_post_already_shared":true,"jetpack_social_options":{"image_generator_settings":{"template":"highway","default_image_id":0,"font":"","enabled":false},"version":2},"_wpas_customize_per_network":false},"categories":[405],"tags":[],"class_list":["post-41809","post","type-post","status-publish","format-standard","has-post-thumbnail","hentry","category-actu-france-monde"],"jetpack_publicize_connections":[],"jetpack_featured_media_url":"https:\/\/i0.wp.com\/www.iceagetv.com\/radiosite\/wp-content\/uploads\/2026\/01\/newsmlafp-com-20260118t225156zdoc-936v3t7-960x640-1.jpg?fit=960%2C640&ssl=1","jetpack_sharing_enabled":true,"_links":{"self":[{"href":"https:\/\/www.iceagetv.com\/radiosite\/wp-json\/wp\/v2\/posts\/41809","targetHints":{"allow":["GET"]}}],"collection":[{"href":"https:\/\/www.iceagetv.com\/radiosite\/wp-json\/wp\/v2\/posts"}],"about":[{"href":"https:\/\/www.iceagetv.com\/radiosite\/wp-json\/wp\/v2\/types\/post"}],"author":[{"embeddable":true,"href":"https:\/\/www.iceagetv.com\/radiosite\/wp-json\/wp\/v2\/users\/2"}],"replies":[{"embeddable":true,"href":"https:\/\/www.iceagetv.com\/radiosite\/wp-json\/wp\/v2\/comments?post=41809"}],"version-history":[{"count":1,"href":"https:\/\/www.iceagetv.com\/radiosite\/wp-json\/wp\/v2\/posts\/41809\/revisions"}],"predecessor-version":[{"id":41811,"href":"https:\/\/www.iceagetv.com\/radiosite\/wp-json\/wp\/v2\/posts\/41809\/revisions\/41811"}],"wp:featuredmedia":[{"embeddable":true,"href":"https:\/\/www.iceagetv.com\/radiosite\/wp-json\/wp\/v2\/media\/41810"}],"wp:attachment":[{"href":"https:\/\/www.iceagetv.com\/radiosite\/wp-json\/wp\/v2\/media?parent=41809"}],"wp:term":[{"taxonomy":"category","embeddable":true,"href":"https:\/\/www.iceagetv.com\/radiosite\/wp-json\/wp\/v2\/categories?post=41809"},{"taxonomy":"post_tag","embeddable":true,"href":"https:\/\/www.iceagetv.com\/radiosite\/wp-json\/wp\/v2\/tags?post=41809"}],"curies":[{"name":"wp","href":"https:\/\/api.w.org\/{rel}","templated":true}]}}