{"id":41859,"date":"2026-01-21T08:47:13","date_gmt":"2026-01-21T07:47:13","guid":{"rendered":"https:\/\/www.iceagetv.com\/radiosite\/?p=41859"},"modified":"2026-01-21T08:47:15","modified_gmt":"2026-01-21T07:47:15","slug":"le-geant-laitier-lactalis-accuse-la-centrale-dachat-europeenne-dintermarche-auchan-et-casino-de-retirer-certains-de-ses-produits-des-rayons-pour-obtenir-des-baisses","status":"publish","type":"post","link":"https:\/\/www.iceagetv.com\/radiosite\/le-geant-laitier-lactalis-accuse-la-centrale-dachat-europeenne-dintermarche-auchan-et-casino-de-retirer-certains-de-ses-produits-des-rayons-pour-obtenir-des-baisses\/","title":{"rendered":"Le g\u00e9ant laitier Lactalis accuse la centrale d&rsquo;achat europ\u00e9enne d&rsquo;Intermarch\u00e9, Auchan et Casino de retirer certains de ses produits des rayons pour obtenir des baisses"},"content":{"rendered":"\n<p class=\"\">Le g\u00e9ant laitier Lactalis, connu pour ses camemberts Pr\u00e9sident, sa mozzarella Galbani ou encore le lait Lactel, a accus\u00e9 la centrale d&rsquo;achat europ\u00e9enne d&rsquo;Intermarch\u00e9, Auchan et Casino de retirer certains de ses produits des rayons pour obtenir des baisses de tarifs, selon une lettre consult\u00e9e par l&rsquo;AFP.<\/p>\n\n\n\n<p class=\"\">Ce courrier, dont le contenu a \u00e9t\u00e9 d&rsquo;abord rapport\u00e9 par le m\u00e9dia sp\u00e9cialis\u00e9 Contexte, a \u00e9t\u00e9 envoy\u00e9 lundi par le PDG du groupe, Emmanuel Besnier, \u00e0 la ministre de l&rsquo;Agriculture Annie Genevard peu avant un comit\u00e9 de suivi des n\u00e9gociations commerciales qui opposent chaque d\u00e9but d&rsquo;ann\u00e9e la grande distribution aux industriels pour fixer les prix des produits de grandes marques dans les supermarch\u00e9s.<\/p>\n\n\n\n<p class=\"\">Emmanuel Besnier y accuse la centrale d&rsquo;achat Everest et les services Epic (repr\u00e9sentant les enseignes Intermarch\u00e9, Auchan et Casino) de \u00ab\u00a0n\u00e9gocier hors de France le lait produit, transform\u00e9 et commercialis\u00e9 sur le territoire fran\u00e7ais\u00a0\u00bb.<\/p>\n\n\n\n<p class=\"\">Face au refus de Lactalis de baisser ses prix, il affirme que Gianluigi Ferrari, PDG d&rsquo;Everest, a d\u00e9cid\u00e9 \u00ab\u00a0unilat\u00e9ralement\u00a0\u00bb de d\u00e9r\u00e9f\u00e9rencer certains produits Lactalis dans les magasins Intermarch\u00e9, Auchan et Casino, \u00ab\u00a0faisant peser un risque imm\u00e9diat sur l&rsquo;\u00e9quilibre \u00e9conomique de la fili\u00e8re\u00a0\u00bb.<\/p>\n\n\n\n<p class=\"\">Ces d\u00e9r\u00e9f\u00e9rencements concernent selon lui six pays (France, Allemagne, Espagne, Portugal, Suisse et Pologne) et des produits export\u00e9s depuis la France mais aussi produits localement par Lactalis.<\/p>\n\n\n\n<p class=\"\">Les 70 usines fran\u00e7aises du groupe seront soumises \u00ab\u00a0d\u00e8s cette semaine\u00a0\u00bb \u00e0 des \u00ab\u00a0surplus de stock\u00a0\u00bb, ajoute-t-il.<\/p>\n\n\n\n<p class=\"\">Le cabinet de la ministre de l&rsquo;Agriculture a reconnu apr\u00e8s le comit\u00e9 de suivi lundi que le point de friction des centrales d&rsquo;achat europ\u00e9ennes, qui rassemblent des enseignes de la distribution pour mieux n\u00e9gocier avec les grands industriels internationaux, est revenu plusieurs fois sur la table.<\/p>\n\n\n\n<p class=\"\">Elles sont accus\u00e9es de \u00ab\u00a0contourner\u00a0\u00bb les lois Egalim cens\u00e9es prot\u00e9ger la r\u00e9mun\u00e9ration des agriculteurs.<\/p>\n\n\n\n<p class=\"\">Le cabinet a ajout\u00e9 que la ministre avait rappel\u00e9 lundi que si les produits utilisaient de \u00ab\u00a0la mati\u00e8re premi\u00e8re agricole fran\u00e7aise, transform\u00e9e en France et \u00e0 destination du march\u00e9 fran\u00e7ais\u00a0\u00bb, il n&rsquo;y avait \u00ab\u00a0aucune raison\u00a0\u00bb que les n\u00e9gociations se fassent \u00e0 l&rsquo;\u00e9chelle europ\u00e9enne et pas en France, peu importe la taille de l&rsquo;industriel.<\/p>\n\n\n\n<p class=\"\">Lactalis est l&rsquo;un des dix g\u00e9ants de l&rsquo;industrie agroalimentaire mondiale avec un chiffre d&rsquo;affaires qui a d\u00e9pass\u00e9 les 30 milliards d&rsquo;euros en 2024.<\/p>\n\n\n\n<p class=\"\">Les \u00e9leveurs laitiers s&rsquo;inqui\u00e8tent d\u00e9j\u00e0 d&rsquo;une baisse des prix pay\u00e9s aux producteurs par les industriels fin 2025, dans un contexte de recul mondial face \u00e0 la chute des cours du beurre, qui avaient atteint des records ces derni\u00e8res ann\u00e9es.<\/p>\n","protected":false},"excerpt":{"rendered":"<p>Le g\u00e9ant laitier Lactalis, connu pour ses camemberts Pr\u00e9sident, sa mozzarella Galbani ou encore le lait Lactel, a accus\u00e9 la centrale d&rsquo;achat europ\u00e9enne d&rsquo;Intermarch\u00e9, Auchan et Casino de retirer certains de ses produits des rayons pour obtenir des baisses de tarifs, selon une lettre consult\u00e9e par l&rsquo;AFP. Ce courrier, dont le contenu a \u00e9t\u00e9 d&rsquo;abord [&hellip;]<\/p>\n","protected":false},"author":2,"featured_media":41860,"comment_status":"open","ping_status":"open","sticky":false,"template":"","format":"standard","meta":{"_jetpack_memberships_contains_paid_content":false,"footnotes":"","jetpack_publicize_message":"","jetpack_publicize_feature_enabled":true,"jetpack_social_post_already_shared":true,"jetpack_social_options":{"image_generator_settings":{"template":"highway","default_image_id":0,"font":"","enabled":false},"version":2},"_wpas_customize_per_network":false},"categories":[405],"tags":[],"class_list":["post-41859","post","type-post","status-publish","format-standard","has-post-thumbnail","hentry","category-actu-france-monde"],"jetpack_publicize_connections":[],"jetpack_featured_media_url":"https:\/\/i0.wp.com\/www.iceagetv.com\/radiosite\/wp-content\/uploads\/2026\/01\/Capture-decran-2026-01-21-084620.jpg?fit=755%2C307&ssl=1","jetpack_sharing_enabled":true,"_links":{"self":[{"href":"https:\/\/www.iceagetv.com\/radiosite\/wp-json\/wp\/v2\/posts\/41859","targetHints":{"allow":["GET"]}}],"collection":[{"href":"https:\/\/www.iceagetv.com\/radiosite\/wp-json\/wp\/v2\/posts"}],"about":[{"href":"https:\/\/www.iceagetv.com\/radiosite\/wp-json\/wp\/v2\/types\/post"}],"author":[{"embeddable":true,"href":"https:\/\/www.iceagetv.com\/radiosite\/wp-json\/wp\/v2\/users\/2"}],"replies":[{"embeddable":true,"href":"https:\/\/www.iceagetv.com\/radiosite\/wp-json\/wp\/v2\/comments?post=41859"}],"version-history":[{"count":1,"href":"https:\/\/www.iceagetv.com\/radiosite\/wp-json\/wp\/v2\/posts\/41859\/revisions"}],"predecessor-version":[{"id":41861,"href":"https:\/\/www.iceagetv.com\/radiosite\/wp-json\/wp\/v2\/posts\/41859\/revisions\/41861"}],"wp:featuredmedia":[{"embeddable":true,"href":"https:\/\/www.iceagetv.com\/radiosite\/wp-json\/wp\/v2\/media\/41860"}],"wp:attachment":[{"href":"https:\/\/www.iceagetv.com\/radiosite\/wp-json\/wp\/v2\/media?parent=41859"}],"wp:term":[{"taxonomy":"category","embeddable":true,"href":"https:\/\/www.iceagetv.com\/radiosite\/wp-json\/wp\/v2\/categories?post=41859"},{"taxonomy":"post_tag","embeddable":true,"href":"https:\/\/www.iceagetv.com\/radiosite\/wp-json\/wp\/v2\/tags?post=41859"}],"curies":[{"name":"wp","href":"https:\/\/api.w.org\/{rel}","templated":true}]}}