{"id":41866,"date":"2026-01-21T17:16:39","date_gmt":"2026-01-21T16:16:39","guid":{"rendered":"https:\/\/www.iceagetv.com\/radiosite\/?p=41866"},"modified":"2026-01-21T17:16:40","modified_gmt":"2026-01-21T16:16:40","slug":"groenland-trump-exclut-lusage-de-la-force-mais-exige-des-negociations-immediates","status":"publish","type":"post","link":"https:\/\/www.iceagetv.com\/radiosite\/groenland-trump-exclut-lusage-de-la-force-mais-exige-des-negociations-immediates\/","title":{"rendered":"Groenland : Trump exclut l&rsquo;usage de la force mais exige des n\u00e9gociations imm\u00e9diates"},"content":{"rendered":"\n<p class=\"\"><strong>Donald Trump a exclu pour la premi\u00e8re fois mercredi \u00e0 Davos d&rsquo;utiliser la force pour mettre la main sur le Groenland, mais a exig\u00e9 des \u00ab\u00a0n\u00e9gociations imm\u00e9diates\u00a0\u00bb sur son acquisition par les Etats-Unis, tout en r\u00e9glant ses comptes avec plusieurs dirigeants&#8230;<\/strong>\u00ab\u00a0Les gens pensaient que j&rsquo;utiliserais la force. Je n&rsquo;ai pas besoin d&rsquo;utiliser la force. Je ne veux pas utiliser la force. Je n&rsquo;utiliserai pas la force\u00a0\u00bb, a-t-il d\u00e9clar\u00e9 au sujet du territoire autonome appartenant au Danemark, lors d&rsquo;un discours \u00e0 la tribune du Forum \u00e9conomique mondial r\u00e9uni cette semaine dans la station hupp\u00e9e des Alpes suisses.<\/p>\n\n\n\n<p class=\"\">\u00ab\u00a0Je demande l&rsquo;ouverture de n\u00e9gociations imm\u00e9diates afin de discuter \u00e0 nouveau de l&rsquo;acquisition du Groenland par les \u00c9tats-Unis\u00a0\u00bb, a cependant ajout\u00e9 le pr\u00e9sident am\u00e9ricain, r\u00e9affirmant \u00ab\u00a0qu&rsquo;aucune nation ni groupe de nations n&rsquo;est en position de pouvoir assurer la s\u00e9curit\u00e9 du Groenland en dehors des Etats-Unis\u00a0\u00bb.<\/p>\n\n\n\n<p class=\"\">\u00ab\u00a0Nous sommes une grande puissance, beaucoup plus grande que ce que les gens comprennent. Je pense qu&rsquo;ils l&rsquo;ont d\u00e9couvert il y a deux semaines au Venezuela\u00a0\u00bb, a-t-il relev\u00e9.<\/p>\n\n\n\n<p class=\"\">Ces d\u00e9clarations ont sembl\u00e9 rassurer Wall Street, qui a ouvert en hausse.<\/p>\n\n\n\n<p class=\"\">&#8211; \u00ab\u00a0Morceau de glace\u00a0\u00bb &#8211;<\/p>\n\n\n\n<p class=\"\">\u00ab\u00a0Nous voulons un morceau de glace pour prot\u00e9ger le monde, et ils refusent de nous le donner\u00a0\u00bb, a encore comment\u00e9 Donald Trump. \u00ab\u00a0Ils ont donc le choix,\u00a0\u00bb a-t-il poursuivi. \u00ab\u00a0Ils peuvent dire +oui+, et nous leur en serons tr\u00e8s reconnaissants. Ou ils peuvent dire +non+, et nous nous en souviendrons\u00a0\u00bb, a-t-il poursuivi sur un ton peu am\u00e8ne.<\/p>\n\n\n\n<p class=\"\">L&rsquo;ancien promoteur immobilier, qui depuis son retour au pouvoir il y a un an a compl\u00e8tement boulevers\u00e9 l&rsquo;ordre mondial, a aussi profit\u00e9 de sa tribune \u00e0 Davos pour violemment critiquer plusieurs pays ou dirigeants occidentaux.<\/p>\n\n\n\n<p class=\"\">Au Danemark, qui refuse de lui c\u00e9der ce territoire qu&rsquo;il a confondu plusieurs fois dans son discours avec l&rsquo;Islande, il a reproch\u00e9 de faire preuve d'\u00a0\u00bbingratitude\u00a0\u00bb.<\/p>\n\n\n\n<p class=\"\">Le Canada? Il \u00ab\u00a0existe gr\u00e2ce aux Etats-Unis\u00a0\u00bb et \u00ab\u00a0devrait nous \u00eatre reconnaissant\u00a0\u00bb, a-t-il lanc\u00e9 \u00e0 l&rsquo;intention de son Premier ministre Mark Carney, qui s&rsquo;efforce de r\u00e9duire la d\u00e9pendance de son pays vis-\u00e0-vis de Washington depuis que Donald Trump a appel\u00e9 \u00e0 faire du Canada le 51e Etat am\u00e9ricain et qui a \u00e9t\u00e9 ovationn\u00e9 pour son discours \u00e0 Davos mardi.&nbsp;<\/p>\n\n\n\n<p class=\"\">&#8211; \u00ab\u00a0Dur \u00e0 cuire\u00a0\u00bb &#8211;<\/p>\n\n\n\n<p class=\"\">Donald Trump a aussi ironis\u00e9 sur la prestation du pr\u00e9sident fran\u00e7ais Emmanuel Macron, qui avait mis en garde mardi \u00e0 Davos contre les tentatives am\u00e9ricaines \u00ab\u00a0inacceptables\u00a0\u00bb de \u00ab\u00a0subordonner l&rsquo;Europe\u00a0\u00bb.&nbsp;<\/p>\n\n\n\n<p class=\"\">Je l&rsquo;ai vu jouer le dur \u00e0 cuire\u00a0\u00bb avec \u00ab\u00a0ces belles lunettes de soleil\u00a0\u00bb (port\u00e9es en raison d&rsquo;un probl\u00e8me oculaire NDLR), s&rsquo;est-il moqu\u00e9.<\/p>\n\n\n\n<p class=\"\">Donald Trump, qui affectionne les rassemblements de grosses fortunes et de personnalit\u00e9s influentes, est de retour au Forum de Davos pour la premi\u00e8re fois depuis 2020, pendant son premier mandat.&nbsp;<\/p>\n\n\n\n<p class=\"\">Les \u00e9lites \u00e9conomiques et politiques r\u00e9unies dans les Alpes suisses avaient commenc\u00e9 \u00e0 faire la queue plus de deux heures avant le d\u00e9but du discours, et l&rsquo;affluence \u00e9tait telle qu&rsquo;il a fallu ouvrir quatre salles de retransmission en plus de l&rsquo;auditorium de 1.300 places. M\u00eame comme cela, tous n&rsquo;ont pas pu entrer.<\/p>\n\n\n\n<p class=\"\">Le milliardaire de 79 ans avait rejoint avec un peu de retard la station de sports d&rsquo;hiver hupp\u00e9e, \u00e0 la suite d&rsquo;un probl\u00e8me \u00e0 bord d&rsquo;Air Force One qui l&rsquo;a contraint \u00e0 faire demi-tour et prendre un autre appareil.<\/p>\n\n\n\n<p class=\"\">Selon la Maison Blanche, Donald Trump a pr\u00e9vu environ cinq r\u00e9unions bilat\u00e9rales.&nbsp;<\/p>\n\n\n\n<p class=\"\">Le pr\u00e9sident am\u00e9ricain a notamment annonc\u00e9 une rencontre avec le pr\u00e9sident ukrainien Volodymyr Zelensky, parlant d&rsquo;abord de mercredi. Ce dernier \u00ab\u00a0est actuellement \u00e0 Kiev\u00a0\u00bb, a d\u00e9menti la pr\u00e9sidence ukrainienne. Donald Trump a ensuite \u00e9voqu\u00e9 une rencontre jeudi.<\/p>\n\n\n\n<p class=\"\">Il fera aussi ce jour-l\u00e0 la promotion d&rsquo;une autre initiative diplomatique fracassante: son \u00ab\u00a0Conseil de la paix\u00a0\u00bb, consid\u00e9r\u00e9 par beaucoup comme un rival de l&rsquo;Onu.<\/p>\n","protected":false},"excerpt":{"rendered":"<p>Donald Trump a exclu pour la premi\u00e8re fois mercredi \u00e0 Davos d&rsquo;utiliser la force pour mettre la main sur le Groenland, mais a exig\u00e9 des \u00ab\u00a0n\u00e9gociations imm\u00e9diates\u00a0\u00bb sur son acquisition par les Etats-Unis, tout en r\u00e9glant ses comptes avec plusieurs dirigeants&#8230;\u00ab\u00a0Les gens pensaient que j&rsquo;utiliserais la force. Je n&rsquo;ai pas besoin d&rsquo;utiliser la force. Je [&hellip;]<\/p>\n","protected":false},"author":2,"featured_media":41867,"comment_status":"open","ping_status":"open","sticky":false,"template":"","format":"standard","meta":{"_jetpack_memberships_contains_paid_content":false,"footnotes":"","jetpack_publicize_message":"","jetpack_publicize_feature_enabled":true,"jetpack_social_post_already_shared":true,"jetpack_social_options":{"image_generator_settings":{"template":"highway","default_image_id":0,"font":"","enabled":false},"version":2},"_wpas_customize_per_network":false},"categories":[405],"tags":[],"class_list":["post-41866","post","type-post","status-publish","format-standard","has-post-thumbnail","hentry","category-actu-france-monde"],"jetpack_publicize_connections":[],"jetpack_featured_media_url":"https:\/\/i0.wp.com\/www.iceagetv.com\/radiosite\/wp-content\/uploads\/2026\/01\/Capture-decran-2026-01-21-171528.jpg?fit=973%2C527&ssl=1","jetpack_sharing_enabled":true,"_links":{"self":[{"href":"https:\/\/www.iceagetv.com\/radiosite\/wp-json\/wp\/v2\/posts\/41866","targetHints":{"allow":["GET"]}}],"collection":[{"href":"https:\/\/www.iceagetv.com\/radiosite\/wp-json\/wp\/v2\/posts"}],"about":[{"href":"https:\/\/www.iceagetv.com\/radiosite\/wp-json\/wp\/v2\/types\/post"}],"author":[{"embeddable":true,"href":"https:\/\/www.iceagetv.com\/radiosite\/wp-json\/wp\/v2\/users\/2"}],"replies":[{"embeddable":true,"href":"https:\/\/www.iceagetv.com\/radiosite\/wp-json\/wp\/v2\/comments?post=41866"}],"version-history":[{"count":1,"href":"https:\/\/www.iceagetv.com\/radiosite\/wp-json\/wp\/v2\/posts\/41866\/revisions"}],"predecessor-version":[{"id":41868,"href":"https:\/\/www.iceagetv.com\/radiosite\/wp-json\/wp\/v2\/posts\/41866\/revisions\/41868"}],"wp:featuredmedia":[{"embeddable":true,"href":"https:\/\/www.iceagetv.com\/radiosite\/wp-json\/wp\/v2\/media\/41867"}],"wp:attachment":[{"href":"https:\/\/www.iceagetv.com\/radiosite\/wp-json\/wp\/v2\/media?parent=41866"}],"wp:term":[{"taxonomy":"category","embeddable":true,"href":"https:\/\/www.iceagetv.com\/radiosite\/wp-json\/wp\/v2\/categories?post=41866"},{"taxonomy":"post_tag","embeddable":true,"href":"https:\/\/www.iceagetv.com\/radiosite\/wp-json\/wp\/v2\/tags?post=41866"}],"curies":[{"name":"wp","href":"https:\/\/api.w.org\/{rel}","templated":true}]}}