{"id":41869,"date":"2026-01-21T17:48:45","date_gmt":"2026-01-21T16:48:45","guid":{"rendered":"https:\/\/www.iceagetv.com\/radiosite\/?p=41869"},"modified":"2026-01-21T17:48:47","modified_gmt":"2026-01-21T16:48:47","slug":"mercosur-le-parlement-europeen-saisit-la-cour-de-justice-de-lue-la-france-salue-un-vote-en-coherence-avec-sa-position","status":"publish","type":"post","link":"https:\/\/www.iceagetv.com\/radiosite\/mercosur-le-parlement-europeen-saisit-la-cour-de-justice-de-lue-la-france-salue-un-vote-en-coherence-avec-sa-position\/","title":{"rendered":"Mercosur\u00a0: le Parlement europ\u00e9en saisit la Cour de justice de l\u2019UE, la France salue un vote \u00ab\u00a0en coh\u00e9rence avec sa position\u00a0\u00bb"},"content":{"rendered":"\n<p class=\"\">Les eurod\u00e9put\u00e9s ont donn\u00e9 leur accord avec 334\u00a0voix pour et 324 contre, suscitant des cris de joie de centaines d\u2019agriculteurs r\u00e9unis \u00e0 Strasbourg. La Commission europ\u00e9enne a toutefois la possibilit\u00e9 d\u2019appliquer le trait\u00e9 \u00e0 titre provisoire si elle le souhaite.Le Parlement europ\u00e9en a vot\u00e9, mercredi, en faveur d\u2019une saisine de la Cour de justice de l\u2019Union europ\u00e9enne (UE), afin de v\u00e9rifier la l\u00e9galit\u00e9 de l\u2019accord entre l\u2019UE et le Mercosur. Les eurod\u00e9put\u00e9s ont soutenu ce recours en justice avec 334\u00a0voix pour, 324\u00a0contre et 11\u00a0abstentions.Vous pouvez partager un article en cliquant sur les ic\u00f4nes de partage en haut \u00e0 droite de celui-ci.<br><\/p>\n\n\n\n<p class=\"\">Cette saisine de la cour bloque en th\u00e9orie l\u2019entr\u00e9e en vigueur de cet accord commercial avec l\u2019Am\u00e9rique latine pendant plusieurs mois. Dans l\u2019intervalle, la Commission europ\u00e9enne a toutefois la possibilit\u00e9 d\u2019appliquer le trait\u00e9 \u00e0 titre provisoire si elle le souhaite.<\/p>\n\n\n\n<p class=\"\">Le vote des eurod\u00e9put\u00e9s a \u00e9t\u00e9 accueilli dans la joie par des centaines d\u2019agriculteurs, encore r\u00e9unis devant le Parlement europ\u00e9en au lendemain d\u2019une manifestation de plusieurs milliers d\u2019entre eux. <em>\u00ab&nbsp;On peut \u00eatre fiers <\/em>(\u2026)<em>. On est rinc\u00e9s, \u00e7a fait des mois et des mois, des ann\u00e9es qu\u2019on est sur ce sujet&nbsp;\u00bb<\/em>, a r\u00e9agi Quentin Le&nbsp;Guillous, secr\u00e9taire g\u00e9n\u00e9ral des Jeunes Agriculteurs.<\/p>\n\n\n\n<p class=\"\">La saisine de la cour pourrait retarder d\u2019un an et demi le vote global du Parlement europ\u00e9en sur la ratification de ce trait\u00e9 conclu avec l\u2019Argentine, le Br\u00e9sil, le Paraguay et l\u2019Uruguay. Cet accord doit permettre \u00e0 l\u2019UE d\u2019exporter davantage de voitures, machines, vins et spiritueux vers l\u2019Am\u00e9rique latine, tout en facilitant l\u2019entr\u00e9e en Europe de viande bovine, volaille, sucre, riz, miel et soja sud-am\u00e9ricains.<\/p>\n\n\n\n<h2 class=\"wp-block-heading\">La France salue le vote<\/h2>\n\n\n\n<p class=\"\">Ce vote donne un signal sur les \u00e9quilibres \u00e0 Strasbourg, dans un dossier fortement marqu\u00e9 par les consid\u00e9rations nationales. Les eurod\u00e9put\u00e9s fran\u00e7ais de tous bords sont par exemple oppos\u00e9s \u00e0 ce trait\u00e9 de libre-\u00e9change avec le Mercosur.Le Parlement europ\u00e9en est\u00a0<em>\u00ab\u00a0en coh\u00e9rence avec la position\u00a0\u00bb<\/em>\u00a0de la France<em>,\u00a0<\/em>a pour sa part r\u00e9agi le ministre des affaires \u00e9trang\u00e8res.\u00a0<em>\u00ab\u00a0La France assume de dire non quand il le faut, et souvent l\u2019histoire lui donne raison\u00a0\u00bb<\/em>, a ajout\u00e9 Jean-No\u00ebl Barrot dans un message post\u00e9 sur X.\u00a0<em>\u00ab\u00a0Le combat continue pour prot\u00e9ger notre agriculture et garantir notre souverainet\u00e9 alimentaire\u00a0\u00bb<\/em>, a-t-il ajout\u00e9, alors que les agriculteurs fran\u00e7ais sont fortement mobilis\u00e9s contre cet accord.Le chef du gouvernement, S\u00e9bastien Lecornu, a cit\u00e9 le message de son ministre en ajoutant qu\u2019il s\u2019agissait d\u2019un vote&nbsp;<em>\u00ab&nbsp;important&nbsp;\u00bb<\/em>&nbsp;qui devait \u00ab&nbsp;\u00eatre respect\u00e9.<\/p>\n\n\n\n<p class=\"\">Face \u00e0 la col\u00e8re des agriculteurs en France qui se sont mobilis\u00e9s pendant plusieurs semaines contre ce trait\u00e9 de libre-\u00e9change entre l\u2019UE et des pays latino-am\u00e9ricains du Mercosur, le Premier ministre avait annonc\u00e9 diff\u00e9rentes mesures dont un projet de loi \u00ab&nbsp;d\u2019urgence&nbsp;\u00bb agricole qui sera examin\u00e9 au Parlement&nbsp;<em>\u00ab&nbsp;avant l\u2019\u00e9t\u00e9&nbsp;\u00bb<\/em>.<\/p>\n","protected":false},"excerpt":{"rendered":"<p>Les eurod\u00e9put\u00e9s ont donn\u00e9 leur accord avec 334\u00a0voix pour et 324 contre, suscitant des cris de joie de centaines d\u2019agriculteurs r\u00e9unis \u00e0 Strasbourg. La Commission europ\u00e9enne a toutefois la possibilit\u00e9 d\u2019appliquer le trait\u00e9 \u00e0 titre provisoire si elle le souhaite.Le Parlement europ\u00e9en a vot\u00e9, mercredi, en faveur d\u2019une saisine de la Cour de justice de [&hellip;]<\/p>\n","protected":false},"author":2,"featured_media":41870,"comment_status":"open","ping_status":"open","sticky":false,"template":"","format":"standard","meta":{"_jetpack_memberships_contains_paid_content":false,"footnotes":"","jetpack_publicize_message":"","jetpack_publicize_feature_enabled":true,"jetpack_social_post_already_shared":true,"jetpack_social_options":{"image_generator_settings":{"template":"highway","default_image_id":0,"font":"","enabled":false},"version":2},"_wpas_customize_per_network":false},"categories":[405],"tags":[],"class_list":["post-41869","post","type-post","status-publish","format-standard","has-post-thumbnail","hentry","category-actu-france-monde"],"jetpack_publicize_connections":[],"jetpack_featured_media_url":"https:\/\/i0.wp.com\/www.iceagetv.com\/radiosite\/wp-content\/uploads\/2026\/01\/Capture-decran-2026-01-21-174733.jpg?fit=672%2C412&ssl=1","jetpack_sharing_enabled":true,"_links":{"self":[{"href":"https:\/\/www.iceagetv.com\/radiosite\/wp-json\/wp\/v2\/posts\/41869","targetHints":{"allow":["GET"]}}],"collection":[{"href":"https:\/\/www.iceagetv.com\/radiosite\/wp-json\/wp\/v2\/posts"}],"about":[{"href":"https:\/\/www.iceagetv.com\/radiosite\/wp-json\/wp\/v2\/types\/post"}],"author":[{"embeddable":true,"href":"https:\/\/www.iceagetv.com\/radiosite\/wp-json\/wp\/v2\/users\/2"}],"replies":[{"embeddable":true,"href":"https:\/\/www.iceagetv.com\/radiosite\/wp-json\/wp\/v2\/comments?post=41869"}],"version-history":[{"count":1,"href":"https:\/\/www.iceagetv.com\/radiosite\/wp-json\/wp\/v2\/posts\/41869\/revisions"}],"predecessor-version":[{"id":41871,"href":"https:\/\/www.iceagetv.com\/radiosite\/wp-json\/wp\/v2\/posts\/41869\/revisions\/41871"}],"wp:featuredmedia":[{"embeddable":true,"href":"https:\/\/www.iceagetv.com\/radiosite\/wp-json\/wp\/v2\/media\/41870"}],"wp:attachment":[{"href":"https:\/\/www.iceagetv.com\/radiosite\/wp-json\/wp\/v2\/media?parent=41869"}],"wp:term":[{"taxonomy":"category","embeddable":true,"href":"https:\/\/www.iceagetv.com\/radiosite\/wp-json\/wp\/v2\/categories?post=41869"},{"taxonomy":"post_tag","embeddable":true,"href":"https:\/\/www.iceagetv.com\/radiosite\/wp-json\/wp\/v2\/tags?post=41869"}],"curies":[{"name":"wp","href":"https:\/\/api.w.org\/{rel}","templated":true}]}}