{"id":41872,"date":"2026-01-21T20:37:59","date_gmt":"2026-01-21T19:37:59","guid":{"rendered":"https:\/\/www.iceagetv.com\/radiosite\/?p=41872"},"modified":"2026-01-21T20:38:02","modified_gmt":"2026-01-21T19:38:02","slug":"le-directeur-de-linformation-de-france-television-remercie-et-remplace-par-le-directeur-de-linfo-de-france-inter-philippe-corbe-qui-quitte-son-poste-a-la-radio-apres-seulement-9-mois","status":"publish","type":"post","link":"https:\/\/www.iceagetv.com\/radiosite\/le-directeur-de-linformation-de-france-television-remercie-et-remplace-par-le-directeur-de-linfo-de-france-inter-philippe-corbe-qui-quitte-son-poste-a-la-radio-apres-seulement-9-mois\/","title":{"rendered":"Le directeur de l&rsquo;information de France T\u00e9l\u00e9vision remerci\u00e9 et remplac\u00e9 par le directeur de l&rsquo;info de France Inter Philippe Corb\u00e9, qui quitte son poste \u00e0 la radio apr\u00e8s seulement 9 mois"},"content":{"rendered":"\n<p class=\"\">Philippe Corb\u00e9, directeur de l&rsquo;information de la radio France Inter depuis avril, a \u00e9t\u00e9 nomm\u00e9 \u00e0 cette fonction au sein du groupe public France T\u00e9l\u00e9visions, o\u00f9 il remplace Alexandre Kara, a-t-on appris de source interne, confirmant une information du journal Le Parisien.<\/p>\n\n\n\n<p class=\"\">Avant France Inter, M. Corb\u00e9, 46 ans, avait \u00e9t\u00e9 directeur de la r\u00e9daction de la cha\u00eene d&rsquo;information BFMTV, dont il \u00e9tait pr\u00e9c\u00e9demment chef du service politique. Auparavant, il avait pass\u00e9 plusieurs ann\u00e9es au sein de la radio RTL, notamment comme correspondant aux \u00c9tats-Unis.<\/p>\n\n\n\n<p class=\"\">Sollicit\u00e9s par l&rsquo;AFP, France T\u00e9l\u00e9visions et France Inter n&rsquo;ont pas fait de commentaire. Ces derniers mois, plusieurs bourdes ont eu lieu au sein du secteur de l&rsquo;information de France T\u00e9l\u00e9visions, qui ont valu des critiques au groupe public.<\/p>\n\n\n\n<p class=\"\">Fin janvier 2025, 200 d\u00e9tenus palestiniens lib\u00e9r\u00e9s par Isra\u00ebl avaient \u00e9t\u00e9 qualifi\u00e9s \u00ab\u00a0d&rsquo;otages\u00a0\u00bb dans un titre \u00e0 l&rsquo;\u00e9cran de la cha\u00eene info Franceinfo.<\/p>\n\n\n\n<p class=\"\">En octobre, France T\u00e9l\u00e9visions avait pr\u00e9sent\u00e9 ses excuses pour une fausse affirmation dans les JT de 13h et de 20h de France 2, o\u00f9 il avait \u00e9t\u00e9 dit par erreur que le professeur de lettres Dominique Bernard avait \u00e9t\u00e9 tu\u00e9 en 2023 apr\u00e8s avoir \u00ab\u00a0montr\u00e9 des caricatures de Charlie Hebdo\u00a0\u00bb.<\/p>\n\n\n\n<p class=\"\">Il s&rsquo;agissait d&rsquo;une confusion avec le meurtre du professeur d&rsquo;histoire-g\u00e9ographie Samuel Paty, d\u00e9capit\u00e9 en 2020 par un jeune musulman radicalis\u00e9 pour avoir montr\u00e9 des caricatures de Mahomet en classe.<\/p>\n","protected":false},"excerpt":{"rendered":"<p>Philippe Corb\u00e9, directeur de l&rsquo;information de la radio France Inter depuis avril, a \u00e9t\u00e9 nomm\u00e9 \u00e0 cette fonction au sein du groupe public France T\u00e9l\u00e9visions, o\u00f9 il remplace Alexandre Kara, a-t-on appris de source interne, confirmant une information du journal Le Parisien. Avant France Inter, M. Corb\u00e9, 46 ans, avait \u00e9t\u00e9 directeur de la r\u00e9daction [&hellip;]<\/p>\n","protected":false},"author":2,"featured_media":41873,"comment_status":"open","ping_status":"open","sticky":false,"template":"","format":"standard","meta":{"_jetpack_memberships_contains_paid_content":false,"footnotes":"","jetpack_publicize_message":"","jetpack_publicize_feature_enabled":true,"jetpack_social_post_already_shared":true,"jetpack_social_options":{"image_generator_settings":{"template":"highway","default_image_id":0,"font":"","enabled":false},"version":2},"_wpas_customize_per_network":false},"categories":[68],"tags":[],"class_list":["post-41872","post","type-post","status-publish","format-standard","has-post-thumbnail","hentry","category-actu-culturelle"],"jetpack_publicize_connections":[],"jetpack_featured_media_url":"https:\/\/i0.wp.com\/www.iceagetv.com\/radiosite\/wp-content\/uploads\/2026\/01\/Capture-decran-2026-01-21-203723.jpg?fit=646%2C298&ssl=1","jetpack_sharing_enabled":true,"_links":{"self":[{"href":"https:\/\/www.iceagetv.com\/radiosite\/wp-json\/wp\/v2\/posts\/41872","targetHints":{"allow":["GET"]}}],"collection":[{"href":"https:\/\/www.iceagetv.com\/radiosite\/wp-json\/wp\/v2\/posts"}],"about":[{"href":"https:\/\/www.iceagetv.com\/radiosite\/wp-json\/wp\/v2\/types\/post"}],"author":[{"embeddable":true,"href":"https:\/\/www.iceagetv.com\/radiosite\/wp-json\/wp\/v2\/users\/2"}],"replies":[{"embeddable":true,"href":"https:\/\/www.iceagetv.com\/radiosite\/wp-json\/wp\/v2\/comments?post=41872"}],"version-history":[{"count":1,"href":"https:\/\/www.iceagetv.com\/radiosite\/wp-json\/wp\/v2\/posts\/41872\/revisions"}],"predecessor-version":[{"id":41874,"href":"https:\/\/www.iceagetv.com\/radiosite\/wp-json\/wp\/v2\/posts\/41872\/revisions\/41874"}],"wp:featuredmedia":[{"embeddable":true,"href":"https:\/\/www.iceagetv.com\/radiosite\/wp-json\/wp\/v2\/media\/41873"}],"wp:attachment":[{"href":"https:\/\/www.iceagetv.com\/radiosite\/wp-json\/wp\/v2\/media?parent=41872"}],"wp:term":[{"taxonomy":"category","embeddable":true,"href":"https:\/\/www.iceagetv.com\/radiosite\/wp-json\/wp\/v2\/categories?post=41872"},{"taxonomy":"post_tag","embeddable":true,"href":"https:\/\/www.iceagetv.com\/radiosite\/wp-json\/wp\/v2\/tags?post=41872"}],"curies":[{"name":"wp","href":"https:\/\/api.w.org\/{rel}","templated":true}]}}